{"id":2011,"date":"2013-03-06T17:35:22","date_gmt":"2013-03-06T16:35:22","guid":{"rendered":"http:\/\/sourcesdelagrandeguerre.fr\/WordPress3\/?p=2011"},"modified":"2013-03-06T17:35:22","modified_gmt":"2013-03-06T16:35:22","slug":"le-site-internet-du-centenaire-presente-par-le-directeur-editorial","status":"publish","type":"post","link":"http:\/\/sourcesdelagrandeguerre.fr\/?p=2011","title":{"rendered":"Le site internet du Centenaire pr\u00e9sent\u00e9 par le directeur \u00e9ditorial"},"content":{"rendered":"<p style=\"text-align: justify;\"><a title=\"Site internet de la Mission du Centenaire\" href=\"http:\/\/centenaire.org\/fr\" target=\"_blank\"><img data-attachment-id=\"1961\" data-permalink=\"http:\/\/sourcesdelagrandeguerre.fr\/?attachment_id=1961\" data-orig-file=\"http:\/\/sourcesdelagrandeguerre.fr\/WordPress3\/wp-content\/uploads\/2013\/02\/mission_centenaire.jpg\" data-orig-size=\"600,203\" data-comments-opened=\"1\" data-image-meta=\"{&quot;aperture&quot;:&quot;0&quot;,&quot;credit&quot;:&quot;&quot;,&quot;camera&quot;:&quot;&quot;,&quot;caption&quot;:&quot;&quot;,&quot;created_timestamp&quot;:&quot;0&quot;,&quot;copyright&quot;:&quot;&quot;,&quot;focal_length&quot;:&quot;0&quot;,&quot;iso&quot;:&quot;0&quot;,&quot;shutter_speed&quot;:&quot;0&quot;,&quot;title&quot;:&quot;&quot;}\" data-image-title=\"Mission centenaire 14-18\" data-image-description=\"\" data-image-caption=\"\" data-medium-file=\"http:\/\/sourcesdelagrandeguerre.fr\/WordPress3\/wp-content\/uploads\/2013\/02\/mission_centenaire-300x101.jpg\" data-large-file=\"http:\/\/sourcesdelagrandeguerre.fr\/WordPress3\/wp-content\/uploads\/2013\/02\/mission_centenaire.jpg\" decoding=\"async\" loading=\"lazy\" class=\"aligncenter size-full wp-image-1961\" alt=\"Mission centenaire 14-18\" src=\"http:\/\/sourcesdelagrandeguerre.fr\/WordPress3\/wp-content\/uploads\/2013\/02\/mission_centenaire.jpg\" width=\"526\" height=\"132\" \/><\/a>En f\u00e9vrier, la <strong>Mission du Centenaire<\/strong> a ouvert un site internet, <a title=\"Site internet de la Mission du Centenaire\" href=\"http:\/\/centenaire.org\/fr\" target=\"_blank\">centenaire.org<\/a>, consacr\u00e9 \u00e0 la Grande Guerre hier et aujourd\u2019hui\u00a0: hier\u00a0\u00e0 travers les archives (\u00e9crites, figur\u00e9es ou orales) et aujourd\u2019hui \u00e0 travers le tourisme de m\u00e9moire, les \u00e9v\u00e9nements comm\u00e9moratifs ou scientifiques, les fouilles arch\u00e9ologiques ou les photographies contemporaines par exemple<span style=\"font-family: Georgia; color: #333333;\">.<\/span>\u00a0<\/p>\n<p style=\"text-align: justify;\">C\u2019est un \u00ab\u00a0<strong>portail de ressources num\u00e9riques <\/strong>\u00bb\u00a0: il propose du contenu (sans viser l\u2019exhaustivit\u00e9 mais plut\u00f4t dans le but de faire d\u00e9couvrir des documents ou des th\u00e8mes, de donner envie d\u2019en savoir plus) et se pr\u00e9sente aussi comme une porte d\u2019entr\u00e9e vers d\u2019autres sites internet, notamment vers les institutions patrimoniales d\u00e9tentrices de fonds d&rsquo;archives.<\/p>\n<p style=\"text-align: justify;\">Ce portail p\u00e9dagogique et esth\u00e9tique s&rsquo;adresse \u00e0 la fois au grand public et aux sp\u00e9cialistes.\u00a0Les contenus sont encore limit\u00e9s mais il est appel\u00e9 \u00e0 s&rsquo;enrichir tr\u00e8s vite. Nous avons souhait\u00e9\u00a0en savoir plus sur les objectifs de la Mission :\u00a0<strong>Aur\u00e9lien Bross\u00e9<\/strong>, directeur \u00e9ditorial du site, a bien voulu r\u00e9pondre \u00e0 nos questions et nous a ainsi pr\u00e9sent\u00e9 les perspectives pour les mois \u00e0 venir. Nous l&rsquo;en remercions, ainsi que\u00a0Joseph Zimet, directeur g\u00e9n\u00e9ral de la Mission.<\/p>\n<p style=\"text-align: justify;\"><span style=\"text-decoration: underline;\">1. Comment se fait la qu\u00eate des \u00ab\u00a0tr\u00e9sors d\u2019archives\u00a0\u00bb\u00a0?<\/span><\/p>\n<p style=\"text-align: justify;\">Dans le cadre des actions de la Mission du centenaire de la Premi\u00e8re Guerre mondiale, nous sommes amen\u00e9s \u00e0 rencontrer beaucoup de d\u00e9tenteurs de fonds d\u2019archives li\u00e9s \u00e0 la Grande Guerre. Cela va <strong>de la grande institution patrimoniale et culturelle au collectionneur priv\u00e9<\/strong>. Rappelons \u00e9galement que l\u2019ECPAD et la BnF font partie des membres fondateurs de la Mission du Centenaire. De grandes institutions sont \u00e9galement partenaires de la Mission du Centenaire (la BDIC, l\u2019Historial de la Grande Guerre de P\u00e9ronne, le Mus\u00e9e national de l\u2019\u00e9ducation, le Mus\u00e9e de Meaux\u2026). Depuis la mise en ligne du site, nous sommes \u00e9galement contact\u00e9s par des institutions qui souhaitent avoir \u00ab\u00a0leur\u00a0\u00bb Tr\u00e9sors d\u2019Archives.<\/p>\n<p style=\"text-align: justify;\">Nous ciblons nos demandes en fonction de la sp\u00e9cificit\u00e9 de chaque fonds et nous nous appuyons sur l\u2019expertise des conservateurs de ces institutions. Ils sont les mieux plac\u00e9s pour s\u00e9lectionner et l\u00e9gender les documents.<\/p>\n<p style=\"text-align: justify;\">Notre d\u00e9marche est donc d\u2019exploiter au mieux ce \u00ab\u00a0droit d\u2019acc\u00e8s\u00a0\u00bb pour constituer ces diaporamas d\u2019archives. Il ne s\u2019agit pas de proposer \u00e0 terme un service tel que <i>Gallica <\/i>mais davantage de <strong>s\u2019appuyer sur la diversit\u00e9 des fonds d\u2019archives<\/strong> en offrant \u00e0 voir une s\u00e9lection des documents les plus repr\u00e9sentatifs, les plus originaux sur la Grande Guerre.<\/p>\n<p style=\"text-align: justify;\">Le site <i>centenaire.org<\/i> est par nature <b>\u00e9ph\u00e9m\u00e8re<\/b>, et le Centenaire est l\u2019occasion de <b>sensibiliser le grand public \u00e0 la richesse des archives<\/b> qui sont accessibles pour la plupart gr\u00e2ce aux institutions patrimoniales mais aussi via le r\u00e9seau des Archives d\u00e9partementales.<\/p>\n<p style=\"text-align: justify;\">Nous travaillons donc de concert avec les institutions patrimoniales qui sont le plus souvent ravies de nous fournir cette s\u00e9lection de documents. Beaucoup d\u2019autres Tr\u00e9sors d\u2019Archives seront publi\u00e9s d\u2019ici et pendant le Centenaire.<\/p>\n<p style=\"text-align: justify;\">\u00a0<span style=\"text-decoration: underline;\">2. Quelle articulation avec les sites internet existants<\/span><span style=\"text-decoration: underline;\">\u00a0? <\/span><\/p>\n<p style=\"text-align: justify;\">Sur chaque diaporama, la provenance des documents est clairement identifi\u00e9e et chaque internaute peut poursuivre sa recherche sur le site Internet de l\u2019Institution mise \u00e0 l\u2019honneur.<\/p>\n<p style=\"text-align: justify;\">Nous ne visons pas l\u2019exhaustivit\u00e9 ni le recensement automatique. Notre objectif sera donc de proposer un ou plusieurs diaporamas th\u00e9matiques par projet qui renverra vers le site complet.<\/p>\n<p style=\"text-align: justify;\"><span style=\"text-decoration: underline;\">3. C\u2019est la \u00ab\u00a0premi\u00e8re version\u00a0\u00bb du portail qui a \u00e9t\u00e9 mise en ligne\u00a0: pouvez-vous nous dire quelles seront les \u00e9volutions\u00a0en ce qui concerne les sources\u00a0?<\/span><\/p>\n<p style=\"text-align: justify;\">Nous allons poursuivre les mises en lignes r\u00e9guli\u00e8res. Concernant les archives, les \u00e9volutions seront davantage techniques. Nous allons mettre en place un <strong>moteur de recherche<\/strong> performant et affiner la taxonomie relative aux documents. Il faut que toutes les ressources soient facilement accessibles, m\u00eame quand elles commenceront \u00e0 s\u2019accumuler.<\/p>\n<p style=\"text-align: justify;\">Nous souhaitons \u00e9galement <b>proposer des analyses d\u2019archives<\/b>. Montrer \u00e0 voir la diversit\u00e9 des fonds est passionnant mais d\u00e9cortiquer, d\u00e9construire quelques archives permet de montrer la somme impressionnante d\u2019informations que l\u2019on peut tirer d\u2019un document qui peut sembler anodin.<\/p>\n<p style=\"text-align: justify;\">Pr\u00e9cisons \u00e9galement que la valorisation des archives n\u2019est qu\u2019une partie de <i>centenaire.org<\/i>. Le site propose des informations sur le tourisme de m\u00e9moire, sur le Centenaire en France et \u00e0 l\u2019\u00e9tranger, et contient un espace p\u00e9dagogique et scientifique.<\/p>\n<p style=\"text-align: justify;\">Chacune de ces rubriques fera l\u2019objet d\u2019\u00e9volutions proposant une meilleure organisation des contenus et de nouveaux outils. Parmi ceux-ci, citons un agenda dynamique agr\u00e9geant tous les \u00e9v\u00e9nements culturels du Centenaire, une frise chronologique dynamique, une base de donn\u00e9es participative consacr\u00e9e aux monuments aux morts\u2026 Notre objectif est de proposer un portail de ressources num\u00e9riques digne de ce nom d\u2019ici la fin 2013.<\/p>\n<p style=\"text-align: justify;\"><span style=\"text-decoration: underline;\">4. Une place particuli\u00e8re sera-t-elle accord\u00e9e aux sources allemandes ou aux sources fran\u00e7aises sur l\u2019Allemagne\u00a0? <\/span><\/p>\n<p style=\"text-align: justify;\">Oui. Nous souhaitons mettre en ligne un \u00ab\u00a0<b>album franco-allemand<\/b>\u00a0\u00bb. Nous allons publier r\u00e9guli\u00e8rement d\u00e8s la fin de l\u2019ann\u00e9e 2013 un document d\u2019archive comment\u00e9 par un sp\u00e9cialiste allemand et un sp\u00e9cialiste fran\u00e7ais. Ce \u00ab\u00a0regard crois\u00e9\u00a0\u00bb sera certainement tr\u00e8s int\u00e9ressant. \u00a0Nous travaillons sur ce projet avec la BDIC, la BnF, la BNUS, la Bibliothek f\u00fcr Zeitgeschichte de Stuttgart et la Staatsbibliothek de Berlin. Nous gardons la m\u00eame logique \u00e9ditoriale. Sans viser l\u2019exhaustivit\u00e9, nous publierons des documents s\u00e9lectionn\u00e9s et comment\u00e9s en nous appuyant sur les conservateurs et les sp\u00e9cialistes.<\/p>\n<p style=\"text-align: justify;\"><span style=\"text-decoration: underline;\">5. Pour conclure, pouvez-vous nous dire quelles comp\u00e9tences ont \u00e9t\u00e9 r\u00e9unies au sein de l\u2019\u00e9quipe qui fait vivre ce portail\u00a0?<\/span><\/p>\n<p style=\"text-align: justify;\">Chaque membre de la <b>Mission<\/b><b> du Centenaire<\/b> participe au portail centenaire.org. La rubrique <i>En France<\/i> est anim\u00e9e par notre conseiller \u00e0 l\u2019action territoriale, <i>Dans le Monde<\/i> par notre conseill\u00e8re diplomatique, l\u2019Espace p\u00e9dagogique par notre conseiller \u00e0 l\u2019action p\u00e9dagogique, etc. Trois conseillers de la Mission sont historiens et apportent leur regard d\u2019expert sur les publications. Je suis de mon c\u00f4t\u00e9 aux manettes pour d\u00e9finir la strat\u00e9gie \u00e9ditoriale et les \u00e9volutions du portail tout en veillant \u00e0 son animation quotidienne.<\/p>\n<p style=\"text-align: justify;\">L\u2019Espace scientifique, r\u00e9serv\u00e9 \u00e0 la publication de litt\u00e9rature grise, sera anim\u00e9 par le <b>Conseil<\/b> <b>scientifique <\/b>de la Mission du Centenaire pr\u00e9sid\u00e9 par Antoine Prost. Il comporte six commissions th\u00e9matiques, dont une d\u00e9di\u00e9e \u00e0 la \u00ab\u00a0valorisation et ressources num\u00e9riques\u00a0\u00bb anim\u00e9e par Nicolas Offenstadt. Le conseil scientifique sera donc producteur de contenus.<\/p>\n<p style=\"text-align: justify;\">Nous assurons \u00e9galement une pr\u00e9sence sur les <b>r\u00e9seaux sociaux<\/b> pour toucher diff\u00e9rents publics et offrir des espaces plus collaboratifs. Mon assistante, sp\u00e9cialiste du <i>community management<\/i>, m\u2019\u00e9paule dans l\u2019animation de notre page <i>Facebook<\/i> et de notre fil <i>Twitter<\/i>.<\/p>\n<p>&nbsp;<\/p>\n<div class=\"sharedaddy sd-sharing-enabled\"><div class=\"robots-nocontent sd-block sd-social sd-social-icon sd-sharing\"><h3 class=\"sd-title\">Partager\u00a0:<\/h3><div class=\"sd-content\"><ul><li class=\"share-email\"><a rel=\"nofollow noopener noreferrer\" data-shared=\"\" class=\"share-email sd-button share-icon no-text\" href=\"http:\/\/sourcesdelagrandeguerre.fr\/?p=2011&amp;share=email\" target=\"_blank\" title=\"Cliquez pour envoyer par e-mail \u00e0 un ami\"><span><\/span><span class=\"sharing-screen-reader-text\">Cliquez pour envoyer par e-mail \u00e0 un ami(ouvre dans une nouvelle fen\u00eatre)<\/span><\/a><\/li><li class=\"share-facebook\"><a rel=\"nofollow noopener noreferrer\" data-shared=\"sharing-facebook-2011\" class=\"share-facebook sd-button share-icon no-text\" href=\"http:\/\/sourcesdelagrandeguerre.fr\/?p=2011&amp;share=facebook\" target=\"_blank\" title=\"Cliquez pour partager sur Facebook\"><span><\/span><span class=\"sharing-screen-reader-text\">Cliquez pour partager sur Facebook(ouvre dans une nouvelle fen\u00eatre)<\/span><\/a><\/li><li class=\"share-twitter\"><a rel=\"nofollow noopener noreferrer\" data-shared=\"sharing-twitter-2011\" class=\"share-twitter sd-button share-icon no-text\" href=\"http:\/\/sourcesdelagrandeguerre.fr\/?p=2011&amp;share=twitter\" target=\"_blank\" title=\"Cliquez pour partager sur Twitter\"><span><\/span><span class=\"sharing-screen-reader-text\">Cliquez pour partager sur Twitter(ouvre dans une nouvelle fen\u00eatre)<\/span><\/a><\/li><li class=\"share-linkedin\"><a rel=\"nofollow noopener noreferrer\" data-shared=\"sharing-linkedin-2011\" class=\"share-linkedin sd-button share-icon no-text\" href=\"http:\/\/sourcesdelagrandeguerre.fr\/?p=2011&amp;share=linkedin\" target=\"_blank\" title=\"Cliquez pour partager sur LinkedIn\"><span><\/span><span class=\"sharing-screen-reader-text\">Cliquez pour partager sur LinkedIn(ouvre dans une nouvelle fen\u00eatre)<\/span><\/a><\/li><li class=\"share-print\"><a rel=\"nofollow noopener noreferrer\" data-shared=\"\" class=\"share-print sd-button share-icon no-text\" href=\"http:\/\/sourcesdelagrandeguerre.fr\/?p=2011\" target=\"_blank\" title=\"Cliquer pour imprimer\"><span><\/span><span class=\"sharing-screen-reader-text\">Cliquer pour imprimer(ouvre dans une nouvelle fen\u00eatre)<\/span><\/a><\/li><li class=\"share-end\"><\/li><\/ul><\/div><\/div><\/div>","protected":false},"excerpt":{"rendered":"<p>En f\u00e9vrier, la Mission du Centenaire a ouvert un site internet, centenaire.org, consacr\u00e9 \u00e0 la Grande Guerre hier et aujourd\u2019hui\u00a0: hier\u00a0\u00e0 travers les archives (\u00e9crites, figur\u00e9es ou orales) et aujourd\u2019hui \u00e0 travers le tourisme de m\u00e9moire, les \u00e9v\u00e9nements comm\u00e9moratifs ou scientifiques, les fouilles arch\u00e9ologiques ou les photographies contemporaines par exemple.\u00a0 C\u2019est un \u00ab\u00a0portail de ressources num\u00e9riques \u00bb\u00a0: il propose du contenu (sans viser l\u2019exhaustivit\u00e9 mais plut\u00f4t dans le but de faire d\u00e9couvrir des documents ou des th\u00e8mes, de donner envie d\u2019en savoir plus) et se pr\u00e9sente aussi comme une porte d\u2019entr\u00e9e vers d\u2019autres sites internet, notamment vers les institutions patrimoniales d\u00e9tentrices de fonds d&rsquo;archives. Ce portail p\u00e9dagogique et esth\u00e9tique s&rsquo;adresse \u00e0 la fois au grand public et aux sp\u00e9cialistes.\u00a0Les contenus sont encore limit\u00e9s mais il est appel\u00e9 \u00e0 s&rsquo;enrichir tr\u00e8s vite. Nous avons souhait\u00e9\u00a0en savoir plus sur les objectifs de la Mission :\u00a0Aur\u00e9lien Bross\u00e9, directeur \u00e9ditorial du site, a bien voulu r\u00e9pondre \u00e0 nos questions et nous a ainsi pr\u00e9sent\u00e9 les perspectives pour les mois \u00e0 venir. Nous l&rsquo;en remercions, ainsi que\u00a0Joseph Zimet, directeur g\u00e9n\u00e9ral de la Mission. 1. Comment se fait la qu\u00eate des \u00ab\u00a0tr\u00e9sors d\u2019archives\u00a0\u00bb\u00a0? Dans le cadre des actions de la Mission du centenaire de la Premi\u00e8re&#8230;<\/p>\n<div class=\"sharedaddy sd-sharing-enabled\"><div class=\"robots-nocontent sd-block sd-social sd-social-icon sd-sharing\"><h3 class=\"sd-title\">Partager\u00a0:<\/h3><div class=\"sd-content\"><ul><li class=\"share-email\"><a rel=\"nofollow noopener noreferrer\" data-shared=\"\" class=\"share-email sd-button share-icon no-text\" href=\"http:\/\/sourcesdelagrandeguerre.fr\/?p=2011&amp;share=email\" target=\"_blank\" title=\"Cliquez pour envoyer par e-mail \u00e0 un ami\"><span><\/span><span class=\"sharing-screen-reader-text\">Cliquez pour envoyer par e-mail \u00e0 un ami(ouvre dans une nouvelle fen\u00eatre)<\/span><\/a><\/li><li class=\"share-facebook\"><a rel=\"nofollow noopener noreferrer\" data-shared=\"sharing-facebook-2011\" class=\"share-facebook sd-button share-icon no-text\" href=\"http:\/\/sourcesdelagrandeguerre.fr\/?p=2011&amp;share=facebook\" target=\"_blank\" title=\"Cliquez pour partager sur Facebook\"><span><\/span><span class=\"sharing-screen-reader-text\">Cliquez pour partager sur Facebook(ouvre dans une nouvelle fen\u00eatre)<\/span><\/a><\/li><li class=\"share-twitter\"><a rel=\"nofollow noopener noreferrer\" data-shared=\"sharing-twitter-2011\" class=\"share-twitter sd-button share-icon no-text\" href=\"http:\/\/sourcesdelagrandeguerre.fr\/?p=2011&amp;share=twitter\" target=\"_blank\" title=\"Cliquez pour partager sur Twitter\"><span><\/span><span class=\"sharing-screen-reader-text\">Cliquez pour partager sur Twitter(ouvre dans une nouvelle fen\u00eatre)<\/span><\/a><\/li><li class=\"share-linkedin\"><a rel=\"nofollow noopener noreferrer\" data-shared=\"sharing-linkedin-2011\" class=\"share-linkedin sd-button share-icon no-text\" href=\"http:\/\/sourcesdelagrandeguerre.fr\/?p=2011&amp;share=linkedin\" target=\"_blank\" title=\"Cliquez pour partager sur LinkedIn\"><span><\/span><span class=\"sharing-screen-reader-text\">Cliquez pour partager sur LinkedIn(ouvre dans une nouvelle fen\u00eatre)<\/span><\/a><\/li><li class=\"share-print\"><a rel=\"nofollow noopener noreferrer\" data-shared=\"\" class=\"share-print sd-button share-icon no-text\" href=\"http:\/\/sourcesdelagrandeguerre.fr\/?p=2011\" target=\"_blank\" title=\"Cliquer pour imprimer\"><span><\/span><span class=\"sharing-screen-reader-text\">Cliquer pour imprimer(ouvre dans une nouvelle fen\u00eatre)<\/span><\/a><\/li><li class=\"share-end\"><\/li><\/ul><\/div><\/div><\/div>","protected":false},"author":2,"featured_media":0,"comment_status":"open","ping_status":"open","sticky":false,"template":"","format":"standard","meta":{"spay_email":"","jetpack_publicize_message":"","jetpack_is_tweetstorm":false,"jetpack_publicize_feature_enabled":true},"categories":[40,4,18,35,13,24,114],"tags":[154,156,155],"jetpack_featured_media_url":"","jetpack_publicize_connections":[],"jetpack_shortlink":"https:\/\/wp.me\/p2bYSy-wr","jetpack_sharing_enabled":true,"_links":{"self":[{"href":"http:\/\/sourcesdelagrandeguerre.fr\/index.php?rest_route=\/wp\/v2\/posts\/2011"}],"collection":[{"href":"http:\/\/sourcesdelagrandeguerre.fr\/index.php?rest_route=\/wp\/v2\/posts"}],"about":[{"href":"http:\/\/sourcesdelagrandeguerre.fr\/index.php?rest_route=\/wp\/v2\/types\/post"}],"author":[{"embeddable":true,"href":"http:\/\/sourcesdelagrandeguerre.fr\/index.php?rest_route=\/wp\/v2\/users\/2"}],"replies":[{"embeddable":true,"href":"http:\/\/sourcesdelagrandeguerre.fr\/index.php?rest_route=%2Fwp%2Fv2%2Fcomments&post=2011"}],"version-history":[{"count":20,"href":"http:\/\/sourcesdelagrandeguerre.fr\/index.php?rest_route=\/wp\/v2\/posts\/2011\/revisions"}],"predecessor-version":[{"id":2031,"href":"http:\/\/sourcesdelagrandeguerre.fr\/index.php?rest_route=\/wp\/v2\/posts\/2011\/revisions\/2031"}],"wp:attachment":[{"href":"http:\/\/sourcesdelagrandeguerre.fr\/index.php?rest_route=%2Fwp%2Fv2%2Fmedia&parent=2011"}],"wp:term":[{"taxonomy":"category","embeddable":true,"href":"http:\/\/sourcesdelagrandeguerre.fr\/index.php?rest_route=%2Fwp%2Fv2%2Fcategories&post=2011"},{"taxonomy":"post_tag","embeddable":true,"href":"http:\/\/sourcesdelagrandeguerre.fr\/index.php?rest_route=%2Fwp%2Fv2%2Ftags&post=2011"}],"curies":[{"name":"wp","href":"https:\/\/api.w.org\/{rel}","templated":true}]}}