{"id":2845,"date":"2013-11-03T16:37:01","date_gmt":"2013-11-03T15:37:01","guid":{"rendered":"http:\/\/sourcesdelagrandeguerre.fr\/WordPress3\/?p=2845"},"modified":"2013-11-03T16:40:08","modified_gmt":"2013-11-03T15:40:08","slug":"un-colloque-sur-les-sources-de-la-grande-guerre-dans-les-pays-de-savoie","status":"publish","type":"post","link":"http:\/\/sourcesdelagrandeguerre.fr\/?p=2845","title":{"rendered":"Les Pays de Savoie et la Grande Guerre : un colloque sur les sources"},"content":{"rendered":"<p style=\"text-align: justify;\"><a href=\"http:\/\/archives.cg74.fr\/?id=904\" target=\"_blank\"><img data-attachment-id=\"2848\" data-permalink=\"http:\/\/sourcesdelagrandeguerre.fr\/?attachment_id=2848\" data-orig-file=\"http:\/\/sourcesdelagrandeguerre.fr\/WordPress3\/wp-content\/uploads\/2013\/11\/Archives74-sources_grande_guerre-2-1.jpg\" data-orig-size=\"1746,2467\" data-comments-opened=\"1\" data-image-meta=\"{&quot;aperture&quot;:&quot;0&quot;,&quot;credit&quot;:&quot;&quot;,&quot;camera&quot;:&quot;&quot;,&quot;caption&quot;:&quot;&quot;,&quot;created_timestamp&quot;:&quot;0&quot;,&quot;copyright&quot;:&quot;&quot;,&quot;focal_length&quot;:&quot;0&quot;,&quot;iso&quot;:&quot;0&quot;,&quot;shutter_speed&quot;:&quot;0&quot;,&quot;title&quot;:&quot;&quot;}\" data-image-title=\"Les Pays de Savoie et la Grande Guerre\" data-image-description=\"\" data-image-caption=\"\" data-medium-file=\"http:\/\/sourcesdelagrandeguerre.fr\/WordPress3\/wp-content\/uploads\/2013\/11\/Archives74-sources_grande_guerre-2-1-212x300.jpg\" data-large-file=\"http:\/\/sourcesdelagrandeguerre.fr\/WordPress3\/wp-content\/uploads\/2013\/11\/Archives74-sources_grande_guerre-2-1-724x1024.jpg\" decoding=\"async\" loading=\"lazy\" class=\"size-large wp-image-2848 aligncenter\" alt=\"Les Pays de Savoie et la Grande Guerre\" src=\"http:\/\/sourcesdelagrandeguerre.fr\/WordPress3\/wp-content\/uploads\/2013\/11\/Archives74-sources_grande_guerre-2-1-724x1024.jpg\" width=\"278\" height=\"395\" \/><\/a>Vendredi 29 novembre, les <strong>Archives d\u00e9partementales de la Haute-Savoie<\/strong> accueilleront un colloque tr\u00e8s int\u00e9ressant intitul\u00e9 \u00ab\u00a0<em><strong>Les pays de Savoie<\/strong> et la Grande Guerre : quelles sources ?<\/em>\u00ab\u00a0. Cette journ\u00e9e est organis\u00e9e conjointement par les Archives d\u00e9partementales de <a href=\"http:\/\/archives.cg74.fr\/\" target=\"_blank\">Haute-Savoie<\/a>, de <a href=\"http:\/\/www.savoie-archives.fr\/\" target=\"_blank\">Savoie<\/a> et le <a href=\"http:\/\/www.lls.univ-savoie.fr\/\" target=\"_blank\">laboratoire Langages, Litt\u00e9ratures, Soci\u00e9t\u00e9s (LLS) de l&rsquo;universit\u00e9 de Savoie<\/a>. L&rsquo;objectif de cette journ\u00e9e est double : s&rsquo;int\u00e9resser aux archives disponibles pour \u00ab\u00a0<em>comprendre et \u00e9tudier les r\u00e9percussions de la Grande Guerre sur les pays de Savoie<\/em>\u00a0\u00bb et mieux conna\u00eetre les \u00e9v\u00e9nements qui seront comm\u00e9mor\u00e9s \u00e0 l&rsquo;occasion du centenaire.<\/p>\n<p style=\"text-align: justify;\">Des professionnels des archives \u00e9voqueront les sources archivistiques en Pays de Savoie, les sources archivistiques nationales (Archives nationales, de la D\u00e9fense, des Affaires \u00e9trang\u00e8res, de l\u2019\u00c9conomie et des Finances et de la SNCF) et internationales (italiennes et suisses). Patrice Marcilloux, professeur d&rsquo;archivistique \u00e0 l&rsquo;universit\u00e9 d&rsquo;Angers, prononcera la conf\u00e9rence inaugurale : \u00ab\u00a0<em>Usages et logiques d&rsquo;usages des archives de la Grande Guerre : de la preuve \u00e0 l&rsquo;individu en passant par la Grande Guerre<\/em>\u00ab\u00a0. La journ\u00e9e sera cl\u00f4tur\u00e9e par Georges-Henri Soutou, de l&rsquo;Institut de France.<\/p>\n<p style=\"text-align: justify;\">A la veille de la comm\u00e9moration du Centenaire et alors que les journ\u00e9es d&rsquo;\u00e9tude, les colloques et les publications sur la Grande Guerre se multiplient, cette manifestation rappelle l&rsquo;importance des sources dans la construction et la diffusion de l&rsquo;histoire de la Grande Guerre.<\/p>\n<div class=\"sharedaddy sd-sharing-enabled\"><div class=\"robots-nocontent sd-block sd-social sd-social-icon sd-sharing\"><h3 class=\"sd-title\">Partager\u00a0:<\/h3><div class=\"sd-content\"><ul><li class=\"share-email\"><a rel=\"nofollow noopener noreferrer\" data-shared=\"\" class=\"share-email sd-button share-icon no-text\" href=\"http:\/\/sourcesdelagrandeguerre.fr\/?p=2845&amp;share=email\" target=\"_blank\" title=\"Cliquez pour envoyer par e-mail \u00e0 un ami\"><span><\/span><span class=\"sharing-screen-reader-text\">Cliquez pour envoyer par e-mail \u00e0 un ami(ouvre dans une nouvelle fen\u00eatre)<\/span><\/a><\/li><li class=\"share-facebook\"><a rel=\"nofollow noopener noreferrer\" data-shared=\"sharing-facebook-2845\" class=\"share-facebook sd-button share-icon no-text\" href=\"http:\/\/sourcesdelagrandeguerre.fr\/?p=2845&amp;share=facebook\" target=\"_blank\" title=\"Cliquez pour partager sur Facebook\"><span><\/span><span class=\"sharing-screen-reader-text\">Cliquez pour partager sur Facebook(ouvre dans une nouvelle fen\u00eatre)<\/span><\/a><\/li><li class=\"share-twitter\"><a rel=\"nofollow noopener noreferrer\" data-shared=\"sharing-twitter-2845\" class=\"share-twitter sd-button share-icon no-text\" href=\"http:\/\/sourcesdelagrandeguerre.fr\/?p=2845&amp;share=twitter\" target=\"_blank\" title=\"Cliquez pour partager sur Twitter\"><span><\/span><span class=\"sharing-screen-reader-text\">Cliquez pour partager sur Twitter(ouvre dans une nouvelle fen\u00eatre)<\/span><\/a><\/li><li class=\"share-linkedin\"><a rel=\"nofollow noopener noreferrer\" data-shared=\"sharing-linkedin-2845\" class=\"share-linkedin sd-button share-icon no-text\" href=\"http:\/\/sourcesdelagrandeguerre.fr\/?p=2845&amp;share=linkedin\" target=\"_blank\" title=\"Cliquez pour partager sur LinkedIn\"><span><\/span><span class=\"sharing-screen-reader-text\">Cliquez pour partager sur LinkedIn(ouvre dans une nouvelle fen\u00eatre)<\/span><\/a><\/li><li class=\"share-print\"><a rel=\"nofollow noopener noreferrer\" data-shared=\"\" class=\"share-print sd-button share-icon no-text\" href=\"http:\/\/sourcesdelagrandeguerre.fr\/?p=2845\" target=\"_blank\" title=\"Cliquer pour imprimer\"><span><\/span><span class=\"sharing-screen-reader-text\">Cliquer pour imprimer(ouvre dans une nouvelle fen\u00eatre)<\/span><\/a><\/li><li class=\"share-end\"><\/li><\/ul><\/div><\/div><\/div>","protected":false},"excerpt":{"rendered":"<p>Vendredi 29 novembre, les Archives d\u00e9partementales de la Haute-Savoie accueilleront un colloque tr\u00e8s int\u00e9ressant intitul\u00e9 \u00ab\u00a0Les pays de Savoie et la Grande Guerre : quelles sources ?\u00ab\u00a0. Cette journ\u00e9e est organis\u00e9e conjointement par les Archives d\u00e9partementales de Haute-Savoie, de Savoie et le laboratoire Langages, Litt\u00e9ratures, Soci\u00e9t\u00e9s (LLS) de l&rsquo;universit\u00e9 de Savoie. L&rsquo;objectif de cette journ\u00e9e est double : s&rsquo;int\u00e9resser aux archives disponibles pour \u00ab\u00a0comprendre et \u00e9tudier les r\u00e9percussions de la Grande Guerre sur les pays de Savoie\u00a0\u00bb et mieux conna\u00eetre les \u00e9v\u00e9nements qui seront comm\u00e9mor\u00e9s \u00e0 l&rsquo;occasion du centenaire. Des professionnels des archives \u00e9voqueront les sources archivistiques en Pays de Savoie, les sources archivistiques nationales (Archives nationales, de la D\u00e9fense, des Affaires \u00e9trang\u00e8res, de l\u2019\u00c9conomie et des Finances et de la SNCF) et internationales (italiennes et suisses). Patrice Marcilloux, professeur d&rsquo;archivistique \u00e0 l&rsquo;universit\u00e9 d&rsquo;Angers, prononcera la conf\u00e9rence inaugurale : \u00ab\u00a0Usages et logiques d&rsquo;usages des archives de la Grande Guerre : de la preuve \u00e0 l&rsquo;individu en passant par la Grande Guerre\u00ab\u00a0. La journ\u00e9e sera cl\u00f4tur\u00e9e par Georges-Henri Soutou, de l&rsquo;Institut de France. A la veille de la comm\u00e9moration du Centenaire et alors que les journ\u00e9es d&rsquo;\u00e9tude, les colloques et les publications sur la Grande Guerre se multiplient, cette manifestation rappelle&#8230;<\/p>\n<div class=\"sharedaddy sd-sharing-enabled\"><div class=\"robots-nocontent sd-block sd-social sd-social-icon sd-sharing\"><h3 class=\"sd-title\">Partager\u00a0:<\/h3><div class=\"sd-content\"><ul><li class=\"share-email\"><a rel=\"nofollow noopener noreferrer\" data-shared=\"\" class=\"share-email sd-button share-icon no-text\" href=\"http:\/\/sourcesdelagrandeguerre.fr\/?p=2845&amp;share=email\" target=\"_blank\" title=\"Cliquez pour envoyer par e-mail \u00e0 un ami\"><span><\/span><span class=\"sharing-screen-reader-text\">Cliquez pour envoyer par e-mail \u00e0 un ami(ouvre dans une nouvelle fen\u00eatre)<\/span><\/a><\/li><li class=\"share-facebook\"><a rel=\"nofollow noopener noreferrer\" data-shared=\"sharing-facebook-2845\" class=\"share-facebook sd-button share-icon no-text\" href=\"http:\/\/sourcesdelagrandeguerre.fr\/?p=2845&amp;share=facebook\" target=\"_blank\" title=\"Cliquez pour partager sur Facebook\"><span><\/span><span class=\"sharing-screen-reader-text\">Cliquez pour partager sur Facebook(ouvre dans une nouvelle fen\u00eatre)<\/span><\/a><\/li><li class=\"share-twitter\"><a rel=\"nofollow noopener noreferrer\" data-shared=\"sharing-twitter-2845\" class=\"share-twitter sd-button share-icon no-text\" href=\"http:\/\/sourcesdelagrandeguerre.fr\/?p=2845&amp;share=twitter\" target=\"_blank\" title=\"Cliquez pour partager sur Twitter\"><span><\/span><span class=\"sharing-screen-reader-text\">Cliquez pour partager sur Twitter(ouvre dans une nouvelle fen\u00eatre)<\/span><\/a><\/li><li class=\"share-linkedin\"><a rel=\"nofollow noopener noreferrer\" data-shared=\"sharing-linkedin-2845\" class=\"share-linkedin sd-button share-icon no-text\" href=\"http:\/\/sourcesdelagrandeguerre.fr\/?p=2845&amp;share=linkedin\" target=\"_blank\" title=\"Cliquez pour partager sur LinkedIn\"><span><\/span><span class=\"sharing-screen-reader-text\">Cliquez pour partager sur LinkedIn(ouvre dans une nouvelle fen\u00eatre)<\/span><\/a><\/li><li class=\"share-print\"><a rel=\"nofollow noopener noreferrer\" data-shared=\"\" class=\"share-print sd-button share-icon no-text\" href=\"http:\/\/sourcesdelagrandeguerre.fr\/?p=2845\" target=\"_blank\" title=\"Cliquer pour imprimer\"><span><\/span><span class=\"sharing-screen-reader-text\">Cliquer pour imprimer(ouvre dans une nouvelle fen\u00eatre)<\/span><\/a><\/li><li class=\"share-end\"><\/li><\/ul><\/div><\/div><\/div>","protected":false},"author":1,"featured_media":0,"comment_status":"open","ping_status":"open","sticky":false,"template":"","format":"standard","meta":{"spay_email":"","jetpack_publicize_message":"","jetpack_is_tweetstorm":false,"jetpack_publicize_feature_enabled":true},"categories":[4,24],"tags":[122,199,198],"jetpack_featured_media_url":"","jetpack_publicize_connections":[],"jetpack_shortlink":"https:\/\/wp.me\/p2bYSy-JT","jetpack_sharing_enabled":true,"_links":{"self":[{"href":"http:\/\/sourcesdelagrandeguerre.fr\/index.php?rest_route=\/wp\/v2\/posts\/2845"}],"collection":[{"href":"http:\/\/sourcesdelagrandeguerre.fr\/index.php?rest_route=\/wp\/v2\/posts"}],"about":[{"href":"http:\/\/sourcesdelagrandeguerre.fr\/index.php?rest_route=\/wp\/v2\/types\/post"}],"author":[{"embeddable":true,"href":"http:\/\/sourcesdelagrandeguerre.fr\/index.php?rest_route=\/wp\/v2\/users\/1"}],"replies":[{"embeddable":true,"href":"http:\/\/sourcesdelagrandeguerre.fr\/index.php?rest_route=%2Fwp%2Fv2%2Fcomments&post=2845"}],"version-history":[{"count":10,"href":"http:\/\/sourcesdelagrandeguerre.fr\/index.php?rest_route=\/wp\/v2\/posts\/2845\/revisions"}],"predecessor-version":[{"id":2856,"href":"http:\/\/sourcesdelagrandeguerre.fr\/index.php?rest_route=\/wp\/v2\/posts\/2845\/revisions\/2856"}],"wp:attachment":[{"href":"http:\/\/sourcesdelagrandeguerre.fr\/index.php?rest_route=%2Fwp%2Fv2%2Fmedia&parent=2845"}],"wp:term":[{"taxonomy":"category","embeddable":true,"href":"http:\/\/sourcesdelagrandeguerre.fr\/index.php?rest_route=%2Fwp%2Fv2%2Fcategories&post=2845"},{"taxonomy":"post_tag","embeddable":true,"href":"http:\/\/sourcesdelagrandeguerre.fr\/index.php?rest_route=%2Fwp%2Fv2%2Ftags&post=2845"}],"curies":[{"name":"wp","href":"https:\/\/api.w.org\/{rel}","templated":true}]}}