{"id":2959,"date":"2013-12-19T21:22:57","date_gmt":"2013-12-19T20:22:57","guid":{"rendered":"http:\/\/sourcesdelagrandeguerre.fr\/WordPress3\/?p=2959"},"modified":"2020-12-12T21:54:45","modified_gmt":"2020-12-12T20:54:45","slug":"andreas-latzko-hommes-en-guerre","status":"publish","type":"post","link":"http:\/\/sourcesdelagrandeguerre.fr\/?p=2959","title":{"rendered":"Andreas Latzko, Hommes en guerre"},"content":{"rendered":"<p style=\"text-align: justify;\"><i><a href=\"http:\/\/agone.org\/manufacturedeproses\/hommesenguerre\/index.html\" target=\"_blank\" rel=\"noopener\"><img data-attachment-id=\"2960\" data-permalink=\"http:\/\/sourcesdelagrandeguerre.fr\/?attachment_id=2960\" data-orig-file=\"http:\/\/sourcesdelagrandeguerre.fr\/WordPress3\/wp-content\/uploads\/2013\/12\/Hommes-en-guerre.jpg\" data-orig-size=\"235,475\" data-comments-opened=\"1\" data-image-meta=\"{&quot;aperture&quot;:&quot;0&quot;,&quot;credit&quot;:&quot;&quot;,&quot;camera&quot;:&quot;&quot;,&quot;caption&quot;:&quot;&quot;,&quot;created_timestamp&quot;:&quot;0&quot;,&quot;copyright&quot;:&quot;&quot;,&quot;focal_length&quot;:&quot;0&quot;,&quot;iso&quot;:&quot;0&quot;,&quot;shutter_speed&quot;:&quot;0&quot;,&quot;title&quot;:&quot;&quot;}\" data-image-title=\"Hommes en guerre\" data-image-description=\"\" data-image-caption=\"\" data-medium-file=\"http:\/\/sourcesdelagrandeguerre.fr\/WordPress3\/wp-content\/uploads\/2013\/12\/Hommes-en-guerre-148x300.jpg\" data-large-file=\"http:\/\/sourcesdelagrandeguerre.fr\/WordPress3\/wp-content\/uploads\/2013\/12\/Hommes-en-guerre.jpg\" decoding=\"async\" loading=\"lazy\" class=\"alignleft  wp-image-2960\" src=\"http:\/\/sourcesdelagrandeguerre.fr\/WordPress3\/wp-content\/uploads\/2013\/12\/Hommes-en-guerre.jpg\" alt=\"Hommes en guerre\" width=\"183\" height=\"369\" \/><\/a><strong>Hommes en guerre<\/strong><\/i> (<i>Menschen im Krieg<\/i>) fait partie de ces rares \u0153uvres litt\u00e9raires pacifistes r\u00e9dig\u00e9es par un combattant de la Grande Guerre alors que celle-ci n\u2019\u00e9tait pas encore termin\u00e9e. Publi\u00e9 sous couvert de l\u2019anonymat \u00e0 Z\u00fcrich en 1917, il est tr\u00e8s rapidement traduit en plusieurs langues mais interdit dans les pays bellig\u00e9rants. C\u2019est en effet un livre r\u00e9dig\u00e9 pour d\u00e9noncer la guerre, ce que l\u2019auteur y a vu et subi. Ce livre moins connu qu\u2019<i>A l\u2019Ouest, rien de nouveau<\/i> d\u2019Erich-Maria Remarque ou <a href=\"http:\/\/sourcesdelagrandeguerre.fr\/WordPress3\/?p=1551\" target=\"_blank\" rel=\"noopener\"><i>Quatre de l\u2019infanterie<\/i> d\u2019Ernst Johannsen<\/a>, pour ne citer que des romans en langue allemande, est cependant un pamphlet d\u2019une tr\u00e8s grande force car il est structur\u00e9 en six nouvelles. Mais ce qui en fait une particularit\u00e9 litt\u00e9raire pour le lecteur fran\u00e7ais, c\u2019est qu\u2019il est r\u00e9dig\u00e9 dans un style expressionniste auquel nous n\u2019avons pas \u00e9t\u00e9 habitu\u00e9s dans notre pays. La litt\u00e9rature de Latzko, au m\u00eame titre que la po\u00e9sie dada, ou l\u2019expressionnisme allemand en peinture et dans le cin\u00e9ma, est le fruit du traumatisme de la guerre en Europe, et particuli\u00e8rement en Europe centrale. C\u2019est pourquoi je voudrais \u00e9voquer l\u2019auteur avant son \u0153uvre.<\/p>\n<p style=\"text-align: justify;\"><strong>Andreas Latzko<\/strong> est un \u00e9crivain et journaliste hongrois, n\u00e9 \u00e0 Budapest en 1876. Volontaire d\u2019un an dans l\u2019arm\u00e9e austro-hongroise, puis r\u00e9serviste, il sert pendant la Premi\u00e8re Guerre mondiale sur le front de l\u2019Isonzo, th\u00e9\u00e2tre de la majorit\u00e9 des nouvelles qui composent <i>Hommes en guerre<\/i>. Gravement bless\u00e9 \u00e0 Gorizia (Italie), de surcro\u00eet atteint de malaria, il est hospitalis\u00e9 pendant huit mois, avant d\u2019\u00eatre envoy\u00e9 en convalescence \u00e0 Davos, en Suisse, \u00e0 la fin de l\u2019ann\u00e9e 1916. C\u2019est l\u00e0 qu\u2019il r\u00e9dige son \u0153uvre. Il s\u2019installe ensuite \u00e0 Berlin, o\u00f9 il continue son travail d\u2019\u00e9crivain. Il va sans dire qu\u2019\u00e0 l\u2019arriv\u00e9e au pouvoir d\u2019Hitler, ses livres sont br\u00fbl\u00e9s dans les autodaf\u00e9s. Il meurt \u00e0 New-York en 1943.<\/p>\n<p style=\"text-align: justify;\">Lorsque <i>Menschen im Krieg <\/i>para\u00eet, il est imm\u00e9diatement soutenu par le satiriste autrichien Karl Kraus, un pr\u00e9curseur de l\u2019expressionnisme et l\u2019auteur de la pi\u00e8ce <i>Die letzten Tage der Menschheit<\/i>. Il est \u00e9galement l\u2019ami d\u2019auteurs engag\u00e9s dans le combat pacifiste et que la guerre d\u00e9moralise car elle signifie la fin de la civilisation. Ces auteurs lui rendent visite en Suisse\u00a0: Stefan Zweig, Georg Friedrich Nicolai, un m\u00e9decin auteur d\u2019une <i>Biologie de la guerre<\/i> qui fait l\u2019admiration de Latzko. L\u2019auteur influence \u00e9galement les pacifistes fran\u00e7ais. Lorsque son livre est publi\u00e9 en France, Romain Rolland (<i>Au-dessus de la m\u00eal\u00e9e<\/i>) en a r\u00e9dig\u00e9 la pr\u00e9face, Henri Barbusse (<i>Le Feu<\/i>) l\u2019avant-propos et Marcel Martinet (<i>Les Temps maudits<\/i>) la postface. Une nouvelle \u00e9dition de l\u2019ouvrage est pr\u00e9vue au d\u00e9but de 2014 aux \u00e9ditions Agone, comportant les pr\u00e9faces et postface fran\u00e7aises de 1917, ce qui n\u2019est pas le cas de l\u2019\u00e9dition actuelle. De larges extraits et des comptes-rendus du livre sont disponibles sur <a href=\"http:\/\/agone.org\/manufacturedeproses\/hommesenguerre\/index.html\" target=\"_blank\" rel=\"noopener\">le site de l\u2019\u00e9diteur<\/a>.<\/p>\n<p style=\"text-align: justify;\">Il sera donc bient\u00f4t facile de se procurer ce livre, \u0153uvre de fiction mais dans laquelle le pass\u00e9 v\u00e9cu par l\u2019auteur ressort comme un refus d\u2019oublier l\u2019horreur et l\u2019absurdit\u00e9 de la guerre, de la rel\u00e9guer dans une m\u00e9moire enfouie. La folie comme expression du r\u00e9el ressort particuli\u00e8rement dans la nouvelle intitul\u00e9e \u00ab\u00a0Le Camarade\u00a0\u00bb, dans laquelle un homme traumatis\u00e9 par la mort horrible d\u2019un soldat, survenue sous ses yeux, refuse d\u2019oublier. Il est intern\u00e9 dans un asile mais s\u2019estime plus sain d\u2019esprit que ceux qui veulent tourner la page. L\u2019horreur reste inscrite en lui (\u00ab\u00a0<i>Quelle horreur est-il\u00a0? Dix mille morts<\/i>\u00a0\u00bb) et ceux qui ne l\u2019ont pas vue ne peuvent la comprendre\u00a0: \u00ab\u00a0<i>Les m\u00e9decins n\u2019admettent que cet idiot de r\u00e9el avec son attirail d\u2019objets balourds et de chochoses ridicules. Qu\u2019on soit le berceau d\u2019un mort, c\u2019est trop pour messieurs les docteurs.<\/i>\u00a0\u00bb<\/p>\n<p style=\"text-align: justify;\">Le <strong>traumatisme psychologique<\/strong> est \u00e9galement le th\u00e8me de la nouvelle \u00ab\u00a0La Mort du h\u00e9ros\u00a0\u00bb, dans laquelle un lieutenant est hant\u00e9 par l\u2019image de soldats ayant un \u00ab\u00a0disque de gramophone\u00a0\u00bb viss\u00e9 sur le cou \u00e0 la place de la t\u00eate et avan\u00e7ant au son de la <a href=\"http:\/\/www.youtube.com\/watch?v=XjWaWbvZIgw\" target=\"_blank\" rel=\"noopener\"><i>Marche de Rakoczy<\/i><\/a>. Le recueil de nouvelles commence dans l\u2019h\u00f4pital d\u2019une petite ville autrichienne o\u00f9 seuls les soldats convalescents rappellent par leurs blessures que la guerre est proche. Ces officiers estropi\u00e9s et d\u00e9figur\u00e9s discutent dans un \u00ab\u00a0<i>jardin plein de nuit, de souffrance et de mort<\/i>\u00a0\u00bb. Ils s\u2019en prennent aux femmes et plus g\u00e9n\u00e9ralement \u00e0 l\u2019arri\u00e8re, c\u2019est-\u00e0-dire \u00e0 ceux qui les ont laiss\u00e9 partir, sacrifiant \u00e0 la mode de l\u2019h\u00e9ro\u00efsme et de la virilit\u00e9. Dans \u00ab\u00a0Le Bapt\u00eame du feu\u00a0\u00bb, deux officiers sont oppos\u00e9s\u00a0: un lieutenant venu de l\u2019arri\u00e8re, un \u00ab\u00a0<i>blanc-bec<\/i>\u00a0\u00bb criminel de guerre obs\u00e9d\u00e9 par l\u2019obtention de la croix-de-fer, impitoyable avec les soldats et, face \u00e0 lui, un capitaine d\u00e9bonnaire et trop sensible, \u00ab\u00a0l\u2019oncle Marschner\u00a0\u00bb, pour qui \u00ab\u00a0<i>Tous ne sont pas des h\u00e9ros. S\u2019ils font leur devoir, c\u2019est d\u00e9j\u00e0 pas mal.<\/i>\u00a0\u00bb L\u2019hypocrisie et la forfanterie sont ensuite incarn\u00e9es dans \u00ab\u00a0Le Vainqueur\u00a0\u00bb par un g\u00e9n\u00e9ral-en-chef, fonctionnaire sauv\u00e9 de l\u2019ennui et de l\u2019oubli par un succ\u00e8s militaire mais que la vue d\u2019un mutil\u00e9 de guerre d\u00e9range dans sa vill\u00e9giature. La derni\u00e8re nouvelle, enfin, \u00ab\u00a0Le Retour\u00a0\u00bb, \u00e9voque le sort d\u2019une \u00ab\u00a0gueule cass\u00e9e\u00a0\u00bb, un paysan hongrois engag\u00e9 volontaire qui, de retour dans son village, subit les sarcasmes d\u2019un bossu exempt\u00e9 et l\u2019humiliation de voir sa fianc\u00e9e mari\u00e9e \u00e0 un aristocrate profiteur de guerre.<\/p>\n<p style=\"text-align: justify;\">Je reprends, pour terminer, un dernier extrait figurant sur la quatri\u00e8me de couverture du livre. Il t\u00e9moigne autant de la volont\u00e9 de l\u2019auteur de d\u00e9noncer la guerre que de l\u2019effroi du combattant ayant conserv\u00e9 sa conscience\u00a0: \u00ab\u00a0<i>Il para\u00eet qu\u2019il existe encore des hommes faits de chair et de sang qui peuvent lire un journal sans vomir. Sans d\u00e9go\u00fbt ni r\u00e9volte. Peut-on avoir connu ce d\u00e9fil\u00e9 continu de cadavres, cette production ininterrompue de souffrance, cette fabrique \u00e0 malheurs et lire avec s\u00e9r\u00e9nit\u00e9 une page sur les progr\u00e8s m\u00e9dicaux\u00a0? [\u2026] Qui sont les fous\u00a0?<\/i>\u00a0\u00bb<\/p>\n<p style=\"text-align: right;\">Fr\u00e9d\u00e9ric Dessberg<\/p>\n<p style=\"text-align: justify;\">Andreas Latzk\u00f3, <em>Hommes en guerre : nouvelles<\/em>, Marseille, Agone, 1999, 165 p. (traduction de l&rsquo;allemand de Martina Wachendorff et Henri-Fr\u00e9d\u00e9ric Blanc)<\/p>\n<div class=\"sharedaddy sd-sharing-enabled\"><div class=\"robots-nocontent sd-block sd-social sd-social-icon sd-sharing\"><h3 class=\"sd-title\">Partager\u00a0:<\/h3><div class=\"sd-content\"><ul><li class=\"share-email\"><a rel=\"nofollow noopener noreferrer\" data-shared=\"\" class=\"share-email sd-button share-icon no-text\" href=\"http:\/\/sourcesdelagrandeguerre.fr\/?p=2959&amp;share=email\" target=\"_blank\" title=\"Cliquez pour envoyer par e-mail \u00e0 un ami\"><span><\/span><span class=\"sharing-screen-reader-text\">Cliquez pour envoyer par e-mail \u00e0 un ami(ouvre dans une nouvelle fen\u00eatre)<\/span><\/a><\/li><li class=\"share-facebook\"><a rel=\"nofollow noopener noreferrer\" data-shared=\"sharing-facebook-2959\" class=\"share-facebook sd-button share-icon no-text\" href=\"http:\/\/sourcesdelagrandeguerre.fr\/?p=2959&amp;share=facebook\" target=\"_blank\" title=\"Cliquez pour partager sur Facebook\"><span><\/span><span class=\"sharing-screen-reader-text\">Cliquez pour partager sur Facebook(ouvre dans une nouvelle fen\u00eatre)<\/span><\/a><\/li><li class=\"share-twitter\"><a rel=\"nofollow noopener noreferrer\" data-shared=\"sharing-twitter-2959\" class=\"share-twitter sd-button share-icon no-text\" href=\"http:\/\/sourcesdelagrandeguerre.fr\/?p=2959&amp;share=twitter\" target=\"_blank\" title=\"Cliquez pour partager sur Twitter\"><span><\/span><span class=\"sharing-screen-reader-text\">Cliquez pour partager sur Twitter(ouvre dans une nouvelle fen\u00eatre)<\/span><\/a><\/li><li class=\"share-linkedin\"><a rel=\"nofollow noopener noreferrer\" data-shared=\"sharing-linkedin-2959\" class=\"share-linkedin sd-button share-icon no-text\" href=\"http:\/\/sourcesdelagrandeguerre.fr\/?p=2959&amp;share=linkedin\" target=\"_blank\" title=\"Cliquez pour partager sur LinkedIn\"><span><\/span><span class=\"sharing-screen-reader-text\">Cliquez pour partager sur LinkedIn(ouvre dans une nouvelle fen\u00eatre)<\/span><\/a><\/li><li class=\"share-print\"><a rel=\"nofollow noopener noreferrer\" data-shared=\"\" class=\"share-print sd-button share-icon no-text\" href=\"http:\/\/sourcesdelagrandeguerre.fr\/?p=2959\" target=\"_blank\" title=\"Cliquer pour imprimer\"><span><\/span><span class=\"sharing-screen-reader-text\">Cliquer pour imprimer(ouvre dans une nouvelle fen\u00eatre)<\/span><\/a><\/li><li class=\"share-end\"><\/li><\/ul><\/div><\/div><\/div>","protected":false},"excerpt":{"rendered":"<p>Hommes en guerre (Menschen im Krieg) fait partie de ces rares \u0153uvres litt\u00e9raires pacifistes r\u00e9dig\u00e9es par un combattant de la Grande Guerre alors que celle-ci n\u2019\u00e9tait pas encore termin\u00e9e. Publi\u00e9 sous couvert de l\u2019anonymat \u00e0 Z\u00fcrich en 1917, il est tr\u00e8s rapidement traduit en plusieurs langues mais interdit dans les pays bellig\u00e9rants. C\u2019est en effet un livre r\u00e9dig\u00e9 pour d\u00e9noncer la guerre, ce que l\u2019auteur y a vu et subi. Ce livre moins connu qu\u2019A l\u2019Ouest, rien de nouveau d\u2019Erich-Maria Remarque ou Quatre de l\u2019infanterie d\u2019Ernst Johannsen, pour ne citer que des romans en langue allemande, est cependant un pamphlet d\u2019une tr\u00e8s grande force car il est structur\u00e9 en six nouvelles. Mais ce qui en fait une particularit\u00e9 litt\u00e9raire pour le lecteur fran\u00e7ais, c\u2019est qu\u2019il est r\u00e9dig\u00e9 dans un style expressionniste auquel nous n\u2019avons pas \u00e9t\u00e9 habitu\u00e9s dans notre pays. La litt\u00e9rature de Latzko, au m\u00eame titre que la po\u00e9sie dada, ou l\u2019expressionnisme allemand en peinture et dans le cin\u00e9ma, est le fruit du traumatisme de la guerre en Europe, et particuli\u00e8rement en Europe centrale. C\u2019est pourquoi je voudrais \u00e9voquer l\u2019auteur avant son \u0153uvre. Andreas Latzko est un \u00e9crivain et journaliste hongrois, n\u00e9 \u00e0 Budapest en 1876. Volontaire d\u2019un an&#8230;<\/p>\n<div class=\"sharedaddy sd-sharing-enabled\"><div class=\"robots-nocontent sd-block sd-social sd-social-icon sd-sharing\"><h3 class=\"sd-title\">Partager\u00a0:<\/h3><div class=\"sd-content\"><ul><li class=\"share-email\"><a rel=\"nofollow noopener noreferrer\" data-shared=\"\" class=\"share-email sd-button share-icon no-text\" href=\"http:\/\/sourcesdelagrandeguerre.fr\/?p=2959&amp;share=email\" target=\"_blank\" title=\"Cliquez pour envoyer par e-mail \u00e0 un ami\"><span><\/span><span class=\"sharing-screen-reader-text\">Cliquez pour envoyer par e-mail \u00e0 un ami(ouvre dans une nouvelle fen\u00eatre)<\/span><\/a><\/li><li class=\"share-facebook\"><a rel=\"nofollow noopener noreferrer\" data-shared=\"sharing-facebook-2959\" class=\"share-facebook sd-button share-icon no-text\" href=\"http:\/\/sourcesdelagrandeguerre.fr\/?p=2959&amp;share=facebook\" target=\"_blank\" title=\"Cliquez pour partager sur Facebook\"><span><\/span><span class=\"sharing-screen-reader-text\">Cliquez pour partager sur Facebook(ouvre dans une nouvelle fen\u00eatre)<\/span><\/a><\/li><li class=\"share-twitter\"><a rel=\"nofollow noopener noreferrer\" data-shared=\"sharing-twitter-2959\" class=\"share-twitter sd-button share-icon no-text\" href=\"http:\/\/sourcesdelagrandeguerre.fr\/?p=2959&amp;share=twitter\" target=\"_blank\" title=\"Cliquez pour partager sur Twitter\"><span><\/span><span class=\"sharing-screen-reader-text\">Cliquez pour partager sur Twitter(ouvre dans une nouvelle fen\u00eatre)<\/span><\/a><\/li><li class=\"share-linkedin\"><a rel=\"nofollow noopener noreferrer\" data-shared=\"sharing-linkedin-2959\" class=\"share-linkedin sd-button share-icon no-text\" href=\"http:\/\/sourcesdelagrandeguerre.fr\/?p=2959&amp;share=linkedin\" target=\"_blank\" title=\"Cliquez pour partager sur LinkedIn\"><span><\/span><span class=\"sharing-screen-reader-text\">Cliquez pour partager sur LinkedIn(ouvre dans une nouvelle fen\u00eatre)<\/span><\/a><\/li><li class=\"share-print\"><a rel=\"nofollow noopener noreferrer\" data-shared=\"\" class=\"share-print sd-button share-icon no-text\" href=\"http:\/\/sourcesdelagrandeguerre.fr\/?p=2959\" target=\"_blank\" title=\"Cliquer pour imprimer\"><span><\/span><span class=\"sharing-screen-reader-text\">Cliquer pour imprimer(ouvre dans une nouvelle fen\u00eatre)<\/span><\/a><\/li><li class=\"share-end\"><\/li><\/ul><\/div><\/div><\/div>","protected":false},"author":1,"featured_media":2960,"comment_status":"open","ping_status":"open","sticky":false,"template":"","format":"standard","meta":{"spay_email":"","jetpack_publicize_message":"","jetpack_is_tweetstorm":false,"jetpack_publicize_feature_enabled":true},"categories":[49],"tags":[202,75,137,38],"jetpack_featured_media_url":"http:\/\/sourcesdelagrandeguerre.fr\/WordPress3\/wp-content\/uploads\/2013\/12\/Hommes-en-guerre.jpg","jetpack_publicize_connections":[],"jetpack_shortlink":"https:\/\/wp.me\/p2bYSy-LJ","jetpack_sharing_enabled":true,"_links":{"self":[{"href":"http:\/\/sourcesdelagrandeguerre.fr\/index.php?rest_route=\/wp\/v2\/posts\/2959"}],"collection":[{"href":"http:\/\/sourcesdelagrandeguerre.fr\/index.php?rest_route=\/wp\/v2\/posts"}],"about":[{"href":"http:\/\/sourcesdelagrandeguerre.fr\/index.php?rest_route=\/wp\/v2\/types\/post"}],"author":[{"embeddable":true,"href":"http:\/\/sourcesdelagrandeguerre.fr\/index.php?rest_route=\/wp\/v2\/users\/1"}],"replies":[{"embeddable":true,"href":"http:\/\/sourcesdelagrandeguerre.fr\/index.php?rest_route=%2Fwp%2Fv2%2Fcomments&post=2959"}],"version-history":[{"count":9,"href":"http:\/\/sourcesdelagrandeguerre.fr\/index.php?rest_route=\/wp\/v2\/posts\/2959\/revisions"}],"predecessor-version":[{"id":5625,"href":"http:\/\/sourcesdelagrandeguerre.fr\/index.php?rest_route=\/wp\/v2\/posts\/2959\/revisions\/5625"}],"wp:featuredmedia":[{"embeddable":true,"href":"http:\/\/sourcesdelagrandeguerre.fr\/index.php?rest_route=\/wp\/v2\/media\/2960"}],"wp:attachment":[{"href":"http:\/\/sourcesdelagrandeguerre.fr\/index.php?rest_route=%2Fwp%2Fv2%2Fmedia&parent=2959"}],"wp:term":[{"taxonomy":"category","embeddable":true,"href":"http:\/\/sourcesdelagrandeguerre.fr\/index.php?rest_route=%2Fwp%2Fv2%2Fcategories&post=2959"},{"taxonomy":"post_tag","embeddable":true,"href":"http:\/\/sourcesdelagrandeguerre.fr\/index.php?rest_route=%2Fwp%2Fv2%2Ftags&post=2959"}],"curies":[{"name":"wp","href":"https:\/\/api.w.org\/{rel}","templated":true}]}}