{"id":3797,"date":"2015-03-07T21:28:50","date_gmt":"2015-03-07T20:28:50","guid":{"rendered":"http:\/\/sourcesdelagrandeguerre.fr\/WordPress3\/?p=3797"},"modified":"2017-01-11T21:25:18","modified_gmt":"2017-01-11T20:25:18","slug":"charles-bourlet-mort-pour-la-france-le-7-mars-1915","status":"publish","type":"post","link":"http:\/\/sourcesdelagrandeguerre.fr\/?p=3797","title":{"rendered":"Charles Bourlet, mort pour la France le 7 mars 1915"},"content":{"rendered":"<p style=\"text-align: justify;\"><a href=\"http:\/\/sourcesdelagrandeguerre.fr\/WordPress3\/wp-content\/uploads\/2015\/02\/Bourlet-2.jpg\"><img data-attachment-id=\"3801\" data-permalink=\"http:\/\/sourcesdelagrandeguerre.fr\/?attachment_id=3801\" data-orig-file=\"http:\/\/sourcesdelagrandeguerre.fr\/WordPress3\/wp-content\/uploads\/2015\/02\/Bourlet-2.jpg\" data-orig-size=\"1536,2048\" data-comments-opened=\"1\" data-image-meta=\"{&quot;aperture&quot;:&quot;7.1&quot;,&quot;credit&quot;:&quot;&quot;,&quot;camera&quot;:&quot;DMC-FZ28&quot;,&quot;caption&quot;:&quot;&quot;,&quot;created_timestamp&quot;:&quot;1422015952&quot;,&quot;copyright&quot;:&quot;&quot;,&quot;focal_length&quot;:&quot;12.4&quot;,&quot;iso&quot;:&quot;100&quot;,&quot;shutter_speed&quot;:&quot;0.0025&quot;,&quot;title&quot;:&quot;&quot;,&quot;orientation&quot;:&quot;1&quot;}\" data-image-title=\"Cimeti\u00e8re militaire de Souain\" data-image-description=\"\" data-image-caption=\"\" data-medium-file=\"http:\/\/sourcesdelagrandeguerre.fr\/WordPress3\/wp-content\/uploads\/2015\/02\/Bourlet-2-225x300.jpg\" data-large-file=\"http:\/\/sourcesdelagrandeguerre.fr\/WordPress3\/wp-content\/uploads\/2015\/02\/Bourlet-2-768x1024.jpg\" decoding=\"async\" loading=\"lazy\" class=\"alignleft wp-image-3801\" src=\"http:\/\/sourcesdelagrandeguerre.fr\/WordPress3\/wp-content\/uploads\/2015\/02\/Bourlet-2-768x1024.jpg\" alt=\"Cimeti\u00e8re militaire de Souain\" width=\"258\" height=\"344\" srcset=\"http:\/\/sourcesdelagrandeguerre.fr\/WordPress3\/wp-content\/uploads\/2015\/02\/Bourlet-2-768x1024.jpg 768w, http:\/\/sourcesdelagrandeguerre.fr\/WordPress3\/wp-content\/uploads\/2015\/02\/Bourlet-2-225x300.jpg 225w, http:\/\/sourcesdelagrandeguerre.fr\/WordPress3\/wp-content\/uploads\/2015\/02\/Bourlet-2.jpg 1536w\" sizes=\"(max-width: 258px) 100vw, 258px\" \/><\/a>Une fois n&rsquo;est pas coutume, j&rsquo;ai choisi d&rsquo;\u00e9crire l&rsquo;histoire d&rsquo;un anc\u00eatre soldat de la Grande Guerre (<a href=\"http:\/\/centenaire.org\/fr\/autour-de-la-grande-guerre\/publications-recentes\/ecrire-lhistoire-dun-ancetre-soldat-de-la-grande\" target=\"_blank\">voir \u00e0 ce sujet Ecrire l&rsquo;histoire d&rsquo;un anc\u00eatre soldat de la Grande Guerre : le travail des \u00e9crivains publics-biographes sur le site internet de la Mission du Centenaire<\/a>).<\/p>\n<p style=\"text-align: center;\">**<\/p>\n<p style=\"text-align: justify;\">Fr\u00e8re a\u00een\u00e9 de mon <a href=\"http:\/\/sourcesdelagrandeguerre.fr\/WordPress3\/?p=1498\" target=\"_blank\">arri\u00e8re-grand-p\u00e8re<\/a>, <a href=\"http:\/\/www.memoiredeshommes.sga.defense.gouv.fr\/fr\/arkotheque\/visionneuse\/visionneuse.php?arko=YToxMDp7czoxMDoidHlwZV9mb25kcyI7czoxMzoic3BlY2lmX2NsaWVudCI7czoxMDoic3BlY2lmX2ZjdCI7czoyMzoiQXJrTURIVmlzaW9ubmV1c2VJbWFnZXMiO3M6MTg6InNwZWNpZl9uYXZfcGFyX2xvdCI7czoyMjoiQXJrTURITmF2aWdhdGlvblBhckxvdCI7czoxMzoibWRoX2ZvbmRzX2NsZSI7aToxO3M6NDoicmVmMiI7czo2OiIxODE4NDciO3M6MTI6ImlkX2Fya19maWNoZSI7czo2OiIxODE4NDciO3M6OToicHlyYW1pZGFsIjtiOjA7czoxMjoiaW1hZ2VfZGVwYXJ0IjtpOjA7czoxNjoidmlzaW9ubmV1c2VfaHRtbCI7YjoxO3M6MjE6InZpc2lvbm5ldXNlX2h0bWxfbW9kZSI7czo0OiJwcm9kIjt9#uielem_move=0%2C0&amp;uielem_islocked=0&amp;uielem_zoom=100&amp;uielem_brightness=0&amp;uielem_contrast=0&amp;uielem_isinverted=0&amp;uielem_rotate=F\" target=\"_blank\">Charles Bourlet<\/a> est n\u00e9 \u00e0 Saulzoir (Nord) le 24 septembre 1884. Au d\u00e9but du XXe si\u00e8cle, il se fait embaucher dans les grandes usines m\u00e9tallurgiques du bassin industriel de Denain. A l&rsquo;\u00e9poque, le train, qui dessert tous ces petits villages, transporte les villageois devenus ouvriers.<\/p>\n<ul>\n<li style=\"text-align: justify;\">Le service militaire et la dispense<\/li>\n<\/ul>\n<p style=\"text-align: justify;\">En octobre 1905, Charles accomplit ses obligations militaires au 160e r\u00e9giment d&rsquo;infanterie de Toul en Meurthe-et-Moselle, face \u00e0 la fronti\u00e8re franco-allemande. Cependant, son exp\u00e9rience des casernes est br\u00e8ve. En septembre 1906, il est class\u00e9 soutien de famille et envoy\u00e9 dans la disponibilit\u00e9. Pourquoi accomplit-il une ann\u00e9e de service avant de b\u00e9n\u00e9ficier de cette dispense ? La dispense pour soutien de famille est pr\u00e9vue par la loi sur le recrutement de l&rsquo;arm\u00e9e du 15 juillet 1889. La situation familiale et, dans une moindre mesure, les ressources financi\u00e8res de la famille sont les crit\u00e8res principaux d&rsquo;attribution. Ainsi, la plupart des jeunes hommes a\u00een\u00e9s orphelins de p\u00e8re et de m\u00e8re, fils unique ou a\u00een\u00e9s d&rsquo;une veuve b\u00e9n\u00e9ficient d&rsquo;une dispense de deux ann\u00e9es de service, par d\u00e9cision du conseil de r\u00e9vision. Alors qu&rsquo;il remplit les conditions depuis le d\u00e9c\u00e8s de son p\u00e8re Arthur en 1903, Charles est n\u00e9anmoins incorpor\u00e9 en 1905. Chaque ann\u00e9e, des centaines de jeunes gens se retrouvent dans la m\u00eame situation pour des raisons qui s&rsquo;expliquent ais\u00e9ment : les ressources financi\u00e8res de la famille suffisantes ou une fratrie nombreuse permettant de surmonter \u00e9conomiquement le d\u00e9part d&rsquo;un fils aux arm\u00e9es. Toutefois, la loi de 1889 permet \u00e0 environ 1% de l&rsquo;effectif des hommes d&rsquo;une classe d&rsquo;\u00e2ge dans chaque corps d&rsquo;\u00eatre renvoy\u00e9 dans le civil pour soutien de famille, apr\u00e8s un ou deux ans sous les drapeaux. Pour b\u00e9n\u00e9ficier de cette dispense, les int\u00e9ress\u00e9s doivent fournir \u00e0 l&rsquo;administration militaire diff\u00e9rentes pi\u00e8ces administratives justificatives et effectuer une demande au maire de la commune, accompagn\u00e9e d&rsquo;un relev\u00e9 des contributions pay\u00e9es par la famille. Charles obtient de cette fa\u00e7on une dispense au titre de soutien de famille qui lui permet de retrouver ses foyers en septembre 1906. En 1907, il \u00e9pouse une fille du village, Z\u00e9lie Leduc, avec laquelle il s&rsquo;installe \u00e0 Denain en 1908. Puis, en 1912, il retourne vivre \u00e0 Saulzoir avec sa femme et ses deux enfants, Charles et Sophie. Eug\u00e9nie, le troisi\u00e8me enfant du couple, na\u00eet \u00e0 Saulzoir en 1913.<\/p>\n<ul>\n<li style=\"text-align: justify;\">La guerre<\/li>\n<\/ul>\n<p style=\"text-align: justify;\">Charles Bourlet est rappel\u00e9 \u00e0 l&rsquo;activit\u00e9 le 1er ao\u00fbt 1914 au 201e r\u00e9giment d&rsquo;infanterie, le r\u00e9giment de r\u00e9serve du prestigieux 1er r\u00e9giment d&rsquo;infanterie. Mon arri\u00e8re-grand-oncle rejoint Cambrai le 4 ao\u00fbt 1914 et il est peut-\u00eatre d\u00e9j\u00e0 affect\u00e9 \u00e0 la 23e compagnie du 6e bataillon en qualit\u00e9 de soldat. Il participe vraisemblablement au d\u00e9fil\u00e9 dans les rues de Cambrai le 9 ao\u00fbt au moment du d\u00e9part du 201e pour la fronti\u00e8re belge. Que fait-il ensuite ? D\u00e9couvre-t-il la guerre dans les environs de Dinant en Belgique ? Voit-il les colonnes de r\u00e9fugi\u00e9s sur les routes dans les environs de Guise ? Conna\u00eet-il les souffrances de la retraite harassante du d\u00e9but du mois de septembre ? Participe-t-il \u00e0 l&rsquo;entr\u00e9e triomphale du 201e dans Reims apr\u00e8s la bataille de la Marne ? Est-il de ceux qui tiennent les tranch\u00e9es au nord-ouest de Berry-au-Bac au cours de l&rsquo;hiver 1914-1915 ?<\/p>\n<p style=\"text-align: justify;\">En f\u00e9vrier 1915, le 201e r\u00e9giment d&rsquo;infanterie est envoy\u00e9 dans le secteur de Souain. Le haut commandement fran\u00e7ais projette une attaque contre le moulin de Souain, dont il ne reste rien. Les Allemands occupent les sommets d&rsquo;une colline allong\u00e9e depuis laquelle ils dominent les villages et les lignes fran\u00e7aises. En premi\u00e8re ligne, des sapeurs fran\u00e7ais s&rsquo;activent et creusent une mine sous les tranch\u00e9es allemandes du moulin. Le 2 mars, le 201e s&rsquo;installe dans des cantonnements plus calmes \u00e0 Suippes. Le 4 mars, le 6e bataillon auquel appartient Charles monte en 2e ligne et rel\u00e8ve le 336e r\u00e9giment d&rsquo;infanterie. Le 5 mars, la 60e division d&rsquo;infanterie re\u00e7oit l&rsquo;ordre d&rsquo;attaque de la IVe arm\u00e9e : l&rsquo;objectif du 201e est la prise du moulin. L&rsquo;assaut est fix\u00e9 au 7 mars, sur un front compris entre la route de Souain \u00e0 Somme-Py et le moulin, soit environ 1 200 m\u00e8tres. Le 6e bataillon gagne les premi\u00e8res lignes dans le secteur du moulin et rel\u00e8ve un bataillon du 336e avant 22 heures le 6 mars. Toutes les compagnies ont ordre d&rsquo;occuper leurs emplacements de combat \u00e0 13 heures le 7 mars. L&rsquo;explosion de la mine pr\u00e9par\u00e9e au sud du moulin sera le signal de l&rsquo;attaque pour l&rsquo;infanterie. Le dimanche 7 mars, les troupes d&rsquo;assaut sont en place \u00e0 7 heures du matin. Le froid est rude. Le bruit est assourdissant car l&rsquo;artillerie fran\u00e7aise proc\u00e8de \u00e0 des tirs de pr\u00e9paration sur les positions allemandes. Le bombardement s&rsquo;intensifie \u00e0 partir du milieu de journ\u00e9e : des tirs d&rsquo;efficacit\u00e9 sont ex\u00e9cut\u00e9s par l&rsquo;artillerie fran\u00e7aise toutes les 20 minutes. Dans le m\u00eame temps, des tirs de barrage sont ex\u00e9cut\u00e9s au nord de l&rsquo;objectif. Vers 14 heures, le g\u00e9nie fait exploser les fourneaux pr\u00e9par\u00e9s au sud du moulin : \u00ab\u00a0<em>Une haute colonne de fum\u00e9e et de terre et de pierre s&rsquo;\u00e9l\u00e8ve dans l&rsquo;air<\/em>\u00ab\u00a0. C&rsquo;est le signal de l&rsquo;attaque. Les 22e et 23e compagnie s&rsquo;\u00e9lancent \u00e0 l&rsquo;assaut et sont d&#8217;embl\u00e9e pris sous le feu des d\u00e9fenses allemandes. Une section de la 23e compagnie se r\u00e9fugie dans le trou de mine tandis que deux sections parviennent \u00e0 s&#8217;emparer de la premi\u00e8re tranch\u00e9e allemande et d&rsquo;une trentaine de prisonniers. O\u00f9 se trouve Charles ? Est-il d\u00e9j\u00e0 mort ou appartient-il \u00e0 la 4e section, qui progresse sur la droite ? Celle-ci est arr\u00eat\u00e9e puis an\u00e9antie par les mitrailleuses allemandes (voir le plan ci-dessous : les positions de la 23e compagnie sont en rouge). Puis, les deux compagnies sont prises sous les feux de l&rsquo;artillerie allemande et subissent des contre-attaques des fantassins allemandes. Ainsi, la situation des survivants est de plus en plus pr\u00e9caire. Des renforts sont envoy\u00e9s pour renforcer les 22e et 23e compagnies.<\/p>\n<div id=\"attachment_3813\" style=\"width: 650px\" class=\"wp-caption aligncenter\"><a href=\"http:\/\/sourcesdelagrandeguerre.fr\/WordPress3\/wp-content\/uploads\/2015\/02\/Lattaque-du-moulin-de-Souain.jpg\"><img aria-describedby=\"caption-attachment-3813\" data-attachment-id=\"3813\" data-permalink=\"http:\/\/sourcesdelagrandeguerre.fr\/?attachment_id=3813\" data-orig-file=\"http:\/\/sourcesdelagrandeguerre.fr\/WordPress3\/wp-content\/uploads\/2015\/02\/Lattaque-du-moulin-de-Souain.jpg\" data-orig-size=\"1424,1030\" data-comments-opened=\"1\" data-image-meta=\"{&quot;aperture&quot;:&quot;0&quot;,&quot;credit&quot;:&quot;&quot;,&quot;camera&quot;:&quot;&quot;,&quot;caption&quot;:&quot;&quot;,&quot;created_timestamp&quot;:&quot;0&quot;,&quot;copyright&quot;:&quot;&quot;,&quot;focal_length&quot;:&quot;0&quot;,&quot;iso&quot;:&quot;0&quot;,&quot;shutter_speed&quot;:&quot;0&quot;,&quot;title&quot;:&quot;&quot;,&quot;orientation&quot;:&quot;0&quot;}\" data-image-title=\"L&amp;rsquo;attaque du moulin de Souain\" data-image-description=\"\" data-image-caption=\"\" data-medium-file=\"http:\/\/sourcesdelagrandeguerre.fr\/WordPress3\/wp-content\/uploads\/2015\/02\/Lattaque-du-moulin-de-Souain-300x217.jpg\" data-large-file=\"http:\/\/sourcesdelagrandeguerre.fr\/WordPress3\/wp-content\/uploads\/2015\/02\/Lattaque-du-moulin-de-Souain-1024x741.jpg\" decoding=\"async\" loading=\"lazy\" class=\"wp-image-3813 size-large\" src=\"http:\/\/sourcesdelagrandeguerre.fr\/WordPress3\/wp-content\/uploads\/2015\/02\/Lattaque-du-moulin-de-Souain-1024x741.jpg\" alt=\"L'attaque du moulin de Souain\" width=\"640\" height=\"463\" srcset=\"http:\/\/sourcesdelagrandeguerre.fr\/WordPress3\/wp-content\/uploads\/2015\/02\/Lattaque-du-moulin-de-Souain-1024x741.jpg 1024w, http:\/\/sourcesdelagrandeguerre.fr\/WordPress3\/wp-content\/uploads\/2015\/02\/Lattaque-du-moulin-de-Souain-300x217.jpg 300w, http:\/\/sourcesdelagrandeguerre.fr\/WordPress3\/wp-content\/uploads\/2015\/02\/Lattaque-du-moulin-de-Souain.jpg 1424w\" sizes=\"(max-width: 640px) 100vw, 640px\" \/><\/a><p id=\"caption-attachment-3813\" class=\"wp-caption-text\">Journal des marches et op\u00e9rations du 201e RI [SHD : 26N711]<\/p><\/div>\n<p style=\"text-align: justify;\">Le 8 mars, quelques soldats r\u00e9sistent toujours. Le 9 mars, le pilonnage de l&rsquo;artillerie, les tirs de minen, les grenades et les contre-attaques obligent les derniers d\u00e9fenseurs du trou de mine \u00e0 se replier. Le 10 mars, le 201e est progressivement relev\u00e9 et envoy\u00e9 \u00e0 Suippes. En trois jours, pr\u00e8s de 500 hommes du 201e ont \u00e9t\u00e9 mis hors de combat. Les attaques renouvel\u00e9es dans les jours suivants dans des conditions difficiles et sans espoir de r\u00e9sultat ont aussi provoqu\u00e9 des refus d\u2019ob\u00e9issance, qui aboutissent \u00e0 <a href=\"http:\/\/www.cndp.fr\/crdp-reims\/memoire\/lieux\/1GM_CA\/monuments\/suippes_caporaux_souain.htm\" target=\"_blank\">l\u2019affaire des quatre caporaux de Souain<\/a> (<a href=\"http:\/\/www.memoiredeshommes.sga.defense.gouv.fr\/fr\/arkotheque\/client\/mdh\/fusilles_premiere_guerre\/detail_fiche.php?ref=2524417&amp;debut=0\" target=\"_blank\">Th\u00e9ophile Maupas<\/a>, <a href=\"http:\/\/www.memoiredeshommes.sga.defense.gouv.fr\/fr\/arkotheque\/client\/mdh\/fusilles_premiere_guerre\/detail_fiche.php?ref=2524338&amp;debut=0\" target=\"_blank\">Louis Lefoulon<\/a>, <a href=\"http:\/\/www.memoiredeshommes.sga.defense.gouv.fr\/fr\/arkotheque\/client\/mdh\/fusilles_premiere_guerre\/detail_fiche.php?ref=2524176&amp;debut=0\" target=\"_blank\">Louis Girard<\/a> et <a href=\"http:\/\/www.memoiredeshommes.sga.defense.gouv.fr\/fr\/arkotheque\/client\/mdh\/fusilles_premiere_guerre\/detail_fiche.php?ref=2524328&amp;debut=0\" target=\"_blank\">Lucien Lechat<\/a>), fusill\u00e9s \u00e0 Suippes le 17 mars 1915. Les quatre soldats seront r\u00e9habilit\u00e9s en 1934.<\/p>\n<p class=\"jetpack-slideshow-noscript robots-nocontent\">Ce diaporama n\u00e9cessite JavaScript.<\/p><div id=\"gallery-3797-1-slideshow\" class=\"slideshow-window jetpack-slideshow slideshow-black\" data-trans=\"fade\" data-autostart=\"1\" data-gallery=\"[{&quot;src&quot;:&quot;http:\\\/\\\/sourcesdelagrandeguerre.fr\\\/WordPress3\\\/wp-content\\\/uploads\\\/2015\\\/02\\\/archives_SHDGR__GR_26_N_711__002__0026__T-1024x753.jpg&quot;,&quot;id&quot;:&quot;3815&quot;,&quot;title&quot;:&quot;archives_SHDGR__GR_26_N_711__002__0026__T&quot;,&quot;alt&quot;:&quot;&quot;,&quot;caption&quot;:&quot;Extrait du journal des marches et op\\u00e9rations du 201e RI [SHD Guerre 26N711 \\u0026#8211; M\\u00e9moire des Hommes]&quot;,&quot;itemprop&quot;:&quot;image&quot;},{&quot;src&quot;:&quot;http:\\\/\\\/sourcesdelagrandeguerre.fr\\\/WordPress3\\\/wp-content\\\/uploads\\\/2015\\\/02\\\/archives_SHDGR__GR_26_N_711__002__0027__T-996x1024.jpg&quot;,&quot;id&quot;:&quot;3816&quot;,&quot;title&quot;:&quot;archives_SHDGR__GR_26_N_711__002__0027__T&quot;,&quot;alt&quot;:&quot;&quot;,&quot;caption&quot;:&quot;&quot;,&quot;itemprop&quot;:&quot;image&quot;},{&quot;src&quot;:&quot;http:\\\/\\\/sourcesdelagrandeguerre.fr\\\/WordPress3\\\/wp-content\\\/uploads\\\/2015\\\/02\\\/archives_SHDGR__GR_26_N_711__002__0028__T-826x1024.jpg&quot;,&quot;id&quot;:&quot;3817&quot;,&quot;title&quot;:&quot;archives_SHDGR__GR_26_N_711__002__0028__T&quot;,&quot;alt&quot;:&quot;&quot;,&quot;caption&quot;:&quot;&quot;,&quot;itemprop&quot;:&quot;image&quot;},{&quot;src&quot;:&quot;http:\\\/\\\/sourcesdelagrandeguerre.fr\\\/WordPress3\\\/wp-content\\\/uploads\\\/2015\\\/02\\\/archives_SHDGR__GR_26_N_711__002__0029__T-592x1024.jpg&quot;,&quot;id&quot;:&quot;3818&quot;,&quot;title&quot;:&quot;archives_SHDGR__GR_26_N_711__002__0029__T&quot;,&quot;alt&quot;:&quot;&quot;,&quot;caption&quot;:&quot;&quot;,&quot;itemprop&quot;:&quot;image&quot;},{&quot;src&quot;:&quot;http:\\\/\\\/sourcesdelagrandeguerre.fr\\\/WordPress3\\\/wp-content\\\/uploads\\\/2015\\\/02\\\/archives_SHDGR__GR_26_N_711__002__0030__T-1024x929.jpg&quot;,&quot;id&quot;:&quot;3819&quot;,&quot;title&quot;:&quot;archives_SHDGR__GR_26_N_711__002__0030__T&quot;,&quot;alt&quot;:&quot;&quot;,&quot;caption&quot;:&quot;Extrait du journal des marches et op\\u00e9rations du 201e RI (1-11 mars 1915). SHD Guerre 26N711 [M\\u00e9moire des hommes]&quot;,&quot;itemprop&quot;:&quot;image&quot;},{&quot;src&quot;:&quot;http:\\\/\\\/sourcesdelagrandeguerre.fr\\\/WordPress3\\\/wp-content\\\/uploads\\\/2015\\\/02\\\/archives_SHDGR__GR_26_N_711__002__0031__T-1024x930.jpg&quot;,&quot;id&quot;:&quot;3820&quot;,&quot;title&quot;:&quot;archives_SHDGR__GR_26_N_711__002__0031__T&quot;,&quot;alt&quot;:&quot;&quot;,&quot;caption&quot;:&quot;&quot;,&quot;itemprop&quot;:&quot;image&quot;},{&quot;src&quot;:&quot;http:\\\/\\\/sourcesdelagrandeguerre.fr\\\/WordPress3\\\/wp-content\\\/uploads\\\/2015\\\/02\\\/archives_SHDGR__GR_26_N_711__002__0032__T-1024x930.jpg&quot;,&quot;id&quot;:&quot;3821&quot;,&quot;title&quot;:&quot;archives_SHDGR__GR_26_N_711__002__0032__T&quot;,&quot;alt&quot;:&quot;&quot;,&quot;caption&quot;:&quot;&quot;,&quot;itemprop&quot;:&quot;image&quot;},{&quot;src&quot;:&quot;http:\\\/\\\/sourcesdelagrandeguerre.fr\\\/WordPress3\\\/wp-content\\\/uploads\\\/2015\\\/02\\\/archives_SHDGR__GR_26_N_711__002__0033__T-1024x509.jpg&quot;,&quot;id&quot;:&quot;3822&quot;,&quot;title&quot;:&quot;archives_SHDGR__GR_26_N_711__002__0033__T&quot;,&quot;alt&quot;:&quot;&quot;,&quot;caption&quot;:&quot;&quot;,&quot;itemprop&quot;:&quot;image&quot;},{&quot;src&quot;:&quot;http:\\\/\\\/sourcesdelagrandeguerre.fr\\\/WordPress3\\\/wp-content\\\/uploads\\\/2015\\\/02\\\/archives_SHDGR__GR_26_N_711__002__0034__T-1024x741.jpg&quot;,&quot;id&quot;:&quot;3823&quot;,&quot;title&quot;:&quot;archives_SHDGR__GR_26_N_711__002__0034__T&quot;,&quot;alt&quot;:&quot;&quot;,&quot;caption&quot;:&quot;&quot;,&quot;itemprop&quot;:&quot;image&quot;},{&quot;src&quot;:&quot;http:\\\/\\\/sourcesdelagrandeguerre.fr\\\/WordPress3\\\/wp-content\\\/uploads\\\/2015\\\/02\\\/archives_SHDGR__GR_26_N_711__002__0035__T-1024x755.jpg&quot;,&quot;id&quot;:&quot;3824&quot;,&quot;title&quot;:&quot;archives_SHDGR__GR_26_N_711__002__0035__T&quot;,&quot;alt&quot;:&quot;&quot;,&quot;caption&quot;:&quot;&quot;,&quot;itemprop&quot;:&quot;image&quot;},{&quot;src&quot;:&quot;http:\\\/\\\/sourcesdelagrandeguerre.fr\\\/WordPress3\\\/wp-content\\\/uploads\\\/2015\\\/02\\\/archives_SHDGR__GR_26_N_711__002__0036__T-1024x759.jpg&quot;,&quot;id&quot;:&quot;3825&quot;,&quot;title&quot;:&quot;archives_SHDGR__GR_26_N_711__002__0036__T&quot;,&quot;alt&quot;:&quot;&quot;,&quot;caption&quot;:&quot;&quot;,&quot;itemprop&quot;:&quot;image&quot;},{&quot;src&quot;:&quot;http:\\\/\\\/sourcesdelagrandeguerre.fr\\\/WordPress3\\\/wp-content\\\/uploads\\\/2015\\\/02\\\/archives_SHDGR__GR_26_N_711__002__0037__T-1024x753.jpg&quot;,&quot;id&quot;:&quot;3826&quot;,&quot;title&quot;:&quot;archives_SHDGR__GR_26_N_711__002__0037__T&quot;,&quot;alt&quot;:&quot;&quot;,&quot;caption&quot;:&quot;&quot;,&quot;itemprop&quot;:&quot;image&quot;}]\" itemscope itemtype=\"https:\/\/schema.org\/ImageGallery\"><\/div>\n<h5 style=\"text-align: center;\">Journal des marches et op\u00e9rations du 201e RI, 7 mars 1915 [SHD 26N711 &#8211; M\u00e9moire des hommes]<\/h5>\n<ul>\n<li style=\"text-align: justify;\">Un disparu r\u00e9apparu<\/li>\n<\/ul>\n<p style=\"text-align: justify;\">Au lendemain de l&rsquo;attaque, Charles Bourlet n&rsquo;est plus reparu au r\u00e9giment et il est port\u00e9 disparu. A la fin de l&rsquo;ann\u00e9e 1915, le r\u00e9giment, qui enqu\u00eate au sujet de ses soldas disparus \u00e0 Souain, n&rsquo;a retrouv\u00e9 aucun \u00e9l\u00e9ment permettant de savoir si Charles a \u00e9t\u00e9 tu\u00e9, bless\u00e9 ou fait prisonnier. La famille, rest\u00e9e en pays envahi pendant la guerre, est vraisemblablement avertie de sa disparition par une lettre du chef de bataillon commandant le d\u00e9p\u00f4t du 1er r\u00e9giment d&rsquo;infanterie au maire de Saulzoir le 15 novembre 1918. Charles Bourlet est officiellement d\u00e9clar\u00e9 mort pour la France par un jugement d\u00e9claratif de d\u00e9c\u00e8s du tribunal de Cambrai du 18 novembre 1920. Le d\u00e9c\u00e8s est transcrit en mairie de Saulzoir le 20 d\u00e9cembre 1920. Ses quatre enfants (Sophie, Charles, Eug\u00e9nie et Henri) sont reconnus pupille de la Nation. Apr\u00e8s la guerre, \u00e0 l&rsquo;occasion des exhumations et des regroupements de s\u00e9pultures dans le secteur de Souain, le corps de Charles est probablement retrouv\u00e9 parmi d&rsquo;autres et inhum\u00e9 dans la tombe individuelle n\u00b0 7496 de la n\u00e9cropole nationale \u00ab\u00a0La Crou\u00e9e\u00a0\u00bb \u00e0 Souain-Perthes-l\u00e8s-Hurlus (Marne).<\/p>\n<p style=\"text-align: justify;\">Les assauts men\u00e9s dans le secteur de Souain en mars 1915 sont secondaires par rapport aux gigantesques offensives d\u2019Artois et de Champagne de 1915. Pourtant, ces actions de \u00ab\u00a0grignotage\u00a0\u00bb, qui ne m\u00e8nent \u00e0 rien, contribuent aussi \u00e0 expliquer le terrible bilan humain de l&rsquo;ann\u00e9e 1915 pour l&rsquo;arm\u00e9e fran\u00e7aise. Les combats de Souain ont endeuill\u00e9 de nombreuses familles du Cambr\u00e9sis. Au d\u00e9but de 1915, le 201e est encore largement compos\u00e9 de soldats natifs du Cambr\u00e9sis. Ainsi aujourd&rsquo;hui, sur chaque monument aux morts du Cambr\u00e9sis, sont inscrits un ou plusieurs noms de soldats tomb\u00e9s \u00e0 Souain le 7 mars 1915.<\/p>\n<div class=\"sharedaddy sd-sharing-enabled\"><div class=\"robots-nocontent sd-block sd-social sd-social-icon sd-sharing\"><h3 class=\"sd-title\">Partager\u00a0:<\/h3><div class=\"sd-content\"><ul><li class=\"share-email\"><a rel=\"nofollow noopener noreferrer\" data-shared=\"\" class=\"share-email sd-button share-icon no-text\" href=\"http:\/\/sourcesdelagrandeguerre.fr\/?p=3797&amp;share=email\" target=\"_blank\" title=\"Cliquez pour envoyer par e-mail \u00e0 un ami\"><span><\/span><span class=\"sharing-screen-reader-text\">Cliquez pour envoyer par e-mail \u00e0 un ami(ouvre dans une nouvelle fen\u00eatre)<\/span><\/a><\/li><li class=\"share-facebook\"><a rel=\"nofollow noopener noreferrer\" data-shared=\"sharing-facebook-3797\" class=\"share-facebook sd-button share-icon no-text\" href=\"http:\/\/sourcesdelagrandeguerre.fr\/?p=3797&amp;share=facebook\" target=\"_blank\" title=\"Cliquez pour partager sur Facebook\"><span><\/span><span class=\"sharing-screen-reader-text\">Cliquez pour partager sur Facebook(ouvre dans une nouvelle fen\u00eatre)<\/span><\/a><\/li><li class=\"share-twitter\"><a rel=\"nofollow noopener noreferrer\" data-shared=\"sharing-twitter-3797\" class=\"share-twitter sd-button share-icon no-text\" href=\"http:\/\/sourcesdelagrandeguerre.fr\/?p=3797&amp;share=twitter\" target=\"_blank\" title=\"Cliquez pour partager sur Twitter\"><span><\/span><span class=\"sharing-screen-reader-text\">Cliquez pour partager sur Twitter(ouvre dans une nouvelle fen\u00eatre)<\/span><\/a><\/li><li class=\"share-linkedin\"><a rel=\"nofollow noopener noreferrer\" data-shared=\"sharing-linkedin-3797\" class=\"share-linkedin sd-button share-icon no-text\" href=\"http:\/\/sourcesdelagrandeguerre.fr\/?p=3797&amp;share=linkedin\" target=\"_blank\" title=\"Cliquez pour partager sur LinkedIn\"><span><\/span><span class=\"sharing-screen-reader-text\">Cliquez pour partager sur LinkedIn(ouvre dans une nouvelle fen\u00eatre)<\/span><\/a><\/li><li class=\"share-print\"><a rel=\"nofollow noopener noreferrer\" data-shared=\"\" class=\"share-print sd-button share-icon no-text\" href=\"http:\/\/sourcesdelagrandeguerre.fr\/?p=3797\" target=\"_blank\" title=\"Cliquer pour imprimer\"><span><\/span><span class=\"sharing-screen-reader-text\">Cliquer pour imprimer(ouvre dans une nouvelle fen\u00eatre)<\/span><\/a><\/li><li class=\"share-end\"><\/li><\/ul><\/div><\/div><\/div>","protected":false},"excerpt":{"rendered":"<p>Une fois n&rsquo;est pas coutume, j&rsquo;ai choisi d&rsquo;\u00e9crire l&rsquo;histoire d&rsquo;un anc\u00eatre soldat de la Grande Guerre (voir \u00e0 ce sujet Ecrire l&rsquo;histoire d&rsquo;un anc\u00eatre soldat de la Grande Guerre : le travail des \u00e9crivains publics-biographes sur le site internet de la Mission du Centenaire). ** Fr\u00e8re a\u00een\u00e9 de mon arri\u00e8re-grand-p\u00e8re, Charles Bourlet est n\u00e9 \u00e0 Saulzoir (Nord) le 24 septembre 1884. Au d\u00e9but du XXe si\u00e8cle, il se fait embaucher dans les grandes usines m\u00e9tallurgiques du bassin industriel de Denain. A l&rsquo;\u00e9poque, le train, qui dessert tous ces petits villages, transporte les villageois devenus ouvriers. Le service militaire et la dispense En octobre 1905, Charles accomplit ses obligations militaires au 160e r\u00e9giment d&rsquo;infanterie de Toul en Meurthe-et-Moselle, face \u00e0 la fronti\u00e8re franco-allemande. Cependant, son exp\u00e9rience des casernes est br\u00e8ve. En septembre 1906, il est class\u00e9 soutien de famille et envoy\u00e9 dans la disponibilit\u00e9. Pourquoi accomplit-il une ann\u00e9e de service avant de b\u00e9n\u00e9ficier de cette dispense ? La dispense pour soutien de famille est pr\u00e9vue par la loi sur le recrutement de l&rsquo;arm\u00e9e du 15 juillet 1889. La situation familiale et, dans une moindre mesure, les ressources financi\u00e8res de la famille sont les crit\u00e8res principaux d&rsquo;attribution. Ainsi, la plupart des jeunes&#8230;<\/p>\n<div class=\"sharedaddy sd-sharing-enabled\"><div class=\"robots-nocontent sd-block sd-social sd-social-icon sd-sharing\"><h3 class=\"sd-title\">Partager\u00a0:<\/h3><div class=\"sd-content\"><ul><li class=\"share-email\"><a rel=\"nofollow noopener noreferrer\" data-shared=\"\" class=\"share-email sd-button share-icon no-text\" href=\"http:\/\/sourcesdelagrandeguerre.fr\/?p=3797&amp;share=email\" target=\"_blank\" title=\"Cliquez pour envoyer par e-mail \u00e0 un ami\"><span><\/span><span class=\"sharing-screen-reader-text\">Cliquez pour envoyer par e-mail \u00e0 un ami(ouvre dans une nouvelle fen\u00eatre)<\/span><\/a><\/li><li class=\"share-facebook\"><a rel=\"nofollow noopener noreferrer\" data-shared=\"sharing-facebook-3797\" class=\"share-facebook sd-button share-icon no-text\" href=\"http:\/\/sourcesdelagrandeguerre.fr\/?p=3797&amp;share=facebook\" target=\"_blank\" title=\"Cliquez pour partager sur Facebook\"><span><\/span><span class=\"sharing-screen-reader-text\">Cliquez pour partager sur Facebook(ouvre dans une nouvelle fen\u00eatre)<\/span><\/a><\/li><li class=\"share-twitter\"><a rel=\"nofollow noopener noreferrer\" data-shared=\"sharing-twitter-3797\" class=\"share-twitter sd-button share-icon no-text\" href=\"http:\/\/sourcesdelagrandeguerre.fr\/?p=3797&amp;share=twitter\" target=\"_blank\" title=\"Cliquez pour partager sur Twitter\"><span><\/span><span class=\"sharing-screen-reader-text\">Cliquez pour partager sur Twitter(ouvre dans une nouvelle fen\u00eatre)<\/span><\/a><\/li><li class=\"share-linkedin\"><a rel=\"nofollow noopener noreferrer\" data-shared=\"sharing-linkedin-3797\" class=\"share-linkedin sd-button share-icon no-text\" href=\"http:\/\/sourcesdelagrandeguerre.fr\/?p=3797&amp;share=linkedin\" target=\"_blank\" title=\"Cliquez pour partager sur LinkedIn\"><span><\/span><span class=\"sharing-screen-reader-text\">Cliquez pour partager sur LinkedIn(ouvre dans une nouvelle fen\u00eatre)<\/span><\/a><\/li><li class=\"share-print\"><a rel=\"nofollow noopener noreferrer\" data-shared=\"\" class=\"share-print sd-button share-icon no-text\" href=\"http:\/\/sourcesdelagrandeguerre.fr\/?p=3797\" target=\"_blank\" title=\"Cliquer pour imprimer\"><span><\/span><span class=\"sharing-screen-reader-text\">Cliquer pour imprimer(ouvre dans une nouvelle fen\u00eatre)<\/span><\/a><\/li><li class=\"share-end\"><\/li><\/ul><\/div><\/div><\/div>","protected":false},"author":1,"featured_media":3801,"comment_status":"open","ping_status":"open","sticky":false,"template":"","format":"standard","meta":{"spay_email":"","jetpack_publicize_message":"","jetpack_is_tweetstorm":false,"jetpack_publicize_feature_enabled":true},"categories":[109],"tags":[267,232,181],"jetpack_featured_media_url":"http:\/\/sourcesdelagrandeguerre.fr\/WordPress3\/wp-content\/uploads\/2015\/02\/Bourlet-2.jpg","jetpack_publicize_connections":[],"jetpack_shortlink":"https:\/\/wp.me\/p2bYSy-Zf","jetpack_sharing_enabled":true,"_links":{"self":[{"href":"http:\/\/sourcesdelagrandeguerre.fr\/index.php?rest_route=\/wp\/v2\/posts\/3797"}],"collection":[{"href":"http:\/\/sourcesdelagrandeguerre.fr\/index.php?rest_route=\/wp\/v2\/posts"}],"about":[{"href":"http:\/\/sourcesdelagrandeguerre.fr\/index.php?rest_route=\/wp\/v2\/types\/post"}],"author":[{"embeddable":true,"href":"http:\/\/sourcesdelagrandeguerre.fr\/index.php?rest_route=\/wp\/v2\/users\/1"}],"replies":[{"embeddable":true,"href":"http:\/\/sourcesdelagrandeguerre.fr\/index.php?rest_route=%2Fwp%2Fv2%2Fcomments&post=3797"}],"version-history":[{"count":51,"href":"http:\/\/sourcesdelagrandeguerre.fr\/index.php?rest_route=\/wp\/v2\/posts\/3797\/revisions"}],"predecessor-version":[{"id":3888,"href":"http:\/\/sourcesdelagrandeguerre.fr\/index.php?rest_route=\/wp\/v2\/posts\/3797\/revisions\/3888"}],"wp:featuredmedia":[{"embeddable":true,"href":"http:\/\/sourcesdelagrandeguerre.fr\/index.php?rest_route=\/wp\/v2\/media\/3801"}],"wp:attachment":[{"href":"http:\/\/sourcesdelagrandeguerre.fr\/index.php?rest_route=%2Fwp%2Fv2%2Fmedia&parent=3797"}],"wp:term":[{"taxonomy":"category","embeddable":true,"href":"http:\/\/sourcesdelagrandeguerre.fr\/index.php?rest_route=%2Fwp%2Fv2%2Fcategories&post=3797"},{"taxonomy":"post_tag","embeddable":true,"href":"http:\/\/sourcesdelagrandeguerre.fr\/index.php?rest_route=%2Fwp%2Fv2%2Ftags&post=3797"}],"curies":[{"name":"wp","href":"https:\/\/api.w.org\/{rel}","templated":true}]}}