{"id":3896,"date":"2015-03-16T21:48:05","date_gmt":"2015-03-16T20:48:05","guid":{"rendered":"http:\/\/sourcesdelagrandeguerre.fr\/WordPress3\/?p=3896"},"modified":"2017-01-11T21:23:34","modified_gmt":"2017-01-11T20:23:34","slug":"faire-des-recherches-sur-un-poilu-dorient","status":"publish","type":"post","link":"http:\/\/sourcesdelagrandeguerre.fr\/?p=3896","title":{"rendered":"Faire des recherches sur un poilu d&rsquo;Orient"},"content":{"rendered":"<p><a href=\"http:\/\/gallica.bnf.fr\/ark:\/12148\/bpt6k7589323n.image.langFR.r=Association%20vosgienne%20des%20anciens%20combattants\" target=\"_blank\"><img data-attachment-id=\"3914\" data-permalink=\"http:\/\/sourcesdelagrandeguerre.fr\/?attachment_id=3914\" data-orig-file=\"http:\/\/sourcesdelagrandeguerre.fr\/WordPress3\/wp-content\/uploads\/2015\/03\/Les-poilus-dOrient.jpg\" data-orig-size=\"1024,1329\" data-comments-opened=\"1\" data-image-meta=\"{&quot;aperture&quot;:&quot;0&quot;,&quot;credit&quot;:&quot;&quot;,&quot;camera&quot;:&quot;&quot;,&quot;caption&quot;:&quot;&quot;,&quot;created_timestamp&quot;:&quot;0&quot;,&quot;copyright&quot;:&quot;&quot;,&quot;focal_length&quot;:&quot;0&quot;,&quot;iso&quot;:&quot;0&quot;,&quot;shutter_speed&quot;:&quot;0&quot;,&quot;title&quot;:&quot;&quot;,&quot;orientation&quot;:&quot;0&quot;}\" data-image-title=\"Publication de l&amp;rsquo;Association vosgienne des anciens combattants de l&amp;rsquo;arm\u00e9e d&amp;rsquo;Orient (mars 1929) [Gallica]\" data-image-description=\"&lt;p&gt;Publication de l&amp;rsquo;Association vosgienne des anciens combattants de l&amp;rsquo;arm\u00e9e d&amp;rsquo;Orient (mars 1929) [Gallica]&lt;\/p&gt;\n\" data-image-caption=\"&lt;p&gt;Publication de l&amp;rsquo;Association vosgienne des anciens combattants de l&amp;rsquo;arm\u00e9e d&amp;rsquo;Orient (mars 1929) [Gallica]&lt;\/p&gt;\n\" data-medium-file=\"http:\/\/sourcesdelagrandeguerre.fr\/WordPress3\/wp-content\/uploads\/2015\/03\/Les-poilus-dOrient-231x300.jpg\" data-large-file=\"http:\/\/sourcesdelagrandeguerre.fr\/WordPress3\/wp-content\/uploads\/2015\/03\/Les-poilus-dOrient-789x1024.jpg\" decoding=\"async\" loading=\"lazy\" class=\"wp-image-3914\" src=\"http:\/\/sourcesdelagrandeguerre.fr\/WordPress3\/wp-content\/uploads\/2015\/03\/Les-poilus-dOrient-789x1024.jpg\" alt=\"Publication de l'Association vosgienne des anciens combattants de l'arm\u00e9e d'Orient (mars 1929) [Gallica]\" width=\"298\" height=\"387\" srcset=\"http:\/\/sourcesdelagrandeguerre.fr\/WordPress3\/wp-content\/uploads\/2015\/03\/Les-poilus-dOrient-789x1024.jpg 789w, http:\/\/sourcesdelagrandeguerre.fr\/WordPress3\/wp-content\/uploads\/2015\/03\/Les-poilus-dOrient-231x300.jpg 231w, http:\/\/sourcesdelagrandeguerre.fr\/WordPress3\/wp-content\/uploads\/2015\/03\/Les-poilus-dOrient.jpg 1024w\" sizes=\"(max-width: 298px) 100vw, 298px\" \/><\/a><\/p>\n<h6>Publication de l&rsquo;Association vosgienne des anciens combattants de l&rsquo;arm\u00e9e d&rsquo;Orient (mars 1929) [Gallica]<\/h6>\n<p>&nbsp;<\/p>\n<p style=\"text-align: justify;\">La semaine derni\u00e8re, Jean-Marc Todeschini, secr\u00e9taire d\u2019\u00c9tat charg\u00e9 des Anciens Combattants et de la m\u00e9moire aupr\u00e8s du minist\u00e8re de la D\u00e9fense, s&rsquo;est rendu en Gr\u00e8ce, en Mac\u00e9doine, en Serbie et en Roumanie, pour comm\u00e9morer le centenaire du d\u00e9but des op\u00e9rations militaires sur le front d&rsquo;Orient. On peut suivre ce voyage m\u00e9moriel et comm\u00e9moratif sur le carnet de voyage de <a href=\"http:\/\/www.france24.com\/fr\/tag\/centenaire-premiere-guerre-mondiale\/\" target=\"_blank\">St\u00e9phanie Trouillard, journaliste \u00e0 France24<\/a>.<\/p>\n<p style=\"text-align: justify;\">A cette occasion, nous nous sommes int\u00e9ress\u00e9s aux sources permettant de partir sur les traces des poilus d&rsquo;Orient.<\/p>\n<p style=\"text-align: justify;\">Environ 80 000 hommes ont d\u00e9barqu\u00e9 aux Dardanelles en 1915 et 400 000 autres ont combattu dans les Balkans de 1915 \u00e0 1920. A premi\u00e8re vue, la recherche d&rsquo;informations para\u00eet compliqu\u00e9e. Peu d&rsquo;\u00e9tudes et de monographies ont \u00e9t\u00e9 consacr\u00e9es \u00e0 ce front par les historiens. De plus, l&rsquo;\u00e9loignement des champs de bataille et des lieux de m\u00e9moire, l&rsquo;\u00e9parpillement des sources en France, l&rsquo;absence d&rsquo;archives en Mac\u00e9doine (ce qui ne semble pas \u00eatre le cas en Bulgarie) et la barri\u00e8re de la langue quand les recherches se d\u00e9placent dans les Balkans compliquent plus encore les recherches. Pourtant, comme nous l&rsquo;avons d\u00e9j\u00e0 montr\u00e9 en pr\u00e9sentant notamment les travaux men\u00e9s par <a href=\"http:\/\/sourcesdelagrandeguerre.fr\/WordPress3\/?s=front+d%27Orient\" target=\"_blank\">un professeur et ses \u00e9l\u00e8ves en Mac\u00e9doine en 2012 et en 2014<\/a>, il est possible de trouver des informations au sujet de ces combattants.<a href=\"http:\/\/sourcesdelagrandeguerre.fr\/WordPress3\/?s=front+d%27Orient\" target=\"_blank\"><br \/>\n<\/a><\/p>\n<ul>\n<li><span style=\"text-decoration: underline;\">Rechercher un soldat<\/span><\/li>\n<\/ul>\n<p style=\"text-align: justify;\">Il n&rsquo;existe pas d&rsquo;archives individuelles propres aux 500 000 soldats et aux milliers de marins de l&rsquo;arm\u00e9e fran\u00e7aise qui ont s\u00e9journ\u00e9 en Turquie, dans les Balkans, en Hongrie ou encore en Russie m\u00e9ridionale de 1915 \u00e0 1923. Ils proviennent majoritairement de m\u00e9tropole, mais 18% sont des soldats maghr\u00e9bins ou s\u00e9n\u00e9galais (proportion plus importante que sur le front de l&rsquo;ouest). Il faut donc se reporter aux sources habituelles, en particulier aux registres matricules (<a href=\"http:\/\/sourcesdelagrandeguerre.fr\/WordPress3\/?p=903\" target=\"_blank\">Tour de France des matricules<\/a>) ou au <a href=\"http:\/\/www.memoiredeshommes.sga.defense.gouv.fr\/article.php?laref=1\" target=\"_blank\">Fichier national des morts pour la France (M\u00e9moire des hommes)<\/a>.<\/p>\n<p style=\"text-align: justify;\">En raison des conditions de vie pr\u00e9caires (hygi\u00e8ne d\u00e9plorable, eau pollu\u00e9e, climat rude, mar\u00e9cages), pr\u00e8s de 284 000 soldats ont \u00e9t\u00e9 malades parmi lesquels 90 000 ont \u00e9t\u00e9 atteints de maladies contagieuses. Le typhus, la dysenterie mais surtout le paludisme ont fait des ravages. On comptabilise aussi 44 500 soldats bless\u00e9s au combat. Pour cette raison, il peut \u00eatre utile de consulter les archives du <a href=\"http:\/\/www.defense.gouv.fr\/sante\/sante-publique\/hopitaux-militaires\/dossier-medical-hospitalier\/hospitalisation-obtenir-un-dossier-medical\" target=\"_blank\">Service des archives m\u00e9dicales et hospitali\u00e8res des arm\u00e9es \u00e0 Limoges<\/a> ainsi que les archives m\u00e9dicales de la marine, dans la s\u00e9rie F des archives des ports.<\/p>\n<p style=\"text-align: justify;\">Enfin, l&rsquo;<a href=\"http:\/\/www.fronts-dardanelles-orient-levant.tk\/\" target=\"_blank\">Association nationale pour le souvenir des Dardanelles et du front d&rsquo;Orient<\/a> est incontournable. Elle propose notamment une aide \u00e0 la recherche. Elle poss\u00e8de aussi des collections importantes compos\u00e9es d&rsquo;objets, de documents d&rsquo;\u00e9poque et de t\u00e9moignages d&rsquo;anciens soldats du front d&rsquo;Orient (<a href=\"https:\/\/www.facebook.com\/pages\/Association-Nationale-Pour-Le-Souvenir-Des-Dardanelles-Et-Fronts-dOrient\/640565932666026\" target=\"_blank\">\u00e0 voir aussi la page Facebook de l&rsquo;association<\/a>).<\/p>\n<ul>\n<li><span style=\"text-decoration: underline;\">Retracer un parcours<br \/>\n<\/span><\/li>\n<\/ul>\n<p>Vous n&rsquo;\u00e9chapperez pas \u00e0 un petit paragraphe d&rsquo;histoire des unit\u00e9s&#8230;<\/p>\n<p style=\"text-align: justify; padding-left: 90px;\"><strong>Le Corps exp\u00e9ditionnaire d&rsquo;Orient (CEO) <\/strong>est cr\u00e9\u00e9 en f\u00e9vrier 1915. Il participe aux combats de Gallipoli et des Dardanelles. En octobre 1915, il devient <strong>Corps exp\u00e9ditionnaire des Dardanelles<\/strong> (CED) jusqu\u2019\u00e0 sa dissolution en janvier 1916.<\/p>\n<p style=\"text-align: justify; padding-left: 90px;\"><strong>L&rsquo;arm\u00e9e d&rsquo;Orient (AO)<\/strong> est cr\u00e9\u00e9e \u00e0 Salonique en octobre 1915. Dans un premier temps, sa mission est de soutenir l&rsquo;arm\u00e9e serbe, menac\u00e9e d&rsquo;an\u00e9antissement. Progressivement, elle est renforc\u00e9e par des contingents \u00e9trangers (anglais, italiens, grecs, russes et serbes). En ao\u00fbt 1916, l&rsquo;<strong>arm\u00e9e fran\u00e7aise d&rsquo;Orient (AFO)<\/strong> est cr\u00e9\u00e9e au sein du <strong>commandement des arm\u00e9es alli\u00e9es en Orient<\/strong> (jusqu&rsquo;en septembre 1920). Ces troupes combattent sur le front des Balkans.<\/p>\n<p style=\"text-align: justify; padding-left: 90px;\">Apr\u00e8s les offensives victorieuses de septembre 1918 dans les Balkans, l&rsquo;arm\u00e9e fran\u00e7aise d&rsquo;Orient donne naissance \u00e0 trois groupements : <strong>l&rsquo;arm\u00e9e de Hongrie<\/strong> (mars-septembre 1919), charg\u00e9e de faire respecter l&rsquo;armistice et de veiller aux respects des nouvelles fronti\u00e8res ; <strong>l&rsquo;arm\u00e9e du Danube<\/strong> (octobre 1918-janvier 1920), install\u00e9e en Roumanie et en Russie m\u00e9ridionale pour soutenir les Russes blancs ; <strong>le corps d&rsquo;occupation fran\u00e7ais de Constantinople<\/strong> (novembre 1920-octobre 1923), charg\u00e9 de d\u00e9fendre les int\u00e9r\u00eats fran\u00e7ais pendant la guerre gr\u00e9co-turque.<\/p>\n<p style=\"text-align: justify;\">Que peut-on trouver au Service historique de la D\u00e9fense \u00e0 Vincennes ? Les archives des unit\u00e9s (les journaux des marches et op\u00e9rations des unit\u00e9s engag\u00e9es en Orient de la sous-s\u00e9rie 26 N) et celles des grandes unit\u00e9s d&rsquo;Orient et du commandement des arm\u00e9es alli\u00e9es d&rsquo;Orient (voir <a href=\"http:\/\/sourcesdelagrandeguerre.fr\/WordPress3\/wp-content\/uploads\/2015\/03\/Inventaire-15-\u00e0-20-N.pdf\" target=\"_blank\">Inventaire sommaire des archives de la guerre 1914-1918 de Jean Nicot et Philippe Schillinger\u00a0 sous-s\u00e9rie 20N, page 443 et suivantes<\/a>) contiennent notamment des ordres de bataille fran\u00e7ais et alli\u00e9s, des situations journali\u00e8res, des \u00e9tats des pertes, des correspondances, etc.<\/p>\n<p style=\"text-align: justify;\">Voir <em>Archives de la Grande Guerre. Guide des sources conserv\u00e9es par le Service historique de la D\u00e9fense relatives \u00e0 la Premi\u00e8re Guerre mondiale<\/em>, Vincennes, Service historique de la D\u00e9fense, 2014, p. 281-283.<\/p>\n<ul>\n<li>\u00a0<span style=\"text-decoration: underline;\">Identifier un lieu<br \/>\n<\/span><\/li>\n<\/ul>\n<p style=\"text-align: justify;\">Tr\u00e8s souvent, les recherches buttent sur les noms des lieux difficiles \u00e0 identifier. Ils sont souvent mal orthographi\u00e9s ou traduits du turc au serbe puis au grec contemporain ou au mac\u00e9donien. On peut utiliser Google maps ainsi que <a href=\"http:\/\/lazarus.elte.hu\/hun\/digkonyv\/topo\/3felmeres.htm\" target=\"_blank\">ces anciennes cartes austro-hongroises<\/a>.<\/p>\n<ul>\n<li style=\"text-align: justify;\"><span style=\"text-decoration: underline;\">Rechercher une s\u00e9pulture<br \/>\n<\/span><\/li>\n<\/ul>\n<p style=\"text-align: justify;\" align=\"justify\">Environ 70 000 soldats fran\u00e7ais sont tomb\u00e9s dans les Balkans. De 1921 \u00e0 1923, la France a regroup\u00e9 les corps de ces hommes dans plusieurs n\u00e9cropoles :<\/p>\n<ul>\n<li style=\"text-align: justify;\">Albanie (Kor\u00e7a, 640 corps) ;<\/li>\n<li style=\"text-align: justify;\">Bulgarie (Sofia, 789 corps) ;<\/li>\n<li style=\"text-align: justify;\">Gr\u00e8ce (Ath\u00e8nes, 53 corps \u00e0 Kalamaki ; Corfou, 209 corps \u00e0 Gastouri ; Thessalonique, 8.310 corps \u00e0 Zeitenlick) ;<\/li>\n<li style=\"text-align: justify;\">Mac\u00e9doine (Bitola, 6.262 corps et deux ossuaires contenant 5.000 corps chacun ; Skopje, 960 corps et deux ossuaires contenant 5.000 corps chacun) ;<\/li>\n<li style=\"text-align: justify;\">Roumanie (Bucarest, 128 corps ; Slobozia, 313 corps) ;<\/li>\n<li style=\"text-align: justify;\">Serbie\u00a0 (Belgrade, 396 corps) ;<\/li>\n<li style=\"text-align: justify;\">Turquie (Istambul, 251 corps \u00e0 Ferik\u00f6y ; Seddul-Bahr, 2 235 corps identifi\u00e9s et 12 000 corps dans un ossuaire).<em><br \/>\n<\/em><\/li>\n<\/ul>\n<p style=\"text-align: justify;\">Des carr\u00e9s militaires plus modestes sont aussi diss\u00e9min\u00e9s dans ces pays (voir les relev\u00e9s du site internet\u00a0 Memorial<em>GenWeb<\/em> : <a href=\"http:\/\/www.memorial-genweb.org\/~memorial2\/html\/fr\/result_pays_etr.php?dpt=9125\" target=\"_blank\">Albanie<\/a>, <a href=\"http:\/\/www.memorial-genweb.org\/~memorial2\/html\/fr\/result_pays_etr.php?dpt=9111\" target=\"_blank\">Bulgarie<\/a>, <a href=\"http:\/\/www.memorial-genweb.org\/~memorial2\/html\/fr\/result_pays_etr.php?dpt=9254\" target=\"_blank\">Chypre<\/a>, <a href=\"http:\/\/www.memorial-genweb.org\/~memorial2\/html\/fr\/result_pays_etr.php?dpt=9126\" target=\"_blank\">Gr\u00e8ce<\/a>, <a href=\"http:\/\/www.memorial-genweb.org\/~memorial2\/html\/fr\/result_pays_etr.php?dpt=9156\" target=\"_blank\">Mac\u00e9doine<\/a>, <a href=\"http:\/\/www.memorial-genweb.org\/~memorial2\/html\/fr\/result_pays_etr.php?dpt=9114\" target=\"_blank\">Roumanie<\/a>, <a href=\"http:\/\/www.memorial-genweb.org\/~memorial2\/html\/fr\/result_pays_etr.php?dpt=9121\" target=\"_blank\">Serbie<\/a>, <a href=\"http:\/\/www.memorial-genweb.org\/~memorial2\/html\/fr\/result_pays_etr.php?dpt=9208\" target=\"_blank\">Turquie<\/a>).<\/p>\n<p class=\"surlignable title\" style=\"text-align: justify;\">Enfin, les consulats et ambassades ont mis en ligne des listes de soldats inhum\u00e9s dans les n\u00e9cropoles <a href=\"http:\/\/www.ambafrance-gr.org\/Liste-des-soldats-francais-inhumes\" target=\"_blank\">de Ze\u00eftenlick<\/a>,\u00a0 <a href=\"http:\/\/www.ambafrance-srb.org\/IMG\/pdf_Cimetiere_militaire_francais_de_Belgrade.pdf?1775\/cedf719d013aa2d0f46a780e925282ac8d607172\" target=\"_blank\">de Belgrade<\/a>,\u00a0 <a href=\"http:\/\/www.ambafrance-mk.org\/Tombes-Skopje-1492\" target=\"_blank\">de Skopje<\/a> et d<a href=\"http:\/\/www.ambafrance-ro.org\/Les-cimetieres-et-carres\" target=\"_blank\">es cimeti\u00e8res et carr\u00e9s militaires en Roumanie<\/a>. Attention, les noms sont souvent mal orthographi\u00e9s sur les tombes. Il est donc n\u00e9cessaire de faire des recoupements et parfois des d\u00e9ductions.<\/p>\n<div class=\"sharedaddy sd-sharing-enabled\"><div class=\"robots-nocontent sd-block sd-social sd-social-icon sd-sharing\"><h3 class=\"sd-title\">Partager\u00a0:<\/h3><div class=\"sd-content\"><ul><li class=\"share-email\"><a rel=\"nofollow noopener noreferrer\" data-shared=\"\" class=\"share-email sd-button share-icon no-text\" href=\"http:\/\/sourcesdelagrandeguerre.fr\/?p=3896&amp;share=email\" target=\"_blank\" title=\"Cliquez pour envoyer par e-mail \u00e0 un ami\"><span><\/span><span class=\"sharing-screen-reader-text\">Cliquez pour envoyer par e-mail \u00e0 un ami(ouvre dans une nouvelle fen\u00eatre)<\/span><\/a><\/li><li class=\"share-facebook\"><a rel=\"nofollow noopener noreferrer\" data-shared=\"sharing-facebook-3896\" class=\"share-facebook sd-button share-icon no-text\" href=\"http:\/\/sourcesdelagrandeguerre.fr\/?p=3896&amp;share=facebook\" target=\"_blank\" title=\"Cliquez pour partager sur Facebook\"><span><\/span><span class=\"sharing-screen-reader-text\">Cliquez pour partager sur Facebook(ouvre dans une nouvelle fen\u00eatre)<\/span><\/a><\/li><li class=\"share-twitter\"><a rel=\"nofollow noopener noreferrer\" data-shared=\"sharing-twitter-3896\" class=\"share-twitter sd-button share-icon no-text\" href=\"http:\/\/sourcesdelagrandeguerre.fr\/?p=3896&amp;share=twitter\" target=\"_blank\" title=\"Cliquez pour partager sur Twitter\"><span><\/span><span class=\"sharing-screen-reader-text\">Cliquez pour partager sur Twitter(ouvre dans une nouvelle fen\u00eatre)<\/span><\/a><\/li><li class=\"share-linkedin\"><a rel=\"nofollow noopener noreferrer\" data-shared=\"sharing-linkedin-3896\" class=\"share-linkedin sd-button share-icon no-text\" href=\"http:\/\/sourcesdelagrandeguerre.fr\/?p=3896&amp;share=linkedin\" target=\"_blank\" title=\"Cliquez pour partager sur LinkedIn\"><span><\/span><span class=\"sharing-screen-reader-text\">Cliquez pour partager sur LinkedIn(ouvre dans une nouvelle fen\u00eatre)<\/span><\/a><\/li><li class=\"share-print\"><a rel=\"nofollow noopener noreferrer\" data-shared=\"\" class=\"share-print sd-button share-icon no-text\" href=\"http:\/\/sourcesdelagrandeguerre.fr\/?p=3896\" target=\"_blank\" title=\"Cliquer pour imprimer\"><span><\/span><span class=\"sharing-screen-reader-text\">Cliquer pour imprimer(ouvre dans une nouvelle fen\u00eatre)<\/span><\/a><\/li><li class=\"share-end\"><\/li><\/ul><\/div><\/div><\/div>","protected":false},"excerpt":{"rendered":"<p>Publication de l&rsquo;Association vosgienne des anciens combattants de l&rsquo;arm\u00e9e d&rsquo;Orient (mars 1929) [Gallica] &nbsp; La semaine derni\u00e8re, Jean-Marc Todeschini, secr\u00e9taire d\u2019\u00c9tat charg\u00e9 des Anciens Combattants et de la m\u00e9moire aupr\u00e8s du minist\u00e8re de la D\u00e9fense, s&rsquo;est rendu en Gr\u00e8ce, en Mac\u00e9doine, en Serbie et en Roumanie, pour comm\u00e9morer le centenaire du d\u00e9but des op\u00e9rations militaires sur le front d&rsquo;Orient. On peut suivre ce voyage m\u00e9moriel et comm\u00e9moratif sur le carnet de voyage de St\u00e9phanie Trouillard, journaliste \u00e0 France24. A cette occasion, nous nous sommes int\u00e9ress\u00e9s aux sources permettant de partir sur les traces des poilus d&rsquo;Orient. Environ 80 000 hommes ont d\u00e9barqu\u00e9 aux Dardanelles en 1915 et 400 000 autres ont combattu dans les Balkans de 1915 \u00e0 1920. A premi\u00e8re vue, la recherche d&rsquo;informations para\u00eet compliqu\u00e9e. Peu d&rsquo;\u00e9tudes et de monographies ont \u00e9t\u00e9 consacr\u00e9es \u00e0 ce front par les historiens. De plus, l&rsquo;\u00e9loignement des champs de bataille et des lieux de m\u00e9moire, l&rsquo;\u00e9parpillement des sources en France, l&rsquo;absence d&rsquo;archives en Mac\u00e9doine (ce qui ne semble pas \u00eatre le cas en Bulgarie) et la barri\u00e8re de la langue quand les recherches se d\u00e9placent dans les Balkans compliquent plus encore les recherches. Pourtant, comme nous l&rsquo;avons d\u00e9j\u00e0 montr\u00e9 en pr\u00e9sentant notamment&#8230;<\/p>\n<div class=\"sharedaddy sd-sharing-enabled\"><div class=\"robots-nocontent sd-block sd-social sd-social-icon sd-sharing\"><h3 class=\"sd-title\">Partager\u00a0:<\/h3><div class=\"sd-content\"><ul><li class=\"share-email\"><a rel=\"nofollow noopener noreferrer\" data-shared=\"\" class=\"share-email sd-button share-icon no-text\" href=\"http:\/\/sourcesdelagrandeguerre.fr\/?p=3896&amp;share=email\" target=\"_blank\" title=\"Cliquez pour envoyer par e-mail \u00e0 un ami\"><span><\/span><span class=\"sharing-screen-reader-text\">Cliquez pour envoyer par e-mail \u00e0 un ami(ouvre dans une nouvelle fen\u00eatre)<\/span><\/a><\/li><li class=\"share-facebook\"><a rel=\"nofollow noopener noreferrer\" data-shared=\"sharing-facebook-3896\" class=\"share-facebook sd-button share-icon no-text\" href=\"http:\/\/sourcesdelagrandeguerre.fr\/?p=3896&amp;share=facebook\" target=\"_blank\" title=\"Cliquez pour partager sur Facebook\"><span><\/span><span class=\"sharing-screen-reader-text\">Cliquez pour partager sur Facebook(ouvre dans une nouvelle fen\u00eatre)<\/span><\/a><\/li><li class=\"share-twitter\"><a rel=\"nofollow noopener noreferrer\" data-shared=\"sharing-twitter-3896\" class=\"share-twitter sd-button share-icon no-text\" href=\"http:\/\/sourcesdelagrandeguerre.fr\/?p=3896&amp;share=twitter\" target=\"_blank\" title=\"Cliquez pour partager sur Twitter\"><span><\/span><span class=\"sharing-screen-reader-text\">Cliquez pour partager sur Twitter(ouvre dans une nouvelle fen\u00eatre)<\/span><\/a><\/li><li class=\"share-linkedin\"><a rel=\"nofollow noopener noreferrer\" data-shared=\"sharing-linkedin-3896\" class=\"share-linkedin sd-button share-icon no-text\" href=\"http:\/\/sourcesdelagrandeguerre.fr\/?p=3896&amp;share=linkedin\" target=\"_blank\" title=\"Cliquez pour partager sur LinkedIn\"><span><\/span><span class=\"sharing-screen-reader-text\">Cliquez pour partager sur LinkedIn(ouvre dans une nouvelle fen\u00eatre)<\/span><\/a><\/li><li class=\"share-print\"><a rel=\"nofollow noopener noreferrer\" data-shared=\"\" class=\"share-print sd-button share-icon no-text\" href=\"http:\/\/sourcesdelagrandeguerre.fr\/?p=3896\" target=\"_blank\" title=\"Cliquer pour imprimer\"><span><\/span><span class=\"sharing-screen-reader-text\">Cliquer pour imprimer(ouvre dans une nouvelle fen\u00eatre)<\/span><\/a><\/li><li class=\"share-end\"><\/li><\/ul><\/div><\/div><\/div>","protected":false},"author":1,"featured_media":3914,"comment_status":"open","ping_status":"open","sticky":false,"template":"","format":"standard","meta":{"spay_email":"","jetpack_publicize_message":"","jetpack_is_tweetstorm":false,"jetpack_publicize_feature_enabled":true},"categories":[4,109,24],"tags":[86,268,237,202,87,269],"jetpack_featured_media_url":"http:\/\/sourcesdelagrandeguerre.fr\/WordPress3\/wp-content\/uploads\/2015\/03\/Les-poilus-dOrient.jpg","jetpack_publicize_connections":[],"jetpack_shortlink":"https:\/\/wp.me\/p2bYSy-10Q","jetpack_sharing_enabled":true,"_links":{"self":[{"href":"http:\/\/sourcesdelagrandeguerre.fr\/index.php?rest_route=\/wp\/v2\/posts\/3896"}],"collection":[{"href":"http:\/\/sourcesdelagrandeguerre.fr\/index.php?rest_route=\/wp\/v2\/posts"}],"about":[{"href":"http:\/\/sourcesdelagrandeguerre.fr\/index.php?rest_route=\/wp\/v2\/types\/post"}],"author":[{"embeddable":true,"href":"http:\/\/sourcesdelagrandeguerre.fr\/index.php?rest_route=\/wp\/v2\/users\/1"}],"replies":[{"embeddable":true,"href":"http:\/\/sourcesdelagrandeguerre.fr\/index.php?rest_route=%2Fwp%2Fv2%2Fcomments&post=3896"}],"version-history":[{"count":40,"href":"http:\/\/sourcesdelagrandeguerre.fr\/index.php?rest_route=\/wp\/v2\/posts\/3896\/revisions"}],"predecessor-version":[{"id":4987,"href":"http:\/\/sourcesdelagrandeguerre.fr\/index.php?rest_route=\/wp\/v2\/posts\/3896\/revisions\/4987"}],"wp:featuredmedia":[{"embeddable":true,"href":"http:\/\/sourcesdelagrandeguerre.fr\/index.php?rest_route=\/wp\/v2\/media\/3914"}],"wp:attachment":[{"href":"http:\/\/sourcesdelagrandeguerre.fr\/index.php?rest_route=%2Fwp%2Fv2%2Fmedia&parent=3896"}],"wp:term":[{"taxonomy":"category","embeddable":true,"href":"http:\/\/sourcesdelagrandeguerre.fr\/index.php?rest_route=%2Fwp%2Fv2%2Fcategories&post=3896"},{"taxonomy":"post_tag","embeddable":true,"href":"http:\/\/sourcesdelagrandeguerre.fr\/index.php?rest_route=%2Fwp%2Fv2%2Ftags&post=3896"}],"curies":[{"name":"wp","href":"https:\/\/api.w.org\/{rel}","templated":true}]}}