{"id":3970,"date":"2015-04-25T11:08:00","date_gmt":"2015-04-25T09:08:00","guid":{"rendered":"http:\/\/sourcesdelagrandeguerre.fr\/WordPress3\/?p=3970"},"modified":"2017-01-11T21:21:06","modified_gmt":"2017-01-11T20:21:06","slug":"leon-bourlet-des-pays-envahis-aux-eparges","status":"publish","type":"post","link":"http:\/\/sourcesdelagrandeguerre.fr\/?p=3970","title":{"rendered":"L\u00e9on Bourlet, des \u00ab\u00a0pays envahis\u00a0\u00bb aux Eparges"},"content":{"rendered":"<p style=\"text-align: justify;\"><a href=\"http:\/\/sourcesdelagrandeguerre.fr\/WordPress3\/wp-content\/uploads\/2015\/04\/L\u00e9on-Bourlet.jpg\"><img data-attachment-id=\"3973\" data-permalink=\"http:\/\/sourcesdelagrandeguerre.fr\/?attachment_id=3973\" data-orig-file=\"http:\/\/sourcesdelagrandeguerre.fr\/WordPress3\/wp-content\/uploads\/2015\/04\/L\u00e9on-Bourlet.jpg\" data-orig-size=\"1836,2295\" data-comments-opened=\"1\" data-image-meta=\"{&quot;aperture&quot;:&quot;2.2&quot;,&quot;credit&quot;:&quot;&quot;,&quot;camera&quot;:&quot;GT-I9505&quot;,&quot;caption&quot;:&quot;&quot;,&quot;created_timestamp&quot;:&quot;1408645038&quot;,&quot;copyright&quot;:&quot;&quot;,&quot;focal_length&quot;:&quot;4.2&quot;,&quot;iso&quot;:&quot;800&quot;,&quot;shutter_speed&quot;:&quot;0.058823529411765&quot;,&quot;title&quot;:&quot;&quot;,&quot;orientation&quot;:&quot;1&quot;}\" data-image-title=\"L\u00e9on Bourlet\" data-image-description=\"\" data-image-caption=\"\" data-medium-file=\"http:\/\/sourcesdelagrandeguerre.fr\/WordPress3\/wp-content\/uploads\/2015\/04\/L\u00e9on-Bourlet-240x300.jpg\" data-large-file=\"http:\/\/sourcesdelagrandeguerre.fr\/WordPress3\/wp-content\/uploads\/2015\/04\/L\u00e9on-Bourlet-819x1024.jpg\" decoding=\"async\" loading=\"lazy\" class=\"alignleft wp-image-3973\" src=\"http:\/\/sourcesdelagrandeguerre.fr\/WordPress3\/wp-content\/uploads\/2015\/04\/L\u00e9on-Bourlet-819x1024.jpg\" alt=\"L\u00e9on Bourlet\" width=\"293\" height=\"366\" srcset=\"http:\/\/sourcesdelagrandeguerre.fr\/WordPress3\/wp-content\/uploads\/2015\/04\/L\u00e9on-Bourlet-819x1024.jpg 819w, http:\/\/sourcesdelagrandeguerre.fr\/WordPress3\/wp-content\/uploads\/2015\/04\/L\u00e9on-Bourlet-240x300.jpg 240w, http:\/\/sourcesdelagrandeguerre.fr\/WordPress3\/wp-content\/uploads\/2015\/04\/L\u00e9on-Bourlet.jpg 1836w\" sizes=\"(max-width: 293px) 100vw, 293px\" \/><\/a>Pour la troisi\u00e8me fois en moins d&rsquo;un an, j&rsquo;\u00e9cris la biographie d&rsquo;un anc\u00eatre mort pour la France pendant la Premi\u00e8re Guerre mondiale. L\u00e9on Bourlet est le fr\u00e8re cadet de mon <a href=\"http:\/\/sourcesdelagrandeguerre.fr\/WordPress3\/?p=1498\" target=\"_blank\">arri\u00e8re-grand-p\u00e8re<\/a>, Rest\u00e9 dans les \u00ab\u00a0pays envahis\u00a0\u00bb lors de l&rsquo;invasion d&rsquo;ao\u00fbt 1914, il choisit de rejoindre la France non occup\u00e9e.<\/p>\n<p style=\"text-align: center;\">**<\/p>\n<p style=\"text-align: justify;\">L\u00e9on Bourlet est n\u00e9 \u00e0 Saulzoir (Nord) le 1er avril 1892. Quand j&rsquo;ai entam\u00e9 les premi\u00e8res recherches \u00e0 son sujet, je me suis aper\u00e7u que L\u00e9on avait \u00e9pous\u00e9 Henriette Gabelle en septembre 1911, s\u0153ur de mon arri\u00e8re-grand-m\u00e8re. Ainsi les deux fr\u00e8res \u00e9taient mari\u00e9s aux deux s\u0153urs !<\/p>\n<p style=\"text-align: justify;\">L\u00e9on est ouvrier quand il est incorpor\u00e9 au 127e r\u00e9giment d&rsquo;infanterie de Valenciennes le 10 octobre 1913. Toutefois, il est r\u00e9form\u00e9 par la commission de r\u00e9forme de Valenciennes pour otite chronique et perforation du tympan le 10 juillet 1914. Ainsi, \u00e0 la d\u00e9claration de guerre, il n&rsquo;est pas rappel\u00e9 sous les drapeaux. A partir du 25 ao\u00fbt 1914, Saulzoir est occup\u00e9 par l&rsquo;arm\u00e9e allemande. Il est pris au pi\u00e8ge derri\u00e8re la ligne de front.<\/p>\n<p style=\"text-align: justify;\"><em><strong>\u00c9vad\u00e9 des pays envahis<\/strong><\/em><\/p>\n<p style=\"text-align: justify;\">N\u00e9anmoins, et bien que r\u00e9form\u00e9, il d\u00e9cide de rejoindre la France non occup\u00e9e. Mon grand-p\u00e8re, alors \u00e2g\u00e9 de 5 ans, se souvenait de son oncle venu faire discr\u00e8tement ses adieux \u00e0 l&rsquo;une des fen\u00eatres de la maison familiale. L\u00e9on quitte le village entre septembre et octobre 1914. Il rejoint vraisemblablement la France non occup\u00e9e par le nord du d\u00e9partement, puisque la ligne de front n&rsquo;est pas encore fig\u00e9e jusqu&rsquo;au littoral. Ce voyage est dangereux car les fugitifs risquent, en cas d&rsquo;interpellation, la garde \u00e0 vue, l&rsquo;internement en qualit\u00e9 de prisonnier civil voire l&rsquo;ex\u00e9cution pour espionnage. Par la suite, une fois la ligne de front fix\u00e9e jusqu&rsquo;\u00e0 la Mer du Nord, les \u00e9vad\u00e9s emprunteront un nouvel itin\u00e9raire passant par la Belgique, les Pays-Bas afin de rejoindre l&rsquo;Angleterre. On sait encore peu de choses sur ces parcours \u00e9tonnants. Pourtant, des sources existent aux Archives d\u00e9partementales ou au Service historique de la D\u00e9fense \u00e0 Vincennes.<\/p>\n<p style=\"text-align: justify;\"><strong><em>Soldat au 87e r\u00e9giment d&rsquo;infanterie<\/em><\/strong><\/p>\n<p style=\"text-align: justify;\">Le 20 novembre 1914, L\u00e9on Bourlet est class\u00e9 \u00ab\u00a0<em>bon pour le service arm\u00e9<\/em>\u00a0\u00bb par d\u00e9cision du conseil de r\u00e9vision d&rsquo;Ancenis (Loire-Atlantique). Il est incorpor\u00e9 au 87e r\u00e9giment d&rsquo;infanterie de Saint-Quentin, un corps dont le d\u00e9p\u00f4t est repli\u00e9 \u00e0 Quimper dans le Finist\u00e8re. Apr\u00e8s quelques semaines d&rsquo;instruction, il arrive au 87e le 25 d\u00e9cembre 1914. Ce r\u00e9giment est alors engag\u00e9 au Bois de la Gruerie, o\u00f9 il a d\u00e9j\u00e0 subi des pertes importantes. Mon arri\u00e8re-grand-oncle participe probablement aux combats sanglants de la cote 196 au nord du Mesnil-les-Hurlus (Marne) en f\u00e9vrier et mars 1915. Ce n&rsquo;est que vers le 17 avril 1915 qu&rsquo;il rejoint les Hauts-de-Meuse face aux \u00c9parges. Depuis le d\u00e9but de l&rsquo;ann\u00e9e, cette cr\u00eate fait l&rsquo;objet d&rsquo;une grande attention de la part du Grand Quartier g\u00e9n\u00e9ral, qui veut s&#8217;emparer de ce point haut pour g\u00eaner l&rsquo;arm\u00e9e allemande. L&rsquo;infanterie fran\u00e7aise se rue \u00e0 l&rsquo;assaut de la cr\u00eate qui culmine \u00e0 346 m\u00e8tres au dessus de la plaine de la Wo\u00ebvre. <a href=\"http:\/\/centenaire.org\/fr\/meuse\/les-eparges\" target=\"_blank\">Les principales attaques ont lieu du 17 au 22 f\u00e9vrier et du 6 au 16 avril 1915<\/a>. En raison de combats ininterrompus, le champ de bataille est devenu un immense bourbier, ravag\u00e9 par les bombardements de l&rsquo;artillerie et les explosions de mines. Les attaques et les contre-attaques s&rsquo;encha\u00eenent, engloutissant les hommes, d\u00e9truisant la nature et transformant le paysage. A la mi-avril, les Fran\u00e7ais contr\u00f4lent la cr\u00eate mais ils ne se sont pas empar\u00e9s du point culminant (le point X). Les Allemands entreprennent alors la reconqu\u00eate de la cr\u00eate. Le haut commandement fran\u00e7ais ne veut pas l\u00e2cher et ordonne aux troupes de tenir. Le maintien des positions fran\u00e7aises est obtenu au prix de pertes consid\u00e9rables. L\u00e9on Bourlet dispara\u00eet dans l&rsquo;un de ces combats aux Eparges avec plusieurs centaines de camarades le 25 avril 1915, <a href=\"https:\/\/www.google.fr\/maps\/@49.0519644,5.5687379,3792m\/data=!3m1!1e3\" target=\"_blank\">peut-\u00eatre dans le Bois Saint-R\u00e9my pr\u00e8s de Mouilly, entre la tranch\u00e9e de Calonne et les\u00a0\u00c9parges<\/a>.<\/p>\n<p style=\"text-align: justify;\"><em><strong>Un disparu<\/strong> <\/em><\/p>\n<p style=\"text-align: justify;\">Dans un premier temps, il est pr\u00e9sum\u00e9 prisonnier. Aucun corps n&rsquo;est retrouv\u00e9. Son nom ne figure sur aucune liste de prisonniers. A la fin de la guerre, il fait partie des milliers de disparus. Le 25 septembre 1920, la famille est avertie qu&rsquo;une instance en d\u00e9claration judiciaire de d\u00e9c\u00e8s est entreprise. Finalement, le d\u00e9c\u00e8s de mon arri\u00e8re-grand oncle est fix\u00e9 au 25 avril 1915 par jugement du tribunal civil de Cambrai le 12 novembre 1920, sur requ\u00eate du procureur de la R\u00e9publique de Cambrai. Le jugement est ensuite transcrit sur les registres de l&rsquo;\u00e9tat-civil de Saulzoir le 16 d\u00e9cembre 1920. L\u00e9on est mort pour la France.<\/p>\n<p style=\"text-align: justify;\">Avant la guerre, il avait eu un fils, L\u00e9on Alexis, n\u00e9 le 23 ao\u00fbt 1913. Ce blog m&rsquo;a permis de rencontrer la petite-fille de L\u00e9on Bourlet l&rsquo;ann\u00e9e derni\u00e8re. Nous avons beaucoup \u00e9chang\u00e9 sur l&rsquo;histoire de la famille et sur son grand-p\u00e8re, dont elle conserve pieusement la photographie dans la salle \u00e0 manger. Elle me confiait que son p\u00e8re, L\u00e9on Alexis, avait esp\u00e9r\u00e9, toute sa vie, retrouver le corps de ce p\u00e8re mort \u00e0 l&rsquo;\u00e2ge de 23 ans.<\/p>\n<p style=\"text-align: center;\">***<\/p>\n<p style=\"text-align: justify;\">Pour voir les deux pr\u00e9c\u00e9dents billets sur mes deux autres parents morts \u00e0 la guerre :<\/p>\n<ul>\n<li style=\"text-align: justify;\"><a href=\"http:\/\/sourcesdelagrandeguerre.fr\/WordPress3\/?p=3405\" target=\"_blank\">Jules Berquet, disparu le 31 ao\u00fbt 1914<\/a><\/li>\n<li style=\"text-align: justify;\"><a href=\"http:\/\/sourcesdelagrandeguerre.fr\/WordPress3\/?p=3797\" target=\"_blank\">Charles Bourlet, mort pour la France le 7 mars 1915<\/a><\/li>\n<\/ul>\n<div class=\"sharedaddy sd-sharing-enabled\"><div class=\"robots-nocontent sd-block sd-social sd-social-icon sd-sharing\"><h3 class=\"sd-title\">Partager\u00a0:<\/h3><div class=\"sd-content\"><ul><li class=\"share-email\"><a rel=\"nofollow noopener noreferrer\" data-shared=\"\" class=\"share-email sd-button share-icon no-text\" href=\"http:\/\/sourcesdelagrandeguerre.fr\/?p=3970&amp;share=email\" target=\"_blank\" title=\"Cliquez pour envoyer par e-mail \u00e0 un ami\"><span><\/span><span class=\"sharing-screen-reader-text\">Cliquez pour envoyer par e-mail \u00e0 un ami(ouvre dans une nouvelle fen\u00eatre)<\/span><\/a><\/li><li class=\"share-facebook\"><a rel=\"nofollow noopener noreferrer\" data-shared=\"sharing-facebook-3970\" class=\"share-facebook sd-button share-icon no-text\" href=\"http:\/\/sourcesdelagrandeguerre.fr\/?p=3970&amp;share=facebook\" target=\"_blank\" title=\"Cliquez pour partager sur Facebook\"><span><\/span><span class=\"sharing-screen-reader-text\">Cliquez pour partager sur Facebook(ouvre dans une nouvelle fen\u00eatre)<\/span><\/a><\/li><li class=\"share-twitter\"><a rel=\"nofollow noopener noreferrer\" data-shared=\"sharing-twitter-3970\" class=\"share-twitter sd-button share-icon no-text\" href=\"http:\/\/sourcesdelagrandeguerre.fr\/?p=3970&amp;share=twitter\" target=\"_blank\" title=\"Cliquez pour partager sur Twitter\"><span><\/span><span class=\"sharing-screen-reader-text\">Cliquez pour partager sur Twitter(ouvre dans une nouvelle fen\u00eatre)<\/span><\/a><\/li><li class=\"share-linkedin\"><a rel=\"nofollow noopener noreferrer\" data-shared=\"sharing-linkedin-3970\" class=\"share-linkedin sd-button share-icon no-text\" href=\"http:\/\/sourcesdelagrandeguerre.fr\/?p=3970&amp;share=linkedin\" target=\"_blank\" title=\"Cliquez pour partager sur LinkedIn\"><span><\/span><span class=\"sharing-screen-reader-text\">Cliquez pour partager sur LinkedIn(ouvre dans une nouvelle fen\u00eatre)<\/span><\/a><\/li><li class=\"share-print\"><a rel=\"nofollow noopener noreferrer\" data-shared=\"\" class=\"share-print sd-button share-icon no-text\" href=\"http:\/\/sourcesdelagrandeguerre.fr\/?p=3970\" target=\"_blank\" title=\"Cliquer pour imprimer\"><span><\/span><span class=\"sharing-screen-reader-text\">Cliquer pour imprimer(ouvre dans une nouvelle fen\u00eatre)<\/span><\/a><\/li><li class=\"share-end\"><\/li><\/ul><\/div><\/div><\/div>","protected":false},"excerpt":{"rendered":"<p>Pour la troisi\u00e8me fois en moins d&rsquo;un an, j&rsquo;\u00e9cris la biographie d&rsquo;un anc\u00eatre mort pour la France pendant la Premi\u00e8re Guerre mondiale. L\u00e9on Bourlet est le fr\u00e8re cadet de mon arri\u00e8re-grand-p\u00e8re, Rest\u00e9 dans les \u00ab\u00a0pays envahis\u00a0\u00bb lors de l&rsquo;invasion d&rsquo;ao\u00fbt 1914, il choisit de rejoindre la France non occup\u00e9e. ** L\u00e9on Bourlet est n\u00e9 \u00e0 Saulzoir (Nord) le 1er avril 1892. Quand j&rsquo;ai entam\u00e9 les premi\u00e8res recherches \u00e0 son sujet, je me suis aper\u00e7u que L\u00e9on avait \u00e9pous\u00e9 Henriette Gabelle en septembre 1911, s\u0153ur de mon arri\u00e8re-grand-m\u00e8re. Ainsi les deux fr\u00e8res \u00e9taient mari\u00e9s aux deux s\u0153urs ! L\u00e9on est ouvrier quand il est incorpor\u00e9 au 127e r\u00e9giment d&rsquo;infanterie de Valenciennes le 10 octobre 1913. Toutefois, il est r\u00e9form\u00e9 par la commission de r\u00e9forme de Valenciennes pour otite chronique et perforation du tympan le 10 juillet 1914. Ainsi, \u00e0 la d\u00e9claration de guerre, il n&rsquo;est pas rappel\u00e9 sous les drapeaux. A partir du 25 ao\u00fbt 1914, Saulzoir est occup\u00e9 par l&rsquo;arm\u00e9e allemande. Il est pris au pi\u00e8ge derri\u00e8re la ligne de front. \u00c9vad\u00e9 des pays envahis N\u00e9anmoins, et bien que r\u00e9form\u00e9, il d\u00e9cide de rejoindre la France non occup\u00e9e. Mon grand-p\u00e8re, alors \u00e2g\u00e9 de 5 ans, se souvenait de son oncle&#8230;<\/p>\n<div class=\"sharedaddy sd-sharing-enabled\"><div class=\"robots-nocontent sd-block sd-social sd-social-icon sd-sharing\"><h3 class=\"sd-title\">Partager\u00a0:<\/h3><div class=\"sd-content\"><ul><li class=\"share-email\"><a rel=\"nofollow noopener noreferrer\" data-shared=\"\" class=\"share-email sd-button share-icon no-text\" href=\"http:\/\/sourcesdelagrandeguerre.fr\/?p=3970&amp;share=email\" target=\"_blank\" title=\"Cliquez pour envoyer par e-mail \u00e0 un ami\"><span><\/span><span class=\"sharing-screen-reader-text\">Cliquez pour envoyer par e-mail \u00e0 un ami(ouvre dans une nouvelle fen\u00eatre)<\/span><\/a><\/li><li class=\"share-facebook\"><a rel=\"nofollow noopener noreferrer\" data-shared=\"sharing-facebook-3970\" class=\"share-facebook sd-button share-icon no-text\" href=\"http:\/\/sourcesdelagrandeguerre.fr\/?p=3970&amp;share=facebook\" target=\"_blank\" title=\"Cliquez pour partager sur Facebook\"><span><\/span><span class=\"sharing-screen-reader-text\">Cliquez pour partager sur Facebook(ouvre dans une nouvelle fen\u00eatre)<\/span><\/a><\/li><li class=\"share-twitter\"><a rel=\"nofollow noopener noreferrer\" data-shared=\"sharing-twitter-3970\" class=\"share-twitter sd-button share-icon no-text\" href=\"http:\/\/sourcesdelagrandeguerre.fr\/?p=3970&amp;share=twitter\" target=\"_blank\" title=\"Cliquez pour partager sur Twitter\"><span><\/span><span class=\"sharing-screen-reader-text\">Cliquez pour partager sur Twitter(ouvre dans une nouvelle fen\u00eatre)<\/span><\/a><\/li><li class=\"share-linkedin\"><a rel=\"nofollow noopener noreferrer\" data-shared=\"sharing-linkedin-3970\" class=\"share-linkedin sd-button share-icon no-text\" href=\"http:\/\/sourcesdelagrandeguerre.fr\/?p=3970&amp;share=linkedin\" target=\"_blank\" title=\"Cliquez pour partager sur LinkedIn\"><span><\/span><span class=\"sharing-screen-reader-text\">Cliquez pour partager sur LinkedIn(ouvre dans une nouvelle fen\u00eatre)<\/span><\/a><\/li><li class=\"share-print\"><a rel=\"nofollow noopener noreferrer\" data-shared=\"\" class=\"share-print sd-button share-icon no-text\" href=\"http:\/\/sourcesdelagrandeguerre.fr\/?p=3970\" target=\"_blank\" title=\"Cliquer pour imprimer\"><span><\/span><span class=\"sharing-screen-reader-text\">Cliquer pour imprimer(ouvre dans une nouvelle fen\u00eatre)<\/span><\/a><\/li><li class=\"share-end\"><\/li><\/ul><\/div><\/div><\/div>","protected":false},"author":1,"featured_media":3973,"comment_status":"open","ping_status":"open","sticky":false,"template":"","format":"standard","meta":{"spay_email":"","jetpack_publicize_message":"","jetpack_is_tweetstorm":false,"jetpack_publicize_feature_enabled":true},"categories":[109],"tags":[236,273,232,181,31],"jetpack_featured_media_url":"http:\/\/sourcesdelagrandeguerre.fr\/WordPress3\/wp-content\/uploads\/2015\/04\/L\u00e9on-Bourlet.jpg","jetpack_publicize_connections":[],"jetpack_shortlink":"https:\/\/wp.me\/p2bYSy-122","jetpack_sharing_enabled":true,"_links":{"self":[{"href":"http:\/\/sourcesdelagrandeguerre.fr\/index.php?rest_route=\/wp\/v2\/posts\/3970"}],"collection":[{"href":"http:\/\/sourcesdelagrandeguerre.fr\/index.php?rest_route=\/wp\/v2\/posts"}],"about":[{"href":"http:\/\/sourcesdelagrandeguerre.fr\/index.php?rest_route=\/wp\/v2\/types\/post"}],"author":[{"embeddable":true,"href":"http:\/\/sourcesdelagrandeguerre.fr\/index.php?rest_route=\/wp\/v2\/users\/1"}],"replies":[{"embeddable":true,"href":"http:\/\/sourcesdelagrandeguerre.fr\/index.php?rest_route=%2Fwp%2Fv2%2Fcomments&post=3970"}],"version-history":[{"count":16,"href":"http:\/\/sourcesdelagrandeguerre.fr\/index.php?rest_route=\/wp\/v2\/posts\/3970\/revisions"}],"predecessor-version":[{"id":3989,"href":"http:\/\/sourcesdelagrandeguerre.fr\/index.php?rest_route=\/wp\/v2\/posts\/3970\/revisions\/3989"}],"wp:featuredmedia":[{"embeddable":true,"href":"http:\/\/sourcesdelagrandeguerre.fr\/index.php?rest_route=\/wp\/v2\/media\/3973"}],"wp:attachment":[{"href":"http:\/\/sourcesdelagrandeguerre.fr\/index.php?rest_route=%2Fwp%2Fv2%2Fmedia&parent=3970"}],"wp:term":[{"taxonomy":"category","embeddable":true,"href":"http:\/\/sourcesdelagrandeguerre.fr\/index.php?rest_route=%2Fwp%2Fv2%2Fcategories&post=3970"},{"taxonomy":"post_tag","embeddable":true,"href":"http:\/\/sourcesdelagrandeguerre.fr\/index.php?rest_route=%2Fwp%2Fv2%2Ftags&post=3970"}],"curies":[{"name":"wp","href":"https:\/\/api.w.org\/{rel}","templated":true}]}}