{"id":579,"date":"2012-03-11T21:56:28","date_gmt":"2012-03-11T20:56:28","guid":{"rendered":"http:\/\/sourcesdelagrandeguerre.fr\/WordPress3\/?p=579"},"modified":"2012-03-11T21:56:28","modified_gmt":"2012-03-11T20:56:28","slug":"europeana-collections-1914-1918-acte-i-la-genese","status":"publish","type":"post","link":"http:\/\/sourcesdelagrandeguerre.fr\/?p=579","title":{"rendered":"Europeana Collections 1914-1918. Acte I : la gen\u00e8se"},"content":{"rendered":"<p style=\"text-align: justify;\"><a href=\"http:\/\/www.europeana-collections-1914-1918.eu\/\"><img data-attachment-id=\"596\" data-permalink=\"http:\/\/sourcesdelagrandeguerre.fr\/?attachment_id=596\" data-orig-file=\"http:\/\/sourcesdelagrandeguerre.fr\/WordPress3\/wp-content\/uploads\/2012\/03\/ec1418_logo_portrait_redblack.jpg\" data-orig-size=\"400,659\" data-comments-opened=\"1\" data-image-meta=\"{&quot;aperture&quot;:&quot;0&quot;,&quot;credit&quot;:&quot;&quot;,&quot;camera&quot;:&quot;&quot;,&quot;caption&quot;:&quot;&quot;,&quot;created_timestamp&quot;:&quot;0&quot;,&quot;copyright&quot;:&quot;&quot;,&quot;focal_length&quot;:&quot;0&quot;,&quot;iso&quot;:&quot;0&quot;,&quot;shutter_speed&quot;:&quot;0&quot;,&quot;title&quot;:&quot;&quot;}\" data-image-title=\"Europeana Collections\" data-image-description=\"\" data-image-caption=\"\" data-medium-file=\"http:\/\/sourcesdelagrandeguerre.fr\/WordPress3\/wp-content\/uploads\/2012\/03\/ec1418_logo_portrait_redblack-182x300.jpg\" data-large-file=\"http:\/\/sourcesdelagrandeguerre.fr\/WordPress3\/wp-content\/uploads\/2012\/03\/ec1418_logo_portrait_redblack.jpg\" decoding=\"async\" loading=\"lazy\" class=\" wp-image-596 alignleft\" title=\"Europeana Collections\" src=\"http:\/\/sourcesdelagrandeguerre.fr\/WordPress3\/wp-content\/uploads\/2012\/03\/ec1418_logo_portrait_redblack-182x300.jpg\" alt=\"\" width=\"165\" height=\"270\" \/><\/a>Je commence aujourd&rsquo;hui un \u00ab\u00a0billet-feuilleton\u00a0\u00bb consacr\u00e9 au programme <strong><a title=\"Europeana Collections 1914-1918\" href=\"http:\/\/www.europeana-collections-1914-1918.eu\/\" target=\"_blank\">Europeana Collections 1914-1918<\/a>.<\/strong><\/p>\n<p style=\"text-align: justify;\"><strong><\/strong>C&rsquo;est un projet international de num\u00e9risation et de diffusion, via un portail europ\u00e9en, de documents se rapportant \u00e0 la Premi\u00e8re Guerre mondiale.<\/p>\n<p style=\"text-align: justify;\">Soutenu par la Commission europ\u00e9enne, ce projet est impressionnant, tant par ses objectifs (mise en ligne de plus de 400000 documents) que par l&rsquo;important travail de coordination qu&rsquo;il suppose \u00e0 l&rsquo;\u00e9chelle europ\u00e9enne (mise en place de partenariats, s\u00e9lection des documents, num\u00e9risation et oc\u00e9risation, interop\u00e9rabilit\u00e9 des m\u00e9tadonn\u00e9es, agr\u00e9gation des contenus, m\u00e9diation&#8230;).<\/p>\n<p style=\"text-align: justify;\">En voici la gen\u00e8se.<\/p>\n<p style=\"text-align: justify;\">En 2010, dix biblioth\u00e8ques nationales de <strong>huit pays europ\u00e9ens<\/strong>, ainsi que deux partenaires techniques, ont d\u00e9cid\u00e9 de se r\u00e9unir autour d&rsquo;un projet commun visant \u00e0 num\u00e9riser et \u00e0 proposer en ligne un corpus riche et vari\u00e9 de documents num\u00e9ris\u00e9s traitant de la Grande Guerre. Ces pays, qui figuraient en 1914-1918 du c\u00f4t\u00e9 de la Triple Entente, de la Triple Alliance ou des Neutres, sont : l&rsquo;Allemagne, la France, l&rsquo;Italie, la Belgique, le Royaume-Uni, le Danemark, l&rsquo;Autriche, la Serbie. La France est repr\u00e9sent\u00e9e par la <strong>Biblioth\u00e8que nationale de France<\/strong> (BnF) et la <strong>Biblioth\u00e8que nationale et universitaire<\/strong> (BNU) de Strasbourg.<\/p>\n<p style=\"text-align: justify;\">17 th\u00e9matiques ont \u00e9t\u00e9 retenues (par exemple : litt\u00e9rature de guerre ; chants et partitions ; p\u00e9riodiques ; pamphlets ; cartes et plans ; documents manuscrits ; documents iconographiques ; etc.), sur le mod\u00e8le de la collection Krieg 1914 de la Staatsbibliothek de Berlin. D\u00e8s les premiers jours du conflit, ce qui \u00e9tait alors la Biblioth\u00e8que royale de Prusse avait veill\u00e9 \u00e0 collecter la production imprim\u00e9e, qui fut ensuite \u00e9t\u00e9 assembl\u00e9e en une collection de plus de 40 000 pi\u00e8ces.<\/p>\n<p style=\"text-align: justify;\">Dans le cadre de ce projet europ\u00e9en, la BnF et la BNU ont entrepris un recensement de leurs collections sur la Grande Guerre. Les collections de la BNU pr\u00e9sentent un int\u00e9r\u00eat majeur parce qu&rsquo;elles compl\u00e8tent les collections de la Staatsbibliothek, qui ont souffert lors des bombardements de 1945. A l&rsquo;instar des autres biblioth\u00e8ques allemandes, pendant la Guerre, la Kaiserliche Universit\u00e4ts- und Landesbibliothek zu Strassburg (BNU) avait entrepris de collecter les documents imprim\u00e9s sur le front de l&rsquo;ouest (environ 11 000 documents, par la suite dispers\u00e9s dans les diff\u00e9rents fonds et red\u00e9couverts en 2003, ce qui a nourri l&rsquo;exposition <a href=\"http:\/\/www.bnu.fr\/action-culturel\/agenda\/orages-de-papier\" target=\"_blank\"><em>Orages de papier<\/em><\/a> en 2008-2009).<\/p>\n<p style=\"text-align: justify;\">Deux p\u00f4les associ\u00e9s de la BnF ont rejoint ce projet de grande envergure : la <strong>Biblioth\u00e8que de documentation internationale contemporaine<\/strong> (BDIC), dont l&rsquo;histoire est intimement li\u00e9e \u00e0 la Premi\u00e8re Guerre mondiale, et la <strong>direction de la m\u00e9moire, du patrimoine et des archives<\/strong> (DMPA) au minist\u00e8re de la D\u00e9fense, qui fait num\u00e9riser les collections de diff\u00e9rentes biblioth\u00e8ques militaires.<\/p>\n<p style=\"text-align: justify;\">Au total, pr\u00e8s de 40 000 documents issus de ces quatre partenaires fran\u00e7ais et tomb\u00e9s dans le domaine public devraient \u00eatre num\u00e9ris\u00e9s dans le cadre de ce projet. Ils seront ensuite en acc\u00e8s libre et gratuit sur Europeana, le\u00a0portail de diffusion de la culture europ\u00e9enne cr\u00e9\u00e9 en 2008, et sur Gallica.<\/p>\n<p style=\"text-align: justify;\">Les actes de la journ\u00e9e d&rsquo;\u00e9tude du 16 d\u00e9cembre\u00a0 <a href=\"http:\/\/www.bnf.fr\/fr\/professionnels\/journees_poles_associes\/a.journee_numerisation_guerre_1418.html#SHDC__Attribute_BlocArticle14BnF\" target=\"_blank\">\u00ab\u00a0Num\u00e9riser le patrimoine pour le centenaire de la Grande Guerre\u00a0\u00bb<\/a> donnent un aper\u00e7u des <a title=\"Pr\u00e9sentation de Sophie Sepetjan\" href=\"http:\/\/www.bnf.fr\/documents\/SEPETJAN_presentation_2011.pdf\" target=\"_blank\">difficult\u00e9s juridiques<\/a> qui peuvent se poser pour num\u00e9riser des documents absolument libres de droits.<\/p>\n<p style=\"text-align: justify;\">Plus largement, les diff\u00e9rentes communications de cette journ\u00e9e tr\u00e8s int\u00e9ressante permettent aussi de se faire une id\u00e9e des contenus \u00e0 venir du portail europ\u00e9en, dont il sera question dans l&rsquo;acte II de ce billet.<\/p>\n<p style=\"text-align: justify;\">Pour en savoir plus :<\/p>\n<p style=\"text-align: justify;\">&#8211; un m\u00e9moire d&rsquo;\u00e9tude de J\u00e9r\u00f4me Schweitzer pour le dipl\u00f4me de conservateur de biblioth\u00e8que, <a href=\"http:\/\/www.defense.gouv.fr\/educadef\/ressources\/autres-publications\/premiere-guerre-mondiale\" target=\"_blank\"><em>Num\u00e9riser le patrimoine \u00e9crit et iconographique pour comm\u00e9morer la Grande Guerre : enjeux scientifiques et culturels, strat\u00e9gie documentaire et partenariale<\/em><\/a>, janvier 2011<\/p>\n<p style=\"text-align: justify;\">&#8211; une vid\u00e9o de 3 minutes expliquant les op\u00e9rations de num\u00e9risation \u00e0 la BNU de Strasbourg :<\/p>\n<p><object style=\"height: 390px; width: 640px;\" width=\"640\" height=\"360\" classid=\"clsid:d27cdb6e-ae6d-11cf-96b8-444553540000\" codebase=\"http:\/\/download.macromedia.com\/pub\/shockwave\/cabs\/flash\/swflash.cab#version=6,0,40,0\"><param name=\"allowFullScreen\" value=\"true\" \/><param name=\"allowScriptAccess\" value=\"always\" \/><param name=\"src\" value=\"http:\/\/www.youtube.com\/v\/1AFOgDVcpuA?version=3&amp;feature=player_detailpage\" \/><param name=\"allowfullscreen\" value=\"true\" \/><param name=\"allowscriptaccess\" value=\"always\" \/><\/object><\/p>\n<p>&nbsp;<\/p>\n<div class=\"sharedaddy sd-sharing-enabled\"><div class=\"robots-nocontent sd-block sd-social sd-social-icon sd-sharing\"><h3 class=\"sd-title\">Partager\u00a0:<\/h3><div class=\"sd-content\"><ul><li class=\"share-email\"><a rel=\"nofollow noopener noreferrer\" data-shared=\"\" class=\"share-email sd-button share-icon no-text\" href=\"http:\/\/sourcesdelagrandeguerre.fr\/?p=579&amp;share=email\" target=\"_blank\" title=\"Cliquez pour envoyer par e-mail \u00e0 un ami\"><span><\/span><span class=\"sharing-screen-reader-text\">Cliquez pour envoyer par e-mail \u00e0 un ami(ouvre dans une nouvelle fen\u00eatre)<\/span><\/a><\/li><li class=\"share-facebook\"><a rel=\"nofollow noopener noreferrer\" data-shared=\"sharing-facebook-579\" class=\"share-facebook sd-button share-icon no-text\" href=\"http:\/\/sourcesdelagrandeguerre.fr\/?p=579&amp;share=facebook\" target=\"_blank\" title=\"Cliquez pour partager sur Facebook\"><span><\/span><span class=\"sharing-screen-reader-text\">Cliquez pour partager sur Facebook(ouvre dans une nouvelle fen\u00eatre)<\/span><\/a><\/li><li class=\"share-twitter\"><a rel=\"nofollow noopener noreferrer\" data-shared=\"sharing-twitter-579\" class=\"share-twitter sd-button share-icon no-text\" href=\"http:\/\/sourcesdelagrandeguerre.fr\/?p=579&amp;share=twitter\" target=\"_blank\" title=\"Cliquez pour partager sur Twitter\"><span><\/span><span class=\"sharing-screen-reader-text\">Cliquez pour partager sur Twitter(ouvre dans une nouvelle fen\u00eatre)<\/span><\/a><\/li><li class=\"share-linkedin\"><a rel=\"nofollow noopener noreferrer\" data-shared=\"sharing-linkedin-579\" class=\"share-linkedin sd-button share-icon no-text\" href=\"http:\/\/sourcesdelagrandeguerre.fr\/?p=579&amp;share=linkedin\" target=\"_blank\" title=\"Cliquez pour partager sur LinkedIn\"><span><\/span><span class=\"sharing-screen-reader-text\">Cliquez pour partager sur LinkedIn(ouvre dans une nouvelle fen\u00eatre)<\/span><\/a><\/li><li class=\"share-print\"><a rel=\"nofollow noopener noreferrer\" data-shared=\"\" class=\"share-print sd-button share-icon no-text\" href=\"http:\/\/sourcesdelagrandeguerre.fr\/?p=579\" target=\"_blank\" title=\"Cliquer pour imprimer\"><span><\/span><span class=\"sharing-screen-reader-text\">Cliquer pour imprimer(ouvre dans une nouvelle fen\u00eatre)<\/span><\/a><\/li><li class=\"share-end\"><\/li><\/ul><\/div><\/div><\/div>","protected":false},"excerpt":{"rendered":"<p>Je commence aujourd&rsquo;hui un \u00ab\u00a0billet-feuilleton\u00a0\u00bb consacr\u00e9 au programme Europeana Collections 1914-1918. C&rsquo;est un projet international de num\u00e9risation et de diffusion, via un portail europ\u00e9en, de documents se rapportant \u00e0 la Premi\u00e8re Guerre mondiale. Soutenu par la Commission europ\u00e9enne, ce projet est impressionnant, tant par ses objectifs (mise en ligne de plus de 400000 documents) que par l&rsquo;important travail de coordination qu&rsquo;il suppose \u00e0 l&rsquo;\u00e9chelle europ\u00e9enne (mise en place de partenariats, s\u00e9lection des documents, num\u00e9risation et oc\u00e9risation, interop\u00e9rabilit\u00e9 des m\u00e9tadonn\u00e9es, agr\u00e9gation des contenus, m\u00e9diation&#8230;). En voici la gen\u00e8se. En 2010, dix biblioth\u00e8ques nationales de huit pays europ\u00e9ens, ainsi que deux partenaires techniques, ont d\u00e9cid\u00e9 de se r\u00e9unir autour d&rsquo;un projet commun visant \u00e0 num\u00e9riser et \u00e0 proposer en ligne un corpus riche et vari\u00e9 de documents num\u00e9ris\u00e9s traitant de la Grande Guerre. Ces pays, qui figuraient en 1914-1918 du c\u00f4t\u00e9 de la Triple Entente, de la Triple Alliance ou des Neutres, sont : l&rsquo;Allemagne, la France, l&rsquo;Italie, la Belgique, le Royaume-Uni, le Danemark, l&rsquo;Autriche, la Serbie. La France est repr\u00e9sent\u00e9e par la Biblioth\u00e8que nationale de France (BnF) et la Biblioth\u00e8que nationale et universitaire (BNU) de Strasbourg. 17 th\u00e9matiques ont \u00e9t\u00e9 retenues (par exemple : litt\u00e9rature de guerre ; chants et partitions&#8230;<\/p>\n<div class=\"sharedaddy sd-sharing-enabled\"><div class=\"robots-nocontent sd-block sd-social sd-social-icon sd-sharing\"><h3 class=\"sd-title\">Partager\u00a0:<\/h3><div class=\"sd-content\"><ul><li class=\"share-email\"><a rel=\"nofollow noopener noreferrer\" data-shared=\"\" class=\"share-email sd-button share-icon no-text\" href=\"http:\/\/sourcesdelagrandeguerre.fr\/?p=579&amp;share=email\" target=\"_blank\" title=\"Cliquez pour envoyer par e-mail \u00e0 un ami\"><span><\/span><span class=\"sharing-screen-reader-text\">Cliquez pour envoyer par e-mail \u00e0 un ami(ouvre dans une nouvelle fen\u00eatre)<\/span><\/a><\/li><li class=\"share-facebook\"><a rel=\"nofollow noopener noreferrer\" data-shared=\"sharing-facebook-579\" class=\"share-facebook sd-button share-icon no-text\" href=\"http:\/\/sourcesdelagrandeguerre.fr\/?p=579&amp;share=facebook\" target=\"_blank\" title=\"Cliquez pour partager sur Facebook\"><span><\/span><span class=\"sharing-screen-reader-text\">Cliquez pour partager sur Facebook(ouvre dans une nouvelle fen\u00eatre)<\/span><\/a><\/li><li class=\"share-twitter\"><a rel=\"nofollow noopener noreferrer\" data-shared=\"sharing-twitter-579\" class=\"share-twitter sd-button share-icon no-text\" href=\"http:\/\/sourcesdelagrandeguerre.fr\/?p=579&amp;share=twitter\" target=\"_blank\" title=\"Cliquez pour partager sur Twitter\"><span><\/span><span class=\"sharing-screen-reader-text\">Cliquez pour partager sur Twitter(ouvre dans une nouvelle fen\u00eatre)<\/span><\/a><\/li><li class=\"share-linkedin\"><a rel=\"nofollow noopener noreferrer\" data-shared=\"sharing-linkedin-579\" class=\"share-linkedin sd-button share-icon no-text\" href=\"http:\/\/sourcesdelagrandeguerre.fr\/?p=579&amp;share=linkedin\" target=\"_blank\" title=\"Cliquez pour partager sur LinkedIn\"><span><\/span><span class=\"sharing-screen-reader-text\">Cliquez pour partager sur LinkedIn(ouvre dans une nouvelle fen\u00eatre)<\/span><\/a><\/li><li class=\"share-print\"><a rel=\"nofollow noopener noreferrer\" data-shared=\"\" class=\"share-print sd-button share-icon no-text\" href=\"http:\/\/sourcesdelagrandeguerre.fr\/?p=579\" target=\"_blank\" title=\"Cliquer pour imprimer\"><span><\/span><span class=\"sharing-screen-reader-text\">Cliquer pour imprimer(ouvre dans une nouvelle fen\u00eatre)<\/span><\/a><\/li><li class=\"share-end\"><\/li><\/ul><\/div><\/div><\/div>","protected":false},"author":2,"featured_media":0,"comment_status":"open","ping_status":"open","sticky":false,"template":"","format":"standard","meta":{"spay_email":"","jetpack_publicize_message":"","jetpack_is_tweetstorm":false,"jetpack_publicize_feature_enabled":true},"categories":[23,35,13],"tags":[59,57,58,60,56,61,10],"jetpack_featured_media_url":"","jetpack_publicize_connections":[],"jetpack_shortlink":"https:\/\/wp.me\/p2bYSy-9l","jetpack_sharing_enabled":true,"_links":{"self":[{"href":"http:\/\/sourcesdelagrandeguerre.fr\/index.php?rest_route=\/wp\/v2\/posts\/579"}],"collection":[{"href":"http:\/\/sourcesdelagrandeguerre.fr\/index.php?rest_route=\/wp\/v2\/posts"}],"about":[{"href":"http:\/\/sourcesdelagrandeguerre.fr\/index.php?rest_route=\/wp\/v2\/types\/post"}],"author":[{"embeddable":true,"href":"http:\/\/sourcesdelagrandeguerre.fr\/index.php?rest_route=\/wp\/v2\/users\/2"}],"replies":[{"embeddable":true,"href":"http:\/\/sourcesdelagrandeguerre.fr\/index.php?rest_route=%2Fwp%2Fv2%2Fcomments&post=579"}],"version-history":[{"count":41,"href":"http:\/\/sourcesdelagrandeguerre.fr\/index.php?rest_route=\/wp\/v2\/posts\/579\/revisions"}],"predecessor-version":[{"id":623,"href":"http:\/\/sourcesdelagrandeguerre.fr\/index.php?rest_route=\/wp\/v2\/posts\/579\/revisions\/623"}],"wp:attachment":[{"href":"http:\/\/sourcesdelagrandeguerre.fr\/index.php?rest_route=%2Fwp%2Fv2%2Fmedia&parent=579"}],"wp:term":[{"taxonomy":"category","embeddable":true,"href":"http:\/\/sourcesdelagrandeguerre.fr\/index.php?rest_route=%2Fwp%2Fv2%2Fcategories&post=579"},{"taxonomy":"post_tag","embeddable":true,"href":"http:\/\/sourcesdelagrandeguerre.fr\/index.php?rest_route=%2Fwp%2Fv2%2Ftags&post=579"}],"curies":[{"name":"wp","href":"https:\/\/api.w.org\/{rel}","templated":true}]}}