{"id":903,"date":"2012-05-04T22:08:12","date_gmt":"2012-05-04T20:08:12","guid":{"rendered":"http:\/\/sourcesdelagrandeguerre.fr\/WordPress3\/?p=903"},"modified":"2020-11-30T22:39:37","modified_gmt":"2020-11-30T21:39:37","slug":"tour-de-france-des-matricules","status":"publish","type":"post","link":"http:\/\/sourcesdelagrandeguerre.fr\/?p=903","title":{"rendered":"Tour de France des matricules"},"content":{"rendered":"<h5 style=\"text-align: right;\"><img data-attachment-id=\"5604\" data-permalink=\"http:\/\/sourcesdelagrandeguerre.fr\/?attachment_id=5604\" data-orig-file=\"http:\/\/sourcesdelagrandeguerre.fr\/WordPress3\/wp-content\/uploads\/2012\/05\/1280px-Reservistes_1870_Pierre-Georges_Jeanniot.jpg\" data-orig-size=\"1280,829\" data-comments-opened=\"1\" data-image-meta=\"{&quot;aperture&quot;:&quot;0&quot;,&quot;credit&quot;:&quot;&quot;,&quot;camera&quot;:&quot;&quot;,&quot;caption&quot;:&quot;&quot;,&quot;created_timestamp&quot;:&quot;0&quot;,&quot;copyright&quot;:&quot;&quot;,&quot;focal_length&quot;:&quot;0&quot;,&quot;iso&quot;:&quot;0&quot;,&quot;shutter_speed&quot;:&quot;0&quot;,&quot;title&quot;:&quot;&quot;,&quot;orientation&quot;:&quot;0&quot;}\" data-image-title=\"1280px-R\u00e9servistes_1870_Pierre-Georges_Jeanniot\" data-image-description=\"\" data-image-caption=\"\" data-medium-file=\"http:\/\/sourcesdelagrandeguerre.fr\/WordPress3\/wp-content\/uploads\/2012\/05\/1280px-Reservistes_1870_Pierre-Georges_Jeanniot-300x194.jpg\" data-large-file=\"http:\/\/sourcesdelagrandeguerre.fr\/WordPress3\/wp-content\/uploads\/2012\/05\/1280px-Reservistes_1870_Pierre-Georges_Jeanniot-1024x663.jpg\" decoding=\"async\" loading=\"lazy\" class=\"alignnone size-large wp-image-5604\" src=\"http:\/\/sourcesdelagrandeguerre.fr\/WordPress3\/wp-content\/uploads\/2012\/05\/1280px-Reservistes_1870_Pierre-Georges_Jeanniot-1024x663.jpg\" alt=\"\" width=\"812\" height=\"526\" srcset=\"http:\/\/sourcesdelagrandeguerre.fr\/WordPress3\/wp-content\/uploads\/2012\/05\/1280px-Reservistes_1870_Pierre-Georges_Jeanniot-1024x663.jpg 1024w, http:\/\/sourcesdelagrandeguerre.fr\/WordPress3\/wp-content\/uploads\/2012\/05\/1280px-Reservistes_1870_Pierre-Georges_Jeanniot-300x194.jpg 300w, http:\/\/sourcesdelagrandeguerre.fr\/WordPress3\/wp-content\/uploads\/2012\/05\/1280px-Reservistes_1870_Pierre-Georges_Jeanniot-768x497.jpg 768w, http:\/\/sourcesdelagrandeguerre.fr\/WordPress3\/wp-content\/uploads\/2012\/05\/1280px-Reservistes_1870_Pierre-Georges_Jeanniot.jpg 1280w\" sizes=\"(max-width: 812px) 100vw, 812px\" \/>R\u00e9servistes de 1870, Pierre Georges Jeanniot, 1882, Paris, Mus\u00e9e de l&rsquo;Arm\u00e9e<\/h5>\n<p style=\"text-align: justify;\">L&rsquo;histoire de l&rsquo;arm\u00e9e est ins\u00e9parable de celle de la Nation, \u00e9crivait Paul-Marie de La Gorce dans <em>La R\u00e9publique et son arm\u00e9e<\/em>. Les <strong>registres matricules<\/strong> en sont une illustration. Comment et pourquoi ont-ils \u00e9t\u00e9 constitu\u00e9s et comment sont-ils conserv\u00e9s et valoris\u00e9s aujourd&rsquo;hui ?<\/p>\n<p style=\"text-align: justify;\">Les collections des registres matricules commencent \u00e0 partir de 1867. Les lois sur le <strong>recrutement<\/strong> de l&rsquo;arm\u00e9e, depuis la loi Niel de 1868 jusqu&rsquo;\u00e0 la loi de 1905, ont impos\u00e9 progressivement le service militaire aux jeunes Fran\u00e7ais. Le recrutement dans les arm\u00e9es d\u00e9bute par un recensement des jeunes hommes de 20 ans (la classe) effectu\u00e9 chaque ann\u00e9e par les maires. Ces hommes\u00a0sont ensuite convoqu\u00e9s devant le <strong>conseil de r\u00e9vision<\/strong> au chef-lieu de canton, o\u00f9 ils sont d\u00e9clar\u00e9s aptes ou inaptes au service. Cette d\u00e9cision est inscrite sur les listes de recrutement cantonal de la subdivision. On peut en visionner sur le <a title=\"Archives municipales de Saint-Denis.\" href=\"http:\/\/archives.ville-saint-denis.fr\/archives\/recherche\/recensementmilitaire\/n:8278\" target=\"_blank\" rel=\"noopener noreferrer\">site internet des archives municipales de Saint-Denis<\/a>. Enfin, les bureaux du recrutement, install\u00e9s dans les subdivisions de r\u00e9gion, convoquent les conscrits afin des les immatriculer et de les inscrire sur le registre matricule avant l&rsquo;incorporation. Les civils deviennent alors des militaires. Un site internet, <a title=\"Le parcours du combattant de la guerre\" href=\"http:\/\/combattant.14-18.pagesperso-orange.fr\/pasapas.html\" target=\"_blank\" rel=\"noopener noreferrer\">Le parcours du combattant de la guerre 1914-1918<\/a>, permet d&rsquo;en savoir plus sur les diff\u00e9rentes \u00e9tapes qui jalonnent le parcours d&rsquo;un conscrit.<\/p>\n<p style=\"text-align: justify;\">La matricule du recrutement (\u00e0 ne pas confondre avec la matricule du corps) mentionne l&rsquo;incorporation de chaque homme inscrit, la position dans laquelle il est laiss\u00e9 au terme de son service militaire et enfin tous les changements qui peuvent survenir dans sa situation jusqu&rsquo;\u00e0 sa lib\u00e9ration d\u00e9finitive. Les commandants des bureaux de recrutement des subdivisions de r\u00e9gion ont pour mission de suivre les hommes avec le plus grand soin et de mettre \u00e0 jour les fiches pendant la dur\u00e9e des services dans l&rsquo;active, la r\u00e9serve et la territoriale, donc de l&rsquo;\u00e2ge de 20 \u00e0 46 ans. Pour accomplir cette mission, ils sont aid\u00e9s par les diff\u00e9rents services de l&rsquo;administration militaire et de l\u2019\u00c9tat (communes, pr\u00e9fecture, agents diplomatiques, etc). Les matricules militaires\u00a0doivent faire\u00a0\u00e9tat des changements de corps, des rengagements, des changements de domiciles, des condamnations civiles et militaires, des blessures, des promotions, des caract\u00e9ristiques physiques, du degr\u00e9 d&rsquo;instruction, des campagnes, etc. La rigueur dans la tenue de ces registres, y compris pendant la guerre, fait aujourd&rsquo;hui le bonheur des g\u00e9n\u00e9alogistes et des chercheurs.<\/p>\n<p style=\"text-align: justify;\">Ces archives produites par le <strong>minist\u00e8re de la D\u00e9fense<\/strong> sont revers\u00e9es r\u00e9guli\u00e8rement aux <strong>archives d\u00e9partementales<\/strong> par le Centre des archives du personnel militaire (<a title=\"Centre des archives du personnel militaire\" href=\"http:\/\/www.servicehistorique.sga.defense.gouv.fr\/Bureau-central-des-archives.html\" target=\"_blank\" rel=\"noopener noreferrer\">CAPM<\/a>), nagu\u00e8re bureau central des archives administratives militaires (BCAAM)\u00a0\u00e0 Pau. Elles\u00a0sont conserv\u00e9es dans la sous-s\u00e9rie 1 R (pr\u00e9paration militaire et recrutement). Pour rechercher la matricule d&rsquo;un conscrit, il faut au pr\u00e9alable conna\u00eetre la classe d&rsquo;\u00e2ge (ann\u00e9e des vingt ans) et\u00a0le bureau de recrutement. Dans la table alphab\u00e9tique, \u00e0 c\u00f4t\u00e9 du nom et du pr\u00e9nom du conscrit recherch\u00e9, figurent le num\u00e9ro de matricule et le num\u00e9ro du registre dans lequel se trouve la fiche.<\/p>\n<p style=\"text-align: justify;\">Depuis plusieurs ann\u00e9es, les archives d\u00e9partementales ont entam\u00e9 la <strong>num\u00e9risation<\/strong> et la <strong>mise en ligne<\/strong> de ces archives. A terme, il sera possible de consulter \u00e0 distance la matricule militaire de millions de Fran\u00e7ais. Aujourd&rsquo;hui,\u00a030 d\u00e9partements ont mis en ligne \u00e0 la fois les tables et les fiches matricules et 14 ne diffusent que les tables pour l&rsquo;heure. La liste ci-dessous permet d&rsquo;acc\u00e9der directement aux sites internet concern\u00e9s. Nous t\u00e2cherons de l&rsquo;actualiser au fur et \u00e0 mesure des nouvelles mises en ligne.<\/p>\n<h5 style=\"text-align: justify;\">01-<a title=\"Archives d\u00e9partementales de l'Ain\" href=\"http:\/\/www.archives-numerisees.ain.fr\/archives\/recherche\/matricule\/n:91\" target=\"_blank\" rel=\"noopener noreferrer\">Ain<\/a> : tables alphab\u00e9tiques et registres matricules.<\/h5>\n<h5>02-<a href=\"http:\/\/archives.aisne.fr\/archive\/recherche\/matricule\/n:123\" target=\"_blank\" rel=\"noopener noreferrer\">Aisne\u00a0<\/a>: tables alphab\u00e9tiques et registres matricules.<\/h5>\n<h5>03-<a href=\"http:\/\/recherche.archives.allier.fr\/?id=recherche_registres_matricules\" target=\"_blank\" rel=\"noopener noreferrer\">Allier <\/a>: tables alphab\u00e9tiques et registres matricules.<\/h5>\n<h5 style=\"text-align: justify;\">04-<a href=\"http:\/\/archivesenligne.archives04.fr\/arkotheque\/registres_matricules\/index.php\" target=\"_blank\" rel=\"noopener noreferrer\">Alpes de Haute-Provence<\/a> : registres matricules<\/h5>\n<h5 style=\"text-align: justify;\">05-<a title=\"Tables alphab\u00e9tiques des conscrits par classe\" href=\"http:\/\/www.archives05.fr\/arkotheque\/registres_matricules\/index.php\" target=\"_blank\" rel=\"noopener noreferrer\">Hautes-Alpe<\/a>s : tables alphab\u00e9tiques.<\/h5>\n<h5 style=\"text-align: justify;\">06-<a href=\"http:\/\/www.basesdocumentaires-cg06.fr\/archives\/indexRM.php\" target=\"_blank\" rel=\"noopener noreferrer\">Alpes-Maritimes<\/a> : tables alphab\u00e9tiques et registres matricules.<\/h5>\n<h5 style=\"text-align: justify;\">07-<a title=\"Tables alphab\u00e9tiques et fiches matricules\" href=\"http:\/\/www.ardeche.fr\/Culture\/archives-departementales1861\/consultation-en-ligne\" target=\"_blank\" rel=\"noopener noreferrer\">Ard\u00e8che<\/a> : tables alphab\u00e9tiques et registres matricules.<\/h5>\n<h5 style=\"text-align: justify;\">08-<a title=\"Tables alphab\u00e9tiques et fiches matricules\" href=\"http:\/\/archives.cg08.fr\/arkotheque\/registres_matricules\/index.php\" target=\"_blank\" rel=\"noopener noreferrer\">Ardennes<\/a> :\u00a0 tables alphab\u00e9tiques et registres matricules.<\/h5>\n<h5 style=\"text-align: justify;\">09-<a href=\"http:\/\/archives.ariege.fr\/Ressources-en-ligne\/Registres-matricules-militaires\" target=\"_blank\" rel=\"noopener noreferrer\">Ari\u00e8ge<\/a> : registres matricules (recherche par la <a href=\"http:\/\/rm-archives.ariege.fr\/search_people\" target=\"_blank\" rel=\"noopener noreferrer\">base de donn\u00e9es nominative<\/a>).<\/h5>\n<h5 style=\"text-align: justify;\">10-<a title=\"Tables alphab\u00e9tiques des registres matricules\" href=\"http:\/\/www.archives-aube.com\/arkotheque\/registres_matricules\/index.php\" target=\"_blank\" rel=\"noopener noreferrer\">Aube <\/a>: tables alphab\u00e9tiques des registres matricules.<\/h5>\n<h5 style=\"text-align: justify;\">11-<a href=\"http:\/\/audealaculture.fr\/archives-en-ligne\" target=\"_blank\" rel=\"noopener noreferrer\">Aude<\/a> : tables alphab\u00e9tiques des registres matricules.<\/h5>\n<h5>13-<a href=\"http:\/\/www.archives13.fr\/archives13\/CG13\/cache\/bypass\/pid\/493;jsessionid=04857C9D1481157005A6C4EBD18F868A?allChapters=false&amp;chapter=2218\" target=\"_blank\" rel=\"noopener noreferrer\">Bouches-du-Rh\u00f4ne<\/a> : tables alphab\u00e9tiques des registres matricules.<\/h5>\n<h5>14-<a href=\"http:\/\/archives.numerisees.calvados.fr\/cg14v3\/matricule.php\" target=\"_blank\" rel=\"noopener noreferrer\">Calvados <\/a>: tables alphab\u00e9tiques et registres matricules.<\/h5>\n<h5 style=\"text-align: justify;\">15-<a title=\"Tables alphab\u00e9tiques des registres matricules\" href=\"http:\/\/archives.cantal.fr\/?id=recherche_guidee_iconographie_autre\" target=\"_blank\" rel=\"noopener noreferrer\">Cantal<\/a> : tables alphab\u00e9tiques.<\/h5>\n<h5>16-<a href=\"http:\/\/www.archives16.fr\/article.php?laref=15&amp;message=Pour+acc%E9der+%E0+ce+fonds%2C+vous+devez+accepter+la+licence\" target=\"_blank\" rel=\"noopener noreferrer\">Charente <\/a>: registres matricules.<\/h5>\n<h5>17-<a href=\"http:\/\/charente-maritime.fr\/archinoe\/matricule.php\" target=\"_blank\" rel=\"noopener noreferrer\">Charente-Maritime<\/a> : tables alphab\u00e9tiques et registres matricules.<\/h5>\n<h5>18-<a href=\"http:\/\/www.archives18.fr\/article.php?laref=183&amp;message=Pour+acc%E9der+%E0+ce+fonds%2C+vous+devez+vous+connecter+%E0+votre+compte.\" target=\"_blank\" rel=\"noopener noreferrer\">Cher <\/a>: tables alphab\u00e9tiques des registres matricules.<\/h5>\n<h5 style=\"text-align: justify;\">19-<a href=\"http:\/\/www.archinoe.fr\/cg19\/recrutement.php\" target=\"_blank\" rel=\"noopener noreferrer\">Corr\u00e8ze <\/a>: tables alphab\u00e9tiques et registres matricules.<\/h5>\n<h5 style=\"text-align: justify;\">2A-<a title=\"Tables alphab\u00e9tiques et fiches matricules\" href=\"http:\/\/www1.arkhenum.fr\/ad_corsedusud_matricules\/#\" target=\"_blank\" rel=\"noopener noreferrer\">Corse du Sud<\/a> : tables alphab\u00e9tiques et registres matricules.<\/h5>\n<h5 style=\"text-align: justify;\">2B-<a href=\"http:\/\/www1.arkhenum.fr\/ad_corsedusud_matricules\/_app\/index.php\" target=\"_blank\" rel=\"noopener noreferrer\">Haute-Corse<\/a> : tables alphab\u00e9tiques et registres matricules.<\/h5>\n<h5 style=\"text-align: justify;\">21-<a href=\"http:\/\/www.archinoe.net\/console\/ir_ead_visu.php?ir=16304#.VJSN6l4DUQ\" target=\"_blank\" rel=\"noopener noreferrer\">C\u00f4te d&rsquo;Or<\/a> : tables alphab\u00e9tiques et registres matricules.<\/h5>\n<h5 style=\"text-align: justify;\">22-<a href=\"http:\/\/sallevirtuelle.cotesdarmor.fr\/RM\/rmx\/connexion.aspx\" target=\"_blank\" rel=\"noopener noreferrer\">C\u00f4tes d&rsquo;Armor<\/a> : registres matricules<\/h5>\n<h5 style=\"text-align: justify;\">23-<a href=\"http:\/\/archives.creuse.fr\/arkotheque\/consult_fonds\/index.php?ref_fonds=4\" target=\"_blank\" rel=\"noopener noreferrer\">Creuse<\/a> : tables alphab\u00e9tiques et registres matricules.<\/h5>\n<h5 style=\"text-align: justify;\">24-<a href=\"http:\/\/archives-num.cg24.fr\/pleade330\/search-form.html?name=matricules_s\" target=\"_blank\" rel=\"noopener noreferrer\">Dordogne <\/a>: tables alphab\u00e9tiques et registres matricules<\/h5>\n<h5 style=\"text-align: justify;\">25-<a href=\"https:\/\/recherche-archives.doubs.fr\/?id=recherche_guidee_iconographie\" target=\"_blank\" rel=\"noopener noreferrer\">Doubs <\/a>: tables alphab\u00e9tiques et registres matricules.<\/h5>\n<h5 style=\"text-align: justify;\">26-<a href=\"http:\/\/archives.ladrome.fr\/?id=recherche_guidee_registres_matricules\" target=\"_blank\" rel=\"noopener noreferrer\">Dr\u00f4me<\/a> : tables alphab\u00e9tiques et registres matricules.<\/h5>\n<h5 style=\"text-align: justify;\">27-<a title=\"Tables alphab\u00e9tiques et fiches matricules\" href=\"http:\/\/archives.cg27.fr\/pleade\/regmat\" target=\"_blank\" rel=\"noopener noreferrer\">Eure<\/a> : tables alphab\u00e9tiques et registres matricules.<\/h5>\n<h5 style=\"text-align: justify;\">28-<a href=\"http:\/\/www.archives28.fr\/arkotheque\/consult_fonds\/index.php?ref_fonds=4\" target=\"_blank\" rel=\"noopener noreferrer\">Eure-et-Loir<\/a> : registres matricules.<\/h5>\n<h5 style=\"text-align: justify;\">29-<a title=\"Tables alphab\u00e9tiques et fiches matricules\" href=\"http:\/\/www.archives-finistere.fr\/medias\/medias.aspx?SYNCMENU=cg29_rechercher_inventaires_par_formulaire&amp;INSTANCE=exploitation&amp;PORTAL_ID=portal_model_instance__cg29_rechercher_inventaires_par_formulaire.xml&amp;PAGE=http%3A%2F%2Fmnesys-portail.archives-finistere.fr%2F%3Fid%3Drecherche_militaire\" target=\"_blank\" rel=\"noopener noreferrer\">Finist\u00e8re<\/a> : tables alphab\u00e9tiques et registres matricules.<\/h5>\n<h5 style=\"text-align: justify;\">31-<a href=\"http:\/\/www.archives.cg31.fr\/recherche_inventaires\/inventaire.html?ir_id=1500\" target=\"_blank\" rel=\"noopener noreferrer\">Haute-Garonne<\/a> : tables alphab\u00e9tiques et registres matricules.<\/h5>\n<h5 style=\"text-align: justify;\">32-<a href=\"http:\/\/www.archives32.fr\/archives_numerises\/militaires\/recherche.php\" target=\"_blank\" rel=\"noopener noreferrer\">Gers <\/a>: registres matricules.<\/h5>\n<h5 style=\"text-align: justify;\">33-<a href=\"http:\/\/gael.gironde.fr\/results.html?base=ead&amp;form-display-modes=cdc%3Bmosaic&amp;name=numeric&amp;linkBack=true&amp;n-start=0&amp;champ1=object&amp;query1=1*&amp;cop1=AND&amp;hidden1=true&amp;cop2=AND&amp;champ2=cdcall&amp;champh2=hcdcall&amp;cop3=AND&amp;champ3=extfulltext&amp;champh3=hextfulltext&amp;query3=registres+matricules&amp;cop4=AND&amp;champ4=ad33cote&amp;champh4=had33cote&amp;query4=&amp;cop5=AND&amp;champ5=id_annee&amp;du5=&amp;db5=&amp;de5=&amp;cop6=AND&amp;champ6=fhistoriccontext&amp;ff=object&amp;fv=1*&amp;champh6=hfhistoriccontext&amp;query6=&amp;cop7=AND&amp;champ7=provenance&amp;ff=object&amp;fv=1*&amp;champh7=hprovenance&amp;query7=&amp;cop8=AND&amp;champ8=ffiltre&amp;query8=&amp;cop9=AND&amp;champ9=allpersname&amp;ff=object&amp;fv=1*&amp;champh9=hallpersname&amp;query9=&amp;cop10=AND&amp;champ10=fsubject&amp;ff=object&amp;fv=1*&amp;champh10=hfsubject&amp;query10=&amp;cop11=AND&amp;champ11=fthesaurus&amp;ff=object&amp;fv=1*&amp;champh11=hfthesaurus&amp;thid11=wm&amp;query11=&amp;cop12=AND&amp;champ12=flangmaterial&amp;champh12=hflangmaterial&amp;query12=\" target=\"_blank\" rel=\"noopener noreferrer\">Gironde <\/a>: tables alphab\u00e9tiques et registres matricules.<\/h5>\n<h5 style=\"text-align: justify;\">34-<a title=\"Tables alphab\u00e9tiques et fiches matricules\" href=\"http:\/\/recherches-archives.herault.fr\/archives\/recherche\/militaire\" target=\"_blank\" rel=\"noopener noreferrer\">H\u00e9rault<\/a> : tables alphab\u00e9tiques et registres matricules.<\/h5>\n<h5>35-<a href=\"http:\/\/archives-en-ligne.ille-et-vilaine.fr\/thot_internet\/FrmSommaireFrame.asp\" target=\"_blank\" rel=\"noopener noreferrer\">Ille-et-Vilaine<\/a> : tables alphab\u00e9tiques et registres matricules (choisir \u00ab\u00a0g\u00e9n\u00e9alogie\u00a0\u00bb : voir le <a href=\"http:\/\/archives.ille-et-vilaine.fr\/fr\/article\/les-registres-matricules-militaires\" target=\"_blank\" rel=\"noopener noreferrer\">tutoriel<\/a>)<\/h5>\n<h5 style=\"text-align: justify;\">37-<a href=\"http:\/\/archives.cg37.fr\/Chercher\/REGISTRES_MATRICULES_DE_RECRUTEMENT_MILITAIRE-ABCR.html\" target=\"_blank\" rel=\"noopener noreferrer\">Indre-et-Loire<\/a> : tables alphab\u00e9tiques et registres matricules.<\/h5>\n<h5 style=\"text-align: justify;\">38-<a href=\"http:\/\/www.archives-isere.fr\/1425-archives-en-ligne.htm#par44919\" target=\"_blank\" rel=\"noopener noreferrer\">Is\u00e8re <\/a>: registres matricules.<\/h5>\n<h5>40-<a href=\"http:\/\/archivesenligne.landes.org\/article.php?laref=49\" target=\"_blank\" rel=\"noopener noreferrer\">Landes<\/a> : tables alphab\u00e9tiques et registres matricules.<\/h5>\n<h5 style=\"text-align: justify;\">41-<a href=\"http:\/\/archives.culture41.fr\/archive\/resultats\/matricules?type=matricules\" target=\"_blank\" rel=\"noopener noreferrer\">Loir et Cher<\/a> : tables alphab\u00e9tiques et registres matricules.<\/h5>\n<h5>42-<a href=\"http:\/\/www.archinoe.net\/cg42\/index.php\/rechercheTheme\/requeteConstructor\/7\/1\/R\/0\/0\" target=\"_blank\" rel=\"noopener noreferrer\">Loire<\/a> : tables alphab\u00e9tiques et registres matricules.<\/h5>\n<h5>43-<a href=\"http:\/\/www.archives43.fr\/article.php?laref=111&amp;titre=tables-et-registres-matricules-militaires#.UW0hfkpu6So\" target=\"_blank\" rel=\"noopener noreferrer\">Haute-Loire<\/a> : tables alphab\u00e9tiques et registres matricules.<\/h5>\n<h5>44-<a href=\"http:\/\/archives.loire-atlantique.fr\/jcms\/chercher\/archives-numerisees\/guerre\/conscrits-militaires-recherche-chronologique\/conscrits-militaires-recherche-chronologique-fr-t1_6153?accepte=true&amp;portal=c_5110\" target=\"_blank\" rel=\"noopener noreferrer\">Loire-Atlantique<\/a> :\u00a0tables alphab\u00e9tiques et registres matricules<\/h5>\n<h5 style=\"text-align: justify;\">46-<a href=\"http:\/\/archives.lot.fr\/arkotheque\/espace_personnel\/index.php\" target=\"_blank\" rel=\"noopener noreferrer\">Lot<\/a> : registres matricules.<\/h5>\n<h5 style=\"text-align: justify;\">48-<a href=\"http:\/\/archives.lozere.fr\/archive\/recherche\/matricule\/n:306\" target=\"_blank\" rel=\"noopener noreferrer\">Loz\u00e8re <\/a>: tables alphab\u00e9tiques et registres matricules.<\/h5>\n<h5 style=\"text-align: justify;\">49-<a href=\"http:\/\/www.archives49.fr\/acces-directs\/archives-en-ligne\/registres-matricules-militaires\/\" target=\"_blank\" rel=\"noopener noreferrer\">Maine-et-Loire<\/a> : tables alphab\u00e9tiques et registres matricules.<\/h5>\n<h5>50-<a href=\"https:\/\/www.facebook.com\/Archives.departementales.Manche\/photos\/a.109917375747997.14966.107465559326512\/687394298000299\/?type=1\" target=\"_blank\" rel=\"noopener noreferrer\">Manche<\/a> : tables alphab\u00e9tiques et registres matricules.<\/h5>\n<h5 style=\"text-align: justify;\">52-<a title=\"Fiches matricules\" href=\"http:\/\/archives.haute-marne.fr\/subset.html?name=milit\" target=\"_blank\" rel=\"noopener noreferrer\">Haute-Marne<\/a> : registres matricules.<\/h5>\n<h5 style=\"text-align: justify;\">53-<a title=\"Fiches matricules\" href=\"http:\/\/www.lamayenne.fr\/fr\/Archives53\/Archives-en-ligne\/Registres-matricules-militaires\" target=\"_blank\" rel=\"noopener noreferrer\">Mayenne<\/a> : registres matricules.<\/h5>\n<h5 style=\"text-align: justify;\">54-<a href=\"http:\/\/archivesenligne.archives.cg54.fr\/arkotheque\/consult_fonds\/index.php?ref_fonds=3\" target=\"_blank\" rel=\"noopener noreferrer\">Meurthe-et-Moselle<\/a> : registres matricules.<\/h5>\n<h5 style=\"text-align: justify;\">55-<a href=\"http:\/\/archives.meuse.fr\/?id=recherche_guidee_matricules_militaires\" target=\"_blank\" rel=\"noopener noreferrer\">Meuse <\/a>: registres matricules.<\/h5>\n<h5>56-<a href=\"http:\/\/www.morbihan.fr\/archives\/actualites-article.aspx?id=5494\" target=\"_blank\" rel=\"noopener noreferrer\">Morbihan<\/a> : registres matricules<\/h5>\n<h5 style=\"text-align: justify;\">58-<a href=\"tables alphab\u00e9tiques et registres matricules.\" target=\"_blank\" rel=\"noopener noreferrer\">Ni\u00e8vre <\/a>: tables alphab\u00e9tiques et registres matricules.<\/h5>\n<h5 style=\"text-align: justify;\">59-<a title=\"Tables alphab\u00e9tiques et fiches matricules\" href=\"http:\/\/www.archivesdepartementales.cg59.fr\/?id=archives_militaires\" target=\"_blank\" rel=\"noopener noreferrer\">Nord<\/a> : tables alphab\u00e9tiques et registres matricules.<\/h5>\n<h5 style=\"text-align: justify;\">60-<a title=\"Fiches matricules\" href=\"http:\/\/archives.oise.fr\/archives-en-ligne\/registres-matricules\/\" target=\"_blank\" rel=\"noopener noreferrer\">Oise<\/a> : registres matricules.<\/h5>\n<h5 style=\"text-align: justify;\">61-<a title=\"Tables alphab\u00e9tiques et fiches matricules\" href=\"http:\/\/archives.orne.fr\/consultez\/consultez2.html\" target=\"_blank\" rel=\"noopener noreferrer\">Orne<\/a> : tables alphab\u00e9tiques et registres matricules.<\/h5>\n<h5 style=\"text-align: justify;\">62-<a title=\"Tables alphab\u00e9tiques et fiches matricules\" href=\"http:\/\/www.archivespasdecalais.fr\/Archives-en-ligne\" target=\"_blank\" rel=\"noopener noreferrer\">Pas-de-Calais<\/a> : tables alphab\u00e9tiques et registres matricules.<\/h5>\n<h5>63-<a title=\"Tables alphab\u00e9tiques et fiches matricules\" href=\"http:\/\/www.archivesdepartementales.puydedome.com\/Fonds_du_Service_historique_de_l_armee_de_terre_bureau_central_d_archives_administratives_militaires_1_R-1515.html?PARAM1515=ModLevel_2|NOCLEAN_1&amp;sRef=FRAD063_000051043&amp;VIEW=388388\" target=\"_blank\" rel=\"noopener noreferrer\">Puy-de-D\u00f4me<\/a> : tables alphab\u00e9tiques et registres matricules.<\/h5>\n<h5>64-<a href=\"http:\/\/consultarchives.cg64.fr\/registre_militaires\" target=\"_blank\" rel=\"noopener noreferrer\">Pyr\u00e9n\u00e9es-Atlantiques<\/a> : registres matricules.<\/h5>\n<h5>65-<a href=\"http:\/\/www.archivesenligne65.fr\/formulaire-de-recherche-registres-matricules\/\" target=\"_blank\" rel=\"noopener noreferrer\">Hautes-Pyr\u00e9n\u00e9es<\/a>\u00a0: tables alphab\u00e9tiques et registres matricules.<\/h5>\n<h5>66-<a href=\"http:\/\/www.cg66.fr\/1372-archives-en-ligne-archives-departementales-des-pyrenees-orientales.htm\" target=\"_blank\" rel=\"noopener noreferrer\">Pyr\u00e9n\u00e9es-orientales<\/a> : tables alphab\u00e9tiques et registres matricules.<\/h5>\n<h5 style=\"text-align: justify;\">69-<a title=\"Tables alphab\u00e9tiques et fiches matricules\" href=\"http:\/\/archives.rhone.fr\/#recherche_militaire\" target=\"_blank\" rel=\"noopener noreferrer\">Rh\u00f4ne<\/a> : tables alphab\u00e9tiques et registres matricules.<\/h5>\n<h5>70-<a title=\"Tables alphab\u00e9tiques et fiches matricules\" href=\"http:\/\/archives.cg70.fr\/4DCGI\/Web_RegistresLance\/ILUMP17788\" target=\"_blank\" rel=\"noopener noreferrer\">Haute-Sa\u00f4ne<\/a> : tables alphab\u00e9tiques et registres matricules.<\/h5>\n<h5 style=\"text-align: justify;\">71-<a href=\"http:\/\/www.archives71.fr\/arkotheque\/consult_fonds\/index.php?ref_fonds=18\" target=\"_blank\" rel=\"noopener noreferrer\">Sa\u00f4ne-et-Loire<\/a> : tables alphab\u00e9tiques et registres matricules.<\/h5>\n<h5 style=\"text-align: justify;\">72-<a href=\"http:\/\/www.archives.sarthe.com\/MatriculesMilitaires%20%282%29.aspx\" target=\"_blank\" rel=\"noopener noreferrer\">Sarthe <\/a>: tables alphab\u00e9tiques et registres matricules.<\/h5>\n<h5 style=\"text-align: justify;\">73-<a title=\"Tables alphab\u00e9tiques et fiches matricules\" href=\"http:\/\/www.savoie-archives.fr\/5351-registres-matricule.htm\" target=\"_blank\" rel=\"noopener noreferrer\">Savoie<\/a> : tables alphab\u00e9tiques et registres matricules.<\/h5>\n<h5 style=\"text-align: justify;\">74-<a href=\"http:\/\/archives.cg74.fr\/?id=815\" target=\"_blank\" rel=\"noopener noreferrer\">Haute-Savoie<\/a> : tables alphab\u00e9tiques et registres matricules.<\/h5>\n<h5 style=\"text-align: justify;\">75-<a title=\"Tables alphab\u00e9tiques et fiches matricules\" href=\"http:\/\/canadp-archivesenligne.paris.fr\/autres_archives_genealogiques\/_etat_signaletiques_services_militaires\/index.php\" target=\"_blank\" rel=\"noopener noreferrer\">Paris<\/a> : tables alphab\u00e9tiques.<\/h5>\n<h5 style=\"text-align: justify;\">76-<a href=\"http:\/\/recherche.archivesdepartementales76.net\/?id=recherche_guidee_matricule\" target=\"_blank\" rel=\"noopener noreferrer\">Seine-Maritime<\/a> : tables alphab\u00e9tiques et registres matricules..<\/h5>\n<h5 style=\"text-align: justify;\">77-<a href=\"http:\/\/archives.seine-et-marne.fr\/recensements-militaires\" target=\"_blank\" rel=\"noopener noreferrer\">Seine-et-Marne<\/a> : tables alphab\u00e9tiques et registres matricules..<\/h5>\n<h5 style=\"text-align: justify;\">78-<a title=\"Tables alphab\u00e9tiques et fiches matricules\" href=\"http:\/\/archives.yvelines.fr\/decouvrir\/archives_en_ligne\/registres_incorporation_militaire\/index.php\" target=\"_blank\" rel=\"noopener noreferrer\">Yvelines<\/a> : tables alphab\u00e9tiques et registres matricules.<\/h5>\n<h5 style=\"text-align: justify;\">79-<a title=\"Tables alphab\u00e9tiques et fiches matricules\" href=\"http:\/\/archives.deux-sevres.com\/archives79\/Archivesenligne\/Registresmatriculesmilitaires\/tabid\/198\/Default.aspx\" target=\"_blank\" rel=\"noopener noreferrer\">Deux-S\u00e8vres<\/a> : tables alphab\u00e9tiques et registres matricules.<\/h5>\n<h5>80-<a href=\"http:\/\/recherche.archives.somme.fr\/?id=recherche_guidee_recensements_militaires_registres\" target=\"_blank\" rel=\"noopener noreferrer\">Somme<\/a> : registres matricules.<\/h5>\n<h5 style=\"text-align: justify;\">81-<a title=\"Tables alphab\u00e9tiques et fiches matricules\" href=\"http:\/\/archives.tarn.fr\/index.php?id=2707\" target=\"_blank\" rel=\"noopener noreferrer\">Tarn<\/a> : tables alphab\u00e9tiques et registres matricules.<\/h5>\n<h5 style=\"text-align: justify;\">82-<a href=\"http:\/\/www.archives82.fr\/rechercher-et-consulter\/archives-en-ligne\/registres-matricules.html?utm_source=dlvr.it&amp;utm_medium=twitter\" target=\"_blank\" rel=\"noopener noreferrer\">Tarn-et-Garonne<\/a> : tables alphab\u00e9tiques et registres matricules.<\/h5>\n<h5 style=\"text-align: justify;\">83-<a title=\"Tables alphab\u00e9tiques et fiches matricules\" href=\"http:\/\/www.archives.var.fr\/arkotheque\/archives_numerisees\/3_famille_individus.php\" target=\"_blank\" rel=\"noopener noreferrer\">Var<\/a> : tables alphab\u00e9tiques et registres matricules.<\/h5>\n<h5 style=\"text-align: justify;\">84-<a href=\"http:\/\/e-archives.vaucluse.fr\/pages\/regmat.html\" target=\"_blank\" rel=\"noopener noreferrer\">Vaucluse <\/a>: tables alphab\u00e9tiques et registres matricules.<\/h5>\n<h5>85-<a title=\"Tables alphab\u00e9tiques\" href=\"http:\/\/recherche-archives.vendee.fr\/archives\/fonds\/FRAD085_1R\" target=\"_blank\" rel=\"noopener noreferrer\">Vend\u00e9e <\/a>: tables alphab\u00e9tiques et registres matricules.<\/h5>\n<h5 style=\"text-align: justify;\">86-<a title=\"Tables alphab\u00e9tiques et fiches matricules\" href=\"http:\/\/www.archives-vienne.cg86.fr\/643-les-registres-matricules.htm\" target=\"_blank\" rel=\"noopener noreferrer\">Vienne<\/a> : tables alphab\u00e9tiques et registres matricules.<\/h5>\n<h5>89-<a href=\"http:\/\/archivesenligne.yonne-archives.fr\/archive\/recherche\/matriculeshttp:\/\/\" target=\"_blank\" rel=\"noopener noreferrer\">Yonne<\/a> : tables alphab\u00e9tiques et registres matricules<\/h5>\n<h5 style=\"text-align: justify;\">90-<a title=\"Tables alphab\u00e9tiques et fiches matricules\" href=\"http:\/\/www.archives.cg90.fr\/?id=matricules_militaires\" target=\"_blank\" rel=\"noopener noreferrer\">Territoire de Belfort<\/a> : tables alphab\u00e9tiques et registres matricules<\/h5>\n<h5 style=\"text-align: justify;\"><a href=\"http:\/\/archives.yvelines.fr\/article.php?larub=27&amp;titre=registres-d-incorporation-militaire\" target=\"_blank\" rel=\"noopener noreferrer\">Ancienne Seine-et-Oise<\/a> : tables alphab\u00e9tiques et registres matricules : Yvelines (78), Essonne (91), Hauts-de-Seine (92), Seine-Saint-Denis (93), Val-d\u2019Oise (94)<\/h5>\n<h5 style=\"text-align: justify;\"><a href=\"http:\/\/anom.archivesnationales.culture.gouv.fr\/regmatmil\/\" target=\"_blank\" rel=\"noopener noreferrer\">D\u00e9partements et territoires d&rsquo;Outre-Mer<\/a> : registres matricules (Alg\u00e9rie, Comores, Inde et Indochine, Madagascar, Nouvelle-Cal\u00e9donie, Polyn\u00e9sie, R\u00e9union, Saint-Pierre-et-Miquelon).<\/h5>\n<p style=\"text-align: center;\">***<\/p>\n<p style=\"text-align: justify;\"><a href=\"http:\/\/www.culture.fr\/grandmemorial\/resultats?lastname=Bourlet&amp;exactLastname=1&amp;firstname=jean+Baptiste&amp;exactFirstname=1&amp;search=D%C3%A9marrer+la+recherche&amp;town-all=&amp;date-fixe-all=&amp;date-debut-all=&amp;date-fin-all=&amp;town-birth=&amp;date-fixe-birth=&amp;date-debut-birth=&amp;date-fin-birth=&amp;town-recruitment=&amp;date-fixe-recruitment=&amp;date-debut-recruitment=&amp;date-fin-recruitment=&amp;town-residence=&amp;town-death=&amp;date-fixe-death=&amp;date-debut-death=&amp;date-fin-death=&amp;display_type=list\" target=\"_blank\" rel=\"noopener noreferrer\"><img data-attachment-id=\"3745\" data-permalink=\"http:\/\/sourcesdelagrandeguerre.fr\/?attachment_id=3745\" data-orig-file=\"http:\/\/sourcesdelagrandeguerre.fr\/WordPress3\/wp-content\/uploads\/2012\/05\/Grand-Memorial_large.png\" data-orig-size=\"360,54\" data-comments-opened=\"1\" data-image-meta=\"{&quot;aperture&quot;:&quot;0&quot;,&quot;credit&quot;:&quot;&quot;,&quot;camera&quot;:&quot;&quot;,&quot;caption&quot;:&quot;&quot;,&quot;created_timestamp&quot;:&quot;0&quot;,&quot;copyright&quot;:&quot;&quot;,&quot;focal_length&quot;:&quot;0&quot;,&quot;iso&quot;:&quot;0&quot;,&quot;shutter_speed&quot;:&quot;0&quot;,&quot;title&quot;:&quot;&quot;,&quot;orientation&quot;:&quot;0&quot;}\" data-image-title=\"Grand-Memorial_large\" data-image-description=\"\" data-image-caption=\"\" data-medium-file=\"http:\/\/sourcesdelagrandeguerre.fr\/WordPress3\/wp-content\/uploads\/2012\/05\/Grand-Memorial_large-300x45.png\" data-large-file=\"http:\/\/sourcesdelagrandeguerre.fr\/WordPress3\/wp-content\/uploads\/2012\/05\/Grand-Memorial_large.png\" decoding=\"async\" loading=\"lazy\" class=\"  wp-image-3745 alignleft\" src=\"http:\/\/sourcesdelagrandeguerre.fr\/WordPress3\/wp-content\/uploads\/2012\/05\/Grand-Memorial_large.png\" alt=\"Grand-Memorial_large\" width=\"300\" height=\"45\" srcset=\"http:\/\/sourcesdelagrandeguerre.fr\/WordPress3\/wp-content\/uploads\/2012\/05\/Grand-Memorial_large.png 360w, http:\/\/sourcesdelagrandeguerre.fr\/WordPress3\/wp-content\/uploads\/2012\/05\/Grand-Memorial_large-300x45.png 300w\" sizes=\"(max-width: 300px) 100vw, 300px\" \/><\/a>Mis en ligne le 11 novembre 2014, le portail du <a href=\"http:\/\/www.culture.fr\/Genealogie\/Grand-Memorial\/Qu-est-ce-qu-un-registre-matricule-militaire\" target=\"_blank\" rel=\"noopener noreferrer\">Grand M\u00e9morial<\/a> permet d&rsquo;interroger nominativement une base de donn\u00e9es qui renvoie vers les sites internet de M\u00e9moire des hommes (pour les fiches des morts pour la France) et des Archives d\u00e9partementales qui participent au projet pour les registres matricules (<a href=\"http:\/\/centenaire.org\/fr\/autour-de-la-grande-guerre\/web\/le-grand-memorial\" target=\"_blank\" rel=\"noopener noreferrer\">pour en savoir plus voir la page de pr\u00e9sentation sur le site internet de la mission du Centenaire<\/a>).<\/p>\n<p style=\"text-align: right;\">\u00a0Mise \u00e0 jour le 9 mai 2015<\/p>\n<p style=\"text-align: right;\">\n<div class=\"sharedaddy sd-sharing-enabled\"><div class=\"robots-nocontent sd-block sd-social sd-social-icon sd-sharing\"><h3 class=\"sd-title\">Partager\u00a0:<\/h3><div class=\"sd-content\"><ul><li class=\"share-email\"><a rel=\"nofollow noopener noreferrer\" data-shared=\"\" class=\"share-email sd-button share-icon no-text\" href=\"http:\/\/sourcesdelagrandeguerre.fr\/?p=903&amp;share=email\" target=\"_blank\" title=\"Cliquez pour envoyer par e-mail \u00e0 un ami\"><span><\/span><span class=\"sharing-screen-reader-text\">Cliquez pour envoyer par e-mail \u00e0 un ami(ouvre dans une nouvelle fen\u00eatre)<\/span><\/a><\/li><li class=\"share-facebook\"><a rel=\"nofollow noopener noreferrer\" data-shared=\"sharing-facebook-903\" class=\"share-facebook sd-button share-icon no-text\" href=\"http:\/\/sourcesdelagrandeguerre.fr\/?p=903&amp;share=facebook\" target=\"_blank\" title=\"Cliquez pour partager sur Facebook\"><span><\/span><span class=\"sharing-screen-reader-text\">Cliquez pour partager sur Facebook(ouvre dans une nouvelle fen\u00eatre)<\/span><\/a><\/li><li class=\"share-twitter\"><a rel=\"nofollow noopener noreferrer\" data-shared=\"sharing-twitter-903\" class=\"share-twitter sd-button share-icon no-text\" href=\"http:\/\/sourcesdelagrandeguerre.fr\/?p=903&amp;share=twitter\" target=\"_blank\" title=\"Cliquez pour partager sur Twitter\"><span><\/span><span class=\"sharing-screen-reader-text\">Cliquez pour partager sur Twitter(ouvre dans une nouvelle fen\u00eatre)<\/span><\/a><\/li><li class=\"share-linkedin\"><a rel=\"nofollow noopener noreferrer\" data-shared=\"sharing-linkedin-903\" class=\"share-linkedin sd-button share-icon no-text\" href=\"http:\/\/sourcesdelagrandeguerre.fr\/?p=903&amp;share=linkedin\" target=\"_blank\" title=\"Cliquez pour partager sur LinkedIn\"><span><\/span><span class=\"sharing-screen-reader-text\">Cliquez pour partager sur LinkedIn(ouvre dans une nouvelle fen\u00eatre)<\/span><\/a><\/li><li class=\"share-print\"><a rel=\"nofollow noopener noreferrer\" data-shared=\"\" class=\"share-print sd-button share-icon no-text\" href=\"http:\/\/sourcesdelagrandeguerre.fr\/?p=903\" target=\"_blank\" title=\"Cliquer pour imprimer\"><span><\/span><span class=\"sharing-screen-reader-text\">Cliquer pour imprimer(ouvre dans une nouvelle fen\u00eatre)<\/span><\/a><\/li><li class=\"share-end\"><\/li><\/ul><\/div><\/div><\/div>","protected":false},"excerpt":{"rendered":"<p>R\u00e9servistes de 1870, Pierre Georges Jeanniot, 1882, Paris, Mus\u00e9e de l&rsquo;Arm\u00e9e L&rsquo;histoire de l&rsquo;arm\u00e9e est ins\u00e9parable de celle de la Nation, \u00e9crivait Paul-Marie de La Gorce dans La R\u00e9publique et son arm\u00e9e. Les registres matricules en sont une illustration. Comment et pourquoi ont-ils \u00e9t\u00e9 constitu\u00e9s et comment sont-ils conserv\u00e9s et valoris\u00e9s aujourd&rsquo;hui ? Les collections des registres matricules commencent \u00e0 partir de 1867. Les lois sur le recrutement de l&rsquo;arm\u00e9e, depuis la loi Niel de 1868 jusqu&rsquo;\u00e0 la loi de 1905, ont impos\u00e9 progressivement le service militaire aux jeunes Fran\u00e7ais. Le recrutement dans les arm\u00e9es d\u00e9bute par un recensement des jeunes hommes de 20 ans (la classe) effectu\u00e9 chaque ann\u00e9e par les maires. Ces hommes\u00a0sont ensuite convoqu\u00e9s devant le conseil de r\u00e9vision au chef-lieu de canton, o\u00f9 ils sont d\u00e9clar\u00e9s aptes ou inaptes au service. Cette d\u00e9cision est inscrite sur les listes de recrutement cantonal de la subdivision. On peut en visionner sur le site internet des archives municipales de Saint-Denis. Enfin, les bureaux du recrutement, install\u00e9s dans les subdivisions de r\u00e9gion, convoquent les conscrits afin des les immatriculer et de les inscrire sur le registre matricule avant l&rsquo;incorporation. Les civils deviennent alors des militaires. Un site internet, Le parcours&#8230;<\/p>\n<div class=\"sharedaddy sd-sharing-enabled\"><div class=\"robots-nocontent sd-block sd-social sd-social-icon sd-sharing\"><h3 class=\"sd-title\">Partager\u00a0:<\/h3><div class=\"sd-content\"><ul><li class=\"share-email\"><a rel=\"nofollow noopener noreferrer\" data-shared=\"\" class=\"share-email sd-button share-icon no-text\" href=\"http:\/\/sourcesdelagrandeguerre.fr\/?p=903&amp;share=email\" target=\"_blank\" title=\"Cliquez pour envoyer par e-mail \u00e0 un ami\"><span><\/span><span class=\"sharing-screen-reader-text\">Cliquez pour envoyer par e-mail \u00e0 un ami(ouvre dans une nouvelle fen\u00eatre)<\/span><\/a><\/li><li class=\"share-facebook\"><a rel=\"nofollow noopener noreferrer\" data-shared=\"sharing-facebook-903\" class=\"share-facebook sd-button share-icon no-text\" href=\"http:\/\/sourcesdelagrandeguerre.fr\/?p=903&amp;share=facebook\" target=\"_blank\" title=\"Cliquez pour partager sur Facebook\"><span><\/span><span class=\"sharing-screen-reader-text\">Cliquez pour partager sur Facebook(ouvre dans une nouvelle fen\u00eatre)<\/span><\/a><\/li><li class=\"share-twitter\"><a rel=\"nofollow noopener noreferrer\" data-shared=\"sharing-twitter-903\" class=\"share-twitter sd-button share-icon no-text\" href=\"http:\/\/sourcesdelagrandeguerre.fr\/?p=903&amp;share=twitter\" target=\"_blank\" title=\"Cliquez pour partager sur Twitter\"><span><\/span><span class=\"sharing-screen-reader-text\">Cliquez pour partager sur Twitter(ouvre dans une nouvelle fen\u00eatre)<\/span><\/a><\/li><li class=\"share-linkedin\"><a rel=\"nofollow noopener noreferrer\" data-shared=\"sharing-linkedin-903\" class=\"share-linkedin sd-button share-icon no-text\" href=\"http:\/\/sourcesdelagrandeguerre.fr\/?p=903&amp;share=linkedin\" target=\"_blank\" title=\"Cliquez pour partager sur LinkedIn\"><span><\/span><span class=\"sharing-screen-reader-text\">Cliquez pour partager sur LinkedIn(ouvre dans une nouvelle fen\u00eatre)<\/span><\/a><\/li><li class=\"share-print\"><a rel=\"nofollow noopener noreferrer\" data-shared=\"\" class=\"share-print sd-button share-icon no-text\" href=\"http:\/\/sourcesdelagrandeguerre.fr\/?p=903\" target=\"_blank\" title=\"Cliquer pour imprimer\"><span><\/span><span class=\"sharing-screen-reader-text\">Cliquer pour imprimer(ouvre dans une nouvelle fen\u00eatre)<\/span><\/a><\/li><li class=\"share-end\"><\/li><\/ul><\/div><\/div><\/div>","protected":false},"author":1,"featured_media":5604,"comment_status":"open","ping_status":"open","sticky":false,"template":"","format":"standard","meta":{"spay_email":"","jetpack_publicize_message":"","jetpack_is_tweetstorm":false,"jetpack_publicize_feature_enabled":true},"categories":[4,13,24],"tags":[6,78,10,80,79],"jetpack_featured_media_url":"http:\/\/sourcesdelagrandeguerre.fr\/WordPress3\/wp-content\/uploads\/2012\/05\/1280px-Reservistes_1870_Pierre-Georges_Jeanniot.jpg","jetpack_publicize_connections":[],"jetpack_shortlink":"https:\/\/wp.me\/p2bYSy-ez","jetpack_sharing_enabled":true,"_links":{"self":[{"href":"http:\/\/sourcesdelagrandeguerre.fr\/index.php?rest_route=\/wp\/v2\/posts\/903"}],"collection":[{"href":"http:\/\/sourcesdelagrandeguerre.fr\/index.php?rest_route=\/wp\/v2\/posts"}],"about":[{"href":"http:\/\/sourcesdelagrandeguerre.fr\/index.php?rest_route=\/wp\/v2\/types\/post"}],"author":[{"embeddable":true,"href":"http:\/\/sourcesdelagrandeguerre.fr\/index.php?rest_route=\/wp\/v2\/users\/1"}],"replies":[{"embeddable":true,"href":"http:\/\/sourcesdelagrandeguerre.fr\/index.php?rest_route=%2Fwp%2Fv2%2Fcomments&post=903"}],"version-history":[{"count":106,"href":"http:\/\/sourcesdelagrandeguerre.fr\/index.php?rest_route=\/wp\/v2\/posts\/903\/revisions"}],"predecessor-version":[{"id":5605,"href":"http:\/\/sourcesdelagrandeguerre.fr\/index.php?rest_route=\/wp\/v2\/posts\/903\/revisions\/5605"}],"wp:featuredmedia":[{"embeddable":true,"href":"http:\/\/sourcesdelagrandeguerre.fr\/index.php?rest_route=\/wp\/v2\/media\/5604"}],"wp:attachment":[{"href":"http:\/\/sourcesdelagrandeguerre.fr\/index.php?rest_route=%2Fwp%2Fv2%2Fmedia&parent=903"}],"wp:term":[{"taxonomy":"category","embeddable":true,"href":"http:\/\/sourcesdelagrandeguerre.fr\/index.php?rest_route=%2Fwp%2Fv2%2Fcategories&post=903"},{"taxonomy":"post_tag","embeddable":true,"href":"http:\/\/sourcesdelagrandeguerre.fr\/index.php?rest_route=%2Fwp%2Fv2%2Ftags&post=903"}],"curies":[{"name":"wp","href":"https:\/\/api.w.org\/{rel}","templated":true}]}}