{"id":1572,"date":"2012-11-04T21:04:06","date_gmt":"2012-11-04T20:04:06","guid":{"rendered":"http:\/\/sourcesdelagrandeguerre.fr\/WordPress3\/?p=1572"},"modified":"2012-11-04T21:04:06","modified_gmt":"2012-11-04T20:04:06","slug":"cetait-un-11-novembre-mais-lequel-a-vous-de-jouer","status":"publish","type":"post","link":"https:\/\/sourcesdelagrandeguerre.fr\/?p=1572","title":{"rendered":"C&rsquo;\u00e9tait un 11 novembre&#8230; mais lequel ? A vous de jouer"},"content":{"rendered":"<p style=\"text-align: justify;\">Dans moins d&rsquo;une semaine, nous c\u00e9l\u00e8brerons le 94e anniversaire de l&rsquo;armistice du 11 novembre 1918. Sign\u00e9 \u00e0 5 heures 10 du matin dans la clairi\u00e8re de Rethondes et prenant effet \u00e0 11 heures, l&rsquo;armistice \u00e9tait conclu pour 36 jours renouvelables. En effet, si un armistice suspend les hostilit\u00e9s, il ne met pas fin officiellement \u00e0 la guerre. Cependant, dans les faits, la guerre \u00e9tait termin\u00e9e. En France, la date du 11 novembre a \u00e9t\u00e9 retenue, non sans difficult\u00e9s, pour comm\u00e9morer la victoire dans un premier temps. Mais d\u00e8s le d\u00e9but des ann\u00e9es 1920, c&rsquo;est la fin de la guerre que les Fran\u00e7ais c\u00e9l\u00e8brent \u00e0 l&rsquo;occasion du 11 novembre, devenu f\u00eate nationale (donc f\u00e9ri\u00e9 et ch\u00f4m\u00e9).<\/p>\n<p style=\"text-align: justify;\">La photographie ci-dessous repr\u00e9sente une de ces comm\u00e9morations du 11 novembre. Nous vous proposons de deviner de quelle ann\u00e9e il s&rsquo;agit. A vos commentaires&#8230;<\/p>\n<p><a href=\"http:\/\/sourcesdelagrandeguerre.fr\/WordPress3\/wp-content\/uploads\/2012\/11\/11-novembre.jpg\"><img data-attachment-id=\"1573\" data-permalink=\"https:\/\/sourcesdelagrandeguerre.fr\/?attachment_id=1573\" data-orig-file=\"https:\/\/sourcesdelagrandeguerre.fr\/WordPress3\/wp-content\/uploads\/2012\/11\/11-novembre.jpg\" data-orig-size=\"685,542\" data-comments-opened=\"1\" data-image-meta=\"{&quot;aperture&quot;:&quot;0&quot;,&quot;credit&quot;:&quot;&quot;,&quot;camera&quot;:&quot;&quot;,&quot;caption&quot;:&quot;&quot;,&quot;created_timestamp&quot;:&quot;0&quot;,&quot;copyright&quot;:&quot;&quot;,&quot;focal_length&quot;:&quot;0&quot;,&quot;iso&quot;:&quot;0&quot;,&quot;shutter_speed&quot;:&quot;0&quot;,&quot;title&quot;:&quot;&quot;}\" data-image-title=\"11 novembre\" data-image-description=\"\" data-image-caption=\"\" data-medium-file=\"https:\/\/sourcesdelagrandeguerre.fr\/WordPress3\/wp-content\/uploads\/2012\/11\/11-novembre-300x237.jpg\" data-large-file=\"https:\/\/sourcesdelagrandeguerre.fr\/WordPress3\/wp-content\/uploads\/2012\/11\/11-novembre.jpg\" decoding=\"async\" loading=\"lazy\" class=\"aligncenter size-full wp-image-1573\" title=\"11 novembre\" src=\"http:\/\/sourcesdelagrandeguerre.fr\/WordPress3\/wp-content\/uploads\/2012\/11\/11-novembre.jpg\" alt=\"\" width=\"685\" height=\"542\" srcset=\"https:\/\/sourcesdelagrandeguerre.fr\/WordPress3\/wp-content\/uploads\/2012\/11\/11-novembre.jpg 685w, https:\/\/sourcesdelagrandeguerre.fr\/WordPress3\/wp-content\/uploads\/2012\/11\/11-novembre-300x237.jpg 300w\" sizes=\"(max-width: 685px) 100vw, 685px\" \/><\/a><\/p>\n<div class=\"sharedaddy sd-sharing-enabled\"><div class=\"robots-nocontent sd-block sd-social sd-social-icon sd-sharing\"><h3 class=\"sd-title\">Partager\u00a0:<\/h3><div class=\"sd-content\"><ul><li class=\"share-email\"><a rel=\"nofollow noopener noreferrer\" data-shared=\"\" class=\"share-email sd-button share-icon no-text\" href=\"https:\/\/sourcesdelagrandeguerre.fr\/?p=1572&amp;share=email\" target=\"_blank\" title=\"Cliquez pour envoyer par e-mail \u00e0 un ami\"><span><\/span><span class=\"sharing-screen-reader-text\">Cliquez pour envoyer par e-mail \u00e0 un ami(ouvre dans une nouvelle fen\u00eatre)<\/span><\/a><\/li><li class=\"share-facebook\"><a rel=\"nofollow noopener noreferrer\" data-shared=\"sharing-facebook-1572\" class=\"share-facebook sd-button share-icon no-text\" href=\"https:\/\/sourcesdelagrandeguerre.fr\/?p=1572&amp;share=facebook\" target=\"_blank\" title=\"Cliquez pour partager sur Facebook\"><span><\/span><span class=\"sharing-screen-reader-text\">Cliquez pour partager sur Facebook(ouvre dans une nouvelle fen\u00eatre)<\/span><\/a><\/li><li class=\"share-twitter\"><a rel=\"nofollow noopener noreferrer\" data-shared=\"sharing-twitter-1572\" class=\"share-twitter sd-button share-icon no-text\" href=\"https:\/\/sourcesdelagrandeguerre.fr\/?p=1572&amp;share=twitter\" target=\"_blank\" title=\"Cliquez pour partager sur Twitter\"><span><\/span><span class=\"sharing-screen-reader-text\">Cliquez pour partager sur Twitter(ouvre dans une nouvelle fen\u00eatre)<\/span><\/a><\/li><li class=\"share-linkedin\"><a rel=\"nofollow noopener noreferrer\" data-shared=\"sharing-linkedin-1572\" class=\"share-linkedin sd-button share-icon no-text\" href=\"https:\/\/sourcesdelagrandeguerre.fr\/?p=1572&amp;share=linkedin\" target=\"_blank\" title=\"Cliquez pour partager sur LinkedIn\"><span><\/span><span class=\"sharing-screen-reader-text\">Cliquez pour partager sur LinkedIn(ouvre dans une nouvelle fen\u00eatre)<\/span><\/a><\/li><li class=\"share-print\"><a rel=\"nofollow noopener noreferrer\" data-shared=\"\" class=\"share-print sd-button share-icon no-text\" href=\"https:\/\/sourcesdelagrandeguerre.fr\/?p=1572\" target=\"_blank\" title=\"Cliquer pour imprimer\"><span><\/span><span class=\"sharing-screen-reader-text\">Cliquer pour imprimer(ouvre dans une nouvelle fen\u00eatre)<\/span><\/a><\/li><li class=\"share-end\"><\/li><\/ul><\/div><\/div><\/div>","protected":false},"excerpt":{"rendered":"<p>Dans moins d&rsquo;une semaine, nous c\u00e9l\u00e8brerons le 94e anniversaire de l&rsquo;armistice du 11 novembre 1918. Sign\u00e9 \u00e0 5 heures 10 du matin dans la clairi\u00e8re de Rethondes et prenant effet \u00e0 11 heures, l&rsquo;armistice \u00e9tait conclu pour 36 jours renouvelables. En effet, si un armistice suspend les hostilit\u00e9s, il ne met pas fin officiellement \u00e0 la guerre. Cependant, dans les faits, la guerre \u00e9tait termin\u00e9e. En France, la date du 11 novembre a \u00e9t\u00e9 retenue, non sans difficult\u00e9s, pour comm\u00e9morer la victoire dans un premier temps. Mais d\u00e8s le d\u00e9but des ann\u00e9es 1920, c&rsquo;est la fin de la guerre que les Fran\u00e7ais c\u00e9l\u00e8brent \u00e0 l&rsquo;occasion du 11 novembre, devenu f\u00eate nationale (donc f\u00e9ri\u00e9 et ch\u00f4m\u00e9). La photographie ci-dessous repr\u00e9sente une de ces comm\u00e9morations du 11 novembre. Nous vous proposons de deviner de quelle ann\u00e9e il s&rsquo;agit. A vos commentaires&#8230;<\/p>\n<div class=\"sharedaddy sd-sharing-enabled\"><div class=\"robots-nocontent sd-block sd-social sd-social-icon sd-sharing\"><h3 class=\"sd-title\">Partager\u00a0:<\/h3><div class=\"sd-content\"><ul><li class=\"share-email\"><a rel=\"nofollow noopener noreferrer\" data-shared=\"\" class=\"share-email sd-button share-icon no-text\" href=\"https:\/\/sourcesdelagrandeguerre.fr\/?p=1572&amp;share=email\" target=\"_blank\" title=\"Cliquez pour envoyer par e-mail \u00e0 un ami\"><span><\/span><span class=\"sharing-screen-reader-text\">Cliquez pour envoyer par e-mail \u00e0 un ami(ouvre dans une nouvelle fen\u00eatre)<\/span><\/a><\/li><li class=\"share-facebook\"><a rel=\"nofollow noopener noreferrer\" data-shared=\"sharing-facebook-1572\" class=\"share-facebook sd-button share-icon no-text\" href=\"https:\/\/sourcesdelagrandeguerre.fr\/?p=1572&amp;share=facebook\" target=\"_blank\" title=\"Cliquez pour partager sur Facebook\"><span><\/span><span class=\"sharing-screen-reader-text\">Cliquez pour partager sur Facebook(ouvre dans une nouvelle fen\u00eatre)<\/span><\/a><\/li><li class=\"share-twitter\"><a rel=\"nofollow noopener noreferrer\" data-shared=\"sharing-twitter-1572\" class=\"share-twitter sd-button share-icon no-text\" href=\"https:\/\/sourcesdelagrandeguerre.fr\/?p=1572&amp;share=twitter\" target=\"_blank\" title=\"Cliquez pour partager sur Twitter\"><span><\/span><span class=\"sharing-screen-reader-text\">Cliquez pour partager sur Twitter(ouvre dans une nouvelle fen\u00eatre)<\/span><\/a><\/li><li class=\"share-linkedin\"><a rel=\"nofollow noopener noreferrer\" data-shared=\"sharing-linkedin-1572\" class=\"share-linkedin sd-button share-icon no-text\" href=\"https:\/\/sourcesdelagrandeguerre.fr\/?p=1572&amp;share=linkedin\" target=\"_blank\" title=\"Cliquez pour partager sur LinkedIn\"><span><\/span><span class=\"sharing-screen-reader-text\">Cliquez pour partager sur LinkedIn(ouvre dans une nouvelle fen\u00eatre)<\/span><\/a><\/li><li class=\"share-print\"><a rel=\"nofollow noopener noreferrer\" data-shared=\"\" class=\"share-print sd-button share-icon no-text\" href=\"https:\/\/sourcesdelagrandeguerre.fr\/?p=1572\" target=\"_blank\" title=\"Cliquer pour imprimer\"><span><\/span><span class=\"sharing-screen-reader-text\">Cliquer pour imprimer(ouvre dans une nouvelle fen\u00eatre)<\/span><\/a><\/li><li class=\"share-end\"><\/li><\/ul><\/div><\/div><\/div>","protected":false},"author":1,"featured_media":0,"comment_status":"open","ping_status":"open","sticky":false,"template":"","format":"standard","meta":{"spay_email":"","jetpack_publicize_message":"","jetpack_is_tweetstorm":false,"jetpack_publicize_feature_enabled":true},"categories":[18,114],"tags":[126,127],"jetpack_featured_media_url":"","jetpack_publicize_connections":[],"jetpack_shortlink":"https:\/\/wp.me\/p2bYSy-pm","jetpack_sharing_enabled":true,"_links":{"self":[{"href":"https:\/\/sourcesdelagrandeguerre.fr\/index.php?rest_route=\/wp\/v2\/posts\/1572"}],"collection":[{"href":"https:\/\/sourcesdelagrandeguerre.fr\/index.php?rest_route=\/wp\/v2\/posts"}],"about":[{"href":"https:\/\/sourcesdelagrandeguerre.fr\/index.php?rest_route=\/wp\/v2\/types\/post"}],"author":[{"embeddable":true,"href":"https:\/\/sourcesdelagrandeguerre.fr\/index.php?rest_route=\/wp\/v2\/users\/1"}],"replies":[{"embeddable":true,"href":"https:\/\/sourcesdelagrandeguerre.fr\/index.php?rest_route=%2Fwp%2Fv2%2Fcomments&post=1572"}],"version-history":[{"count":11,"href":"https:\/\/sourcesdelagrandeguerre.fr\/index.php?rest_route=\/wp\/v2\/posts\/1572\/revisions"}],"predecessor-version":[{"id":1585,"href":"https:\/\/sourcesdelagrandeguerre.fr\/index.php?rest_route=\/wp\/v2\/posts\/1572\/revisions\/1585"}],"wp:attachment":[{"href":"https:\/\/sourcesdelagrandeguerre.fr\/index.php?rest_route=%2Fwp%2Fv2%2Fmedia&parent=1572"}],"wp:term":[{"taxonomy":"category","embeddable":true,"href":"https:\/\/sourcesdelagrandeguerre.fr\/index.php?rest_route=%2Fwp%2Fv2%2Fcategories&post=1572"},{"taxonomy":"post_tag","embeddable":true,"href":"https:\/\/sourcesdelagrandeguerre.fr\/index.php?rest_route=%2Fwp%2Fv2%2Ftags&post=1572"}],"curies":[{"name":"wp","href":"https:\/\/api.w.org\/{rel}","templated":true}]}}