{"id":1732,"date":"2012-12-17T21:24:03","date_gmt":"2012-12-17T20:24:03","guid":{"rendered":"http:\/\/sourcesdelagrandeguerre.fr\/WordPress3\/?p=1732"},"modified":"2012-12-17T21:24:03","modified_gmt":"2012-12-17T20:24:03","slug":"lecpad-nous-emmene-au-cameroun-en-1917-1918","status":"publish","type":"post","link":"https:\/\/sourcesdelagrandeguerre.fr\/?p=1732","title":{"rendered":"L&rsquo;ECPAD nous emm\u00e8ne au Cameroun en 1917-1918"},"content":{"rendered":"<div id=\"attachment_1745\" style=\"width: 999px\" class=\"wp-caption alignleft\"><a href=\"http:\/\/sourcesdelagrandeguerre.fr\/WordPress3\/?attachment_id=1745\" rel=\"attachment wp-att-1745\"><img aria-describedby=\"caption-attachment-1745\" data-attachment-id=\"1745\" data-permalink=\"https:\/\/sourcesdelagrandeguerre.fr\/?attachment_id=1745\" data-orig-file=\"https:\/\/sourcesdelagrandeguerre.fr\/WordPress3\/wp-content\/uploads\/2012\/12\/SPA-202-H-6152.jpg\" data-orig-size=\"989,700\" data-comments-opened=\"1\" data-image-meta=\"{&quot;aperture&quot;:&quot;0&quot;,&quot;credit&quot;:&quot;&quot;,&quot;camera&quot;:&quot;P 45&quot;,&quot;caption&quot;:&quot;&quot;,&quot;created_timestamp&quot;:&quot;1258638334&quot;,&quot;copyright&quot;:&quot;&quot;,&quot;focal_length&quot;:&quot;0&quot;,&quot;iso&quot;:&quot;50&quot;,&quot;shutter_speed&quot;:&quot;0&quot;,&quot;title&quot;:&quot;&quot;}\" data-image-title=\"Femme fabriquant des Bourmas SPA-202-H-6152\" data-image-description=\"\" data-image-caption=\"&lt;p&gt;Une femme fabriquant des Bourmas \u00e0 Garoua le 11 janvier 1918.&lt;br \/&gt;\nECPAD SPA-202-H-6152&lt;\/p&gt;\n\" data-medium-file=\"https:\/\/sourcesdelagrandeguerre.fr\/WordPress3\/wp-content\/uploads\/2012\/12\/SPA-202-H-6152-300x212.jpg\" data-large-file=\"https:\/\/sourcesdelagrandeguerre.fr\/WordPress3\/wp-content\/uploads\/2012\/12\/SPA-202-H-6152.jpg\" decoding=\"async\" loading=\"lazy\" class=\"size-full wp-image-1745\" alt=\"Une femme fabriquant des Bourmas \u00e0 Garoua le 11 janvier 1918.ECPAD SPA-202-H-6152\" src=\"http:\/\/sourcesdelagrandeguerre.fr\/WordPress3\/wp-content\/uploads\/2012\/12\/SPA-202-H-6152.jpg\" width=\"989\" height=\"700\" srcset=\"https:\/\/sourcesdelagrandeguerre.fr\/WordPress3\/wp-content\/uploads\/2012\/12\/SPA-202-H-6152.jpg 989w, https:\/\/sourcesdelagrandeguerre.fr\/WordPress3\/wp-content\/uploads\/2012\/12\/SPA-202-H-6152-300x212.jpg 300w\" sizes=\"(max-width: 989px) 100vw, 989px\" \/><\/a><p id=\"caption-attachment-1745\" class=\"wp-caption-text\">Une femme fabriquant des Bourmas (des poteries) \u00e0 Garoua le 11 janvier 1918.<br \/>ECPAD SPA-202-H-6152<\/p><\/div>\n<p style=\"text-align: justify;\">Le \u00ab\u00a0fonds Premi\u00e8re Guerre mondiale\u00a0\u00bb de l\u2019<strong>\u00c9tablissement de communication et de production audiovisuelle de la D\u00e9fense<\/strong> (ECPAD) comprend des images (pr\u00e8s de 110 000 clich\u00e9s et plus de 2 000 films) et des archives \u00e9crites (en particulier des notes manuscrites des op\u00e9rateurs, des registres et des livres d&rsquo;entr\u00e9e tenus par les archivistes de la section photographique et cin\u00e9matographique des arm\u00e9es). L&rsquo;ECPAD conserve aussi des images provenant de dons priv\u00e9s (16 000 photos), souvent accompagn\u00e9es d&rsquo;une riche documentation (journaux intimes, dessins, etc.). Consultable au fort d&rsquo;Ivry dans le Val-de-Marne, le \u00ab\u00a0fonds Premi\u00e8re Guerre mondiale\u00a0\u00bb est en grande partie num\u00e9ris\u00e9 (95%). L&rsquo;\u00e9tablissement permet aux internautes de d\u00e9couvrir r\u00e9guli\u00e8rement une partie de ce fonds sur son site internet.<\/p>\n<p style=\"text-align: justify;\">Depuis le 3 d\u00e9cembre, l&rsquo;ECPAD propose ainsi un <a href=\"http:\/\/www.ecpad.fr\/tag\/thema-cameroun\" target=\"_blank\">thema remarquable consacr\u00e9 au <strong>Cameroun<\/strong><\/a> de 1917 \u00e0 1918, qui se compose d&rsquo;une galerie photos et d&rsquo;un dossier documentaire. L&rsquo;origine de ce fonds remonte \u00e0 la Premi\u00e8re Guerre mondiale. En f\u00e9vrier 1916, au terme d&rsquo;une longue campagne, les alli\u00e9s (Belges, Britanniques et Fran\u00e7ais) chassent les Allemands du Cameroun. Dans les mois qui suivent, les vainqueurs se partagent l&rsquo;ancienne colonie allemande et c&rsquo;est ainsi que les autorit\u00e9s militaires fran\u00e7aises d\u00e9p\u00eachent un op\u00e9rateur photographique militaire charg\u00e9 de \u00ab\u00a0<em>dresser un inventaire illustr\u00e9<\/em>\u00a0\u00bb de la partie administr\u00e9e par la France. Cette mission est confi\u00e9e \u00e0 <strong>Fr\u00e9d\u00e9ric Gadmer<\/strong> (1878-1954), photographe, cin\u00e9aste et explorateur. Du 13 d\u00e9cembre 1916 au 4 juillet 1918, il sillonne et photographie le pays du nord au sud, r\u00e9alisant environ 3000 clich\u00e9s parmi lesquels les trente photographies propos\u00e9es au public. Le p\u00e9riple de Gadmer est d\u00e9taill\u00e9 dans un excellent dossier documentaire qui accompagne la galerie photos. En 64 pages, soigneusement illustr\u00e9es par des <strong>photographies<\/strong> de l&rsquo;exp\u00e9dition et bien document\u00e9es, l&rsquo;auteur du dossier, V\u00e9ronique Goloubinoff, resitue l&rsquo;histoire du Cameroun (la p\u00e9riode pr\u00e9-coloniale, la colonisation allemande, les combats de la Premi\u00e8re Guerre mondiale au Cameroun) et de l&rsquo;exp\u00e9dition de Gadmer. L&rsquo;ensemble est passionnant. Enfin, une bibliographique et des liens vers des sites internet permettront d&rsquo;en savoir plus.<\/p>\n<p style=\"text-align: justify;\">Gr\u00e2ce au t\u00e9moignage de Fr\u00e9d\u00e9ric Gadmer, au travail de l&rsquo;ECPAD et \u00e0 la mise en ligne d&rsquo;une partie de ce fonds, l&rsquo;internaute voyage au Cameroun \u00e0 la rencontre de superbes paysages et de la soci\u00e9t\u00e9 africaine au d\u00e9but du XXe si\u00e8cle. Ce thema illustre la richesse du \u00ab\u00a0fonds Premi\u00e8re Guerre mondiale\u00a0\u00bb de l&rsquo;ECPAD.<\/p>\n<p style=\"text-align: justify;\">Bon voyage !<\/p>\n<div id=\"attachment_1747\" style=\"width: 974px\" class=\"wp-caption alignleft\"><a href=\"http:\/\/sourcesdelagrandeguerre.fr\/WordPress3\/?attachment_id=1747\" rel=\"attachment wp-att-1747\"><img aria-describedby=\"caption-attachment-1747\" data-attachment-id=\"1747\" data-permalink=\"https:\/\/sourcesdelagrandeguerre.fr\/?attachment_id=1747\" data-orig-file=\"https:\/\/sourcesdelagrandeguerre.fr\/WordPress3\/wp-content\/uploads\/2012\/12\/SPA-155-H-4854.jpg\" data-orig-size=\"964,700\" data-comments-opened=\"1\" data-image-meta=\"{&quot;aperture&quot;:&quot;0&quot;,&quot;credit&quot;:&quot;&quot;,&quot;camera&quot;:&quot;P 45&quot;,&quot;caption&quot;:&quot;&quot;,&quot;created_timestamp&quot;:&quot;0&quot;,&quot;copyright&quot;:&quot;&quot;,&quot;focal_length&quot;:&quot;0&quot;,&quot;iso&quot;:&quot;0&quot;,&quot;shutter_speed&quot;:&quot;0&quot;,&quot;title&quot;:&quot;&quot;}\" data-image-title=\"SPA-155-H-4854\" data-image-description=\"\" data-image-caption=\"&lt;p&gt;Partie Est du lac de l&amp;rsquo;Eboga (2110 m\u00e8tres d&amp;rsquo;altitude) le 9 mars 1917.&lt;br \/&gt;\nECPAD SPA-155-H-4854&lt;\/p&gt;\n\" data-medium-file=\"https:\/\/sourcesdelagrandeguerre.fr\/WordPress3\/wp-content\/uploads\/2012\/12\/SPA-155-H-4854-300x217.jpg\" data-large-file=\"https:\/\/sourcesdelagrandeguerre.fr\/WordPress3\/wp-content\/uploads\/2012\/12\/SPA-155-H-4854.jpg\" decoding=\"async\" loading=\"lazy\" class=\"size-full wp-image-1747\" alt=\"Partie Est du lac de l'Eboga (2110 m\u00e8tres d'altitude) le 9 mars 1917.ECPAD SPA-155-H-4854\" src=\"http:\/\/sourcesdelagrandeguerre.fr\/WordPress3\/wp-content\/uploads\/2012\/12\/SPA-155-H-4854.jpg\" width=\"964\" height=\"700\" srcset=\"https:\/\/sourcesdelagrandeguerre.fr\/WordPress3\/wp-content\/uploads\/2012\/12\/SPA-155-H-4854.jpg 964w, https:\/\/sourcesdelagrandeguerre.fr\/WordPress3\/wp-content\/uploads\/2012\/12\/SPA-155-H-4854-300x217.jpg 300w\" sizes=\"(max-width: 964px) 100vw, 964px\" \/><\/a><p id=\"caption-attachment-1747\" class=\"wp-caption-text\">Partie Est du lac de l&rsquo;Eboga (2110 m\u00e8tres d&rsquo;altitude) le 9 mars 1917.<br \/>ECPAD SPA-155-H-4854<\/p><\/div>\n<p style=\"text-align: justify;\">\n<div class=\"sharedaddy sd-sharing-enabled\"><div class=\"robots-nocontent sd-block sd-social sd-social-icon sd-sharing\"><h3 class=\"sd-title\">Partager\u00a0:<\/h3><div class=\"sd-content\"><ul><li class=\"share-email\"><a rel=\"nofollow noopener noreferrer\" data-shared=\"\" class=\"share-email sd-button share-icon no-text\" href=\"https:\/\/sourcesdelagrandeguerre.fr\/?p=1732&amp;share=email\" target=\"_blank\" title=\"Cliquez pour envoyer par e-mail \u00e0 un ami\"><span><\/span><span class=\"sharing-screen-reader-text\">Cliquez pour envoyer par e-mail \u00e0 un ami(ouvre dans une nouvelle fen\u00eatre)<\/span><\/a><\/li><li class=\"share-facebook\"><a rel=\"nofollow noopener noreferrer\" data-shared=\"sharing-facebook-1732\" class=\"share-facebook sd-button share-icon no-text\" href=\"https:\/\/sourcesdelagrandeguerre.fr\/?p=1732&amp;share=facebook\" target=\"_blank\" title=\"Cliquez pour partager sur Facebook\"><span><\/span><span class=\"sharing-screen-reader-text\">Cliquez pour partager sur Facebook(ouvre dans une nouvelle fen\u00eatre)<\/span><\/a><\/li><li class=\"share-twitter\"><a rel=\"nofollow noopener noreferrer\" data-shared=\"sharing-twitter-1732\" class=\"share-twitter sd-button share-icon no-text\" href=\"https:\/\/sourcesdelagrandeguerre.fr\/?p=1732&amp;share=twitter\" target=\"_blank\" title=\"Cliquez pour partager sur Twitter\"><span><\/span><span class=\"sharing-screen-reader-text\">Cliquez pour partager sur Twitter(ouvre dans une nouvelle fen\u00eatre)<\/span><\/a><\/li><li class=\"share-linkedin\"><a rel=\"nofollow noopener noreferrer\" data-shared=\"sharing-linkedin-1732\" class=\"share-linkedin sd-button share-icon no-text\" href=\"https:\/\/sourcesdelagrandeguerre.fr\/?p=1732&amp;share=linkedin\" target=\"_blank\" title=\"Cliquez pour partager sur LinkedIn\"><span><\/span><span class=\"sharing-screen-reader-text\">Cliquez pour partager sur LinkedIn(ouvre dans une nouvelle fen\u00eatre)<\/span><\/a><\/li><li class=\"share-print\"><a rel=\"nofollow noopener noreferrer\" data-shared=\"\" class=\"share-print sd-button share-icon no-text\" href=\"https:\/\/sourcesdelagrandeguerre.fr\/?p=1732\" target=\"_blank\" title=\"Cliquer pour imprimer\"><span><\/span><span class=\"sharing-screen-reader-text\">Cliquer pour imprimer(ouvre dans une nouvelle fen\u00eatre)<\/span><\/a><\/li><li class=\"share-end\"><\/li><\/ul><\/div><\/div><\/div>","protected":false},"excerpt":{"rendered":"<p>Le \u00ab\u00a0fonds Premi\u00e8re Guerre mondiale\u00a0\u00bb de l\u2019\u00c9tablissement de communication et de production audiovisuelle de la D\u00e9fense (ECPAD) comprend des images (pr\u00e8s de 110 000 clich\u00e9s et plus de 2 000 films) et des archives \u00e9crites (en particulier des notes manuscrites des op\u00e9rateurs, des registres et des livres d&rsquo;entr\u00e9e tenus par les archivistes de la section photographique et cin\u00e9matographique des arm\u00e9es). L&rsquo;ECPAD conserve aussi des images provenant de dons priv\u00e9s (16 000 photos), souvent accompagn\u00e9es d&rsquo;une riche documentation (journaux intimes, dessins, etc.). Consultable au fort d&rsquo;Ivry dans le Val-de-Marne, le \u00ab\u00a0fonds Premi\u00e8re Guerre mondiale\u00a0\u00bb est en grande partie num\u00e9ris\u00e9 (95%). L&rsquo;\u00e9tablissement permet aux internautes de d\u00e9couvrir r\u00e9guli\u00e8rement une partie de ce fonds sur son site internet. Depuis le 3 d\u00e9cembre, l&rsquo;ECPAD propose ainsi un thema remarquable consacr\u00e9 au Cameroun de 1917 \u00e0 1918, qui se compose d&rsquo;une galerie photos et d&rsquo;un dossier documentaire. L&rsquo;origine de ce fonds remonte \u00e0 la Premi\u00e8re Guerre mondiale. En f\u00e9vrier 1916, au terme d&rsquo;une longue campagne, les alli\u00e9s (Belges, Britanniques et Fran\u00e7ais) chassent les Allemands du Cameroun. Dans les mois qui suivent, les vainqueurs se partagent l&rsquo;ancienne colonie allemande et c&rsquo;est ainsi que les autorit\u00e9s militaires fran\u00e7aises d\u00e9p\u00eachent un op\u00e9rateur photographique militaire charg\u00e9 de \u00ab\u00a0dresser un&#8230;<\/p>\n<div class=\"sharedaddy sd-sharing-enabled\"><div class=\"robots-nocontent sd-block sd-social sd-social-icon sd-sharing\"><h3 class=\"sd-title\">Partager\u00a0:<\/h3><div class=\"sd-content\"><ul><li class=\"share-email\"><a rel=\"nofollow noopener noreferrer\" data-shared=\"\" class=\"share-email sd-button share-icon no-text\" href=\"https:\/\/sourcesdelagrandeguerre.fr\/?p=1732&amp;share=email\" target=\"_blank\" title=\"Cliquez pour envoyer par e-mail \u00e0 un ami\"><span><\/span><span class=\"sharing-screen-reader-text\">Cliquez pour envoyer par e-mail \u00e0 un ami(ouvre dans une nouvelle fen\u00eatre)<\/span><\/a><\/li><li class=\"share-facebook\"><a rel=\"nofollow noopener noreferrer\" data-shared=\"sharing-facebook-1732\" class=\"share-facebook sd-button share-icon no-text\" href=\"https:\/\/sourcesdelagrandeguerre.fr\/?p=1732&amp;share=facebook\" target=\"_blank\" title=\"Cliquez pour partager sur Facebook\"><span><\/span><span class=\"sharing-screen-reader-text\">Cliquez pour partager sur Facebook(ouvre dans une nouvelle fen\u00eatre)<\/span><\/a><\/li><li class=\"share-twitter\"><a rel=\"nofollow noopener noreferrer\" data-shared=\"sharing-twitter-1732\" class=\"share-twitter sd-button share-icon no-text\" href=\"https:\/\/sourcesdelagrandeguerre.fr\/?p=1732&amp;share=twitter\" target=\"_blank\" title=\"Cliquez pour partager sur Twitter\"><span><\/span><span class=\"sharing-screen-reader-text\">Cliquez pour partager sur Twitter(ouvre dans une nouvelle fen\u00eatre)<\/span><\/a><\/li><li class=\"share-linkedin\"><a rel=\"nofollow noopener noreferrer\" data-shared=\"sharing-linkedin-1732\" class=\"share-linkedin sd-button share-icon no-text\" href=\"https:\/\/sourcesdelagrandeguerre.fr\/?p=1732&amp;share=linkedin\" target=\"_blank\" title=\"Cliquez pour partager sur LinkedIn\"><span><\/span><span class=\"sharing-screen-reader-text\">Cliquez pour partager sur LinkedIn(ouvre dans une nouvelle fen\u00eatre)<\/span><\/a><\/li><li class=\"share-print\"><a rel=\"nofollow noopener noreferrer\" data-shared=\"\" class=\"share-print sd-button share-icon no-text\" href=\"https:\/\/sourcesdelagrandeguerre.fr\/?p=1732\" target=\"_blank\" title=\"Cliquer pour imprimer\"><span><\/span><span class=\"sharing-screen-reader-text\">Cliquer pour imprimer(ouvre dans une nouvelle fen\u00eatre)<\/span><\/a><\/li><li class=\"share-end\"><\/li><\/ul><\/div><\/div><\/div>","protected":false},"author":1,"featured_media":0,"comment_status":"open","ping_status":"open","sticky":false,"template":"","format":"standard","meta":{"spay_email":"","jetpack_publicize_message":"","jetpack_is_tweetstorm":false,"jetpack_publicize_feature_enabled":true},"categories":[4,114],"tags":[131,139,140,118],"jetpack_featured_media_url":"","jetpack_publicize_connections":[],"jetpack_shortlink":"https:\/\/wp.me\/p2bYSy-rW","jetpack_sharing_enabled":true,"_links":{"self":[{"href":"https:\/\/sourcesdelagrandeguerre.fr\/index.php?rest_route=\/wp\/v2\/posts\/1732"}],"collection":[{"href":"https:\/\/sourcesdelagrandeguerre.fr\/index.php?rest_route=\/wp\/v2\/posts"}],"about":[{"href":"https:\/\/sourcesdelagrandeguerre.fr\/index.php?rest_route=\/wp\/v2\/types\/post"}],"author":[{"embeddable":true,"href":"https:\/\/sourcesdelagrandeguerre.fr\/index.php?rest_route=\/wp\/v2\/users\/1"}],"replies":[{"embeddable":true,"href":"https:\/\/sourcesdelagrandeguerre.fr\/index.php?rest_route=%2Fwp%2Fv2%2Fcomments&post=1732"}],"version-history":[{"count":25,"href":"https:\/\/sourcesdelagrandeguerre.fr\/index.php?rest_route=\/wp\/v2\/posts\/1732\/revisions"}],"predecessor-version":[{"id":1762,"href":"https:\/\/sourcesdelagrandeguerre.fr\/index.php?rest_route=\/wp\/v2\/posts\/1732\/revisions\/1762"}],"wp:attachment":[{"href":"https:\/\/sourcesdelagrandeguerre.fr\/index.php?rest_route=%2Fwp%2Fv2%2Fmedia&parent=1732"}],"wp:term":[{"taxonomy":"category","embeddable":true,"href":"https:\/\/sourcesdelagrandeguerre.fr\/index.php?rest_route=%2Fwp%2Fv2%2Fcategories&post=1732"},{"taxonomy":"post_tag","embeddable":true,"href":"https:\/\/sourcesdelagrandeguerre.fr\/index.php?rest_route=%2Fwp%2Fv2%2Ftags&post=1732"}],"curies":[{"name":"wp","href":"https:\/\/api.w.org\/{rel}","templated":true}]}}