{"id":1780,"date":"2013-01-20T20:54:48","date_gmt":"2013-01-20T19:54:48","guid":{"rendered":"http:\/\/sourcesdelagrandeguerre.fr\/WordPress3\/?p=1780"},"modified":"2013-01-20T20:54:48","modified_gmt":"2013-01-20T19:54:48","slug":"visite-au-musee-de-la-grande-guerre-a-meaux","status":"publish","type":"post","link":"https:\/\/sourcesdelagrandeguerre.fr\/?p=1780","title":{"rendered":"Visite au mus\u00e9e de la Grande Guerre \u00e0 Meaux"},"content":{"rendered":"<p style=\"text-align: justify;\"><a href=\"http:\/\/www.museedelagrandeguerre.eu\/\" target=\"_blank\" rel=\"attachment wp-att-1864\"><img data-attachment-id=\"1864\" data-permalink=\"https:\/\/sourcesdelagrandeguerre.fr\/?attachment_id=1864\" data-orig-file=\"https:\/\/sourcesdelagrandeguerre.fr\/WordPress3\/wp-content\/uploads\/2013\/01\/Mus\u00e9e-de-la-grande-guerre.jpg\" data-orig-size=\"1920,722\" data-comments-opened=\"1\" data-image-meta=\"{&quot;aperture&quot;:&quot;0&quot;,&quot;credit&quot;:&quot;&quot;,&quot;camera&quot;:&quot;&quot;,&quot;caption&quot;:&quot;&quot;,&quot;created_timestamp&quot;:&quot;0&quot;,&quot;copyright&quot;:&quot;&quot;,&quot;focal_length&quot;:&quot;0&quot;,&quot;iso&quot;:&quot;0&quot;,&quot;shutter_speed&quot;:&quot;0&quot;,&quot;title&quot;:&quot;&quot;}\" data-image-title=\"Mus\u00e9e de la grande guerre\" data-image-description=\"\" data-image-caption=\"\" data-medium-file=\"https:\/\/sourcesdelagrandeguerre.fr\/WordPress3\/wp-content\/uploads\/2013\/01\/Mus\u00e9e-de-la-grande-guerre-300x112.jpg\" data-large-file=\"https:\/\/sourcesdelagrandeguerre.fr\/WordPress3\/wp-content\/uploads\/2013\/01\/Mus\u00e9e-de-la-grande-guerre-1024x385.jpg\" decoding=\"async\" loading=\"lazy\" class=\"aligncenter size-large wp-image-1864\" alt=\"Mus\u00e9e de la grande guerre\" src=\"http:\/\/sourcesdelagrandeguerre.fr\/WordPress3\/wp-content\/uploads\/2013\/01\/Mus\u00e9e-de-la-grande-guerre-1024x385.jpg\" width=\"667\" height=\"250\" srcset=\"https:\/\/sourcesdelagrandeguerre.fr\/WordPress3\/wp-content\/uploads\/2013\/01\/Mus\u00e9e-de-la-grande-guerre-1024x385.jpg 1024w, https:\/\/sourcesdelagrandeguerre.fr\/WordPress3\/wp-content\/uploads\/2013\/01\/Mus\u00e9e-de-la-grande-guerre-300x112.jpg 300w, https:\/\/sourcesdelagrandeguerre.fr\/WordPress3\/wp-content\/uploads\/2013\/01\/Mus\u00e9e-de-la-grande-guerre.jpg 1920w\" sizes=\"(max-width: 667px) 100vw, 667px\" \/><\/a><\/p>\n<p style=\"text-align: justify;\">Pendant les vacances de No\u00ebl, nous avons visit\u00e9 le <a href=\"http:\/\/www.museedelagrandeguerre.eu\/\" target=\"_blank\">mus\u00e9e de la Grande Guerre<\/a> de Meaux. Il n&rsquo;est pas difficile de trouver l&rsquo;imposant b\u00e2timent de l&rsquo;architecte Christophe Lab, au pied de la <a href=\"http:\/\/www.museedelagrandeguerre.eu\/renovation-du-monument-americain\" target=\"_blank\">Libert\u00e9 \u00e9plor\u00e9e<\/a>, monument offert \u00e0 la France par les \u00c9tats-Unis en septembre 1932. Cet ensemble monumental rend hommage aux soldats fran\u00e7ais qui ont r\u00e9sist\u00e9 \u00e0 l&rsquo;avance allemande devant Meaux pendant la premi\u00e8re bataille de la Marne en septembre 1914.<\/p>\n<div id=\"attachment_1839\" style=\"width: 239px\" class=\"wp-caption alignright\"><a href=\"http:\/\/sourcesdelagrandeguerre.fr\/WordPress3\/?attachment_id=1839\" rel=\"attachment wp-att-1839\"><img aria-describedby=\"caption-attachment-1839\" data-attachment-id=\"1839\" data-permalink=\"https:\/\/sourcesdelagrandeguerre.fr\/?attachment_id=1839\" data-orig-file=\"https:\/\/sourcesdelagrandeguerre.fr\/WordPress3\/wp-content\/uploads\/2013\/01\/P1000242.jpg\" data-orig-size=\"4000,3000\" data-comments-opened=\"1\" data-image-meta=\"{&quot;aperture&quot;:&quot;2.8&quot;,&quot;credit&quot;:&quot;&quot;,&quot;camera&quot;:&quot;DMC-FZ200&quot;,&quot;caption&quot;:&quot;&quot;,&quot;created_timestamp&quot;:&quot;1356606611&quot;,&quot;copyright&quot;:&quot;&quot;,&quot;focal_length&quot;:&quot;4.5&quot;,&quot;iso&quot;:&quot;500&quot;,&quot;shutter_speed&quot;:&quot;0.25&quot;,&quot;title&quot;:&quot;&quot;}\" data-image-title=\"Joffre\" data-image-description=\"\" data-image-caption=\"\" data-medium-file=\"https:\/\/sourcesdelagrandeguerre.fr\/WordPress3\/wp-content\/uploads\/2013\/01\/P1000242-300x225.jpg\" data-large-file=\"https:\/\/sourcesdelagrandeguerre.fr\/WordPress3\/wp-content\/uploads\/2013\/01\/P1000242-1024x768.jpg\" decoding=\"async\" loading=\"lazy\" class=\"size-medium wp-image-1839 \" alt=\"Objets illustrant le culte du mar\u00e9chal Joffre\" src=\"http:\/\/sourcesdelagrandeguerre.fr\/WordPress3\/wp-content\/uploads\/2013\/01\/P1000242-300x225.jpg\" width=\"229\" height=\"175\" \/><\/a><p id=\"caption-attachment-1839\" class=\"wp-caption-text\">Objets illustrant le culte du mar\u00e9chal Joffre<\/p><\/div>\n<p style=\"text-align: justify;\">Officiellement inaugur\u00e9 le 11 novembre 2011, le mus\u00e9e s&rsquo;appuie sur l&rsquo;importante <a href=\"http:\/\/www.museedelagrandeguerre.eu\/collections-du-musee\" target=\"_blank\">collection<\/a> de Jean-Pierre Verney (20 000 objets et 30 000 documents !) et d\u00e9pend de la communaut\u00e9 d&rsquo;agglom\u00e9ration du Pays de Meaux. L&rsquo;historien Marc Ferro est pr\u00e9sident d&rsquo;honneur du <a href=\"http:\/\/www.museedelagrandeguerre.eu\/le-conseil-scientifique\" target=\"_blank\">Conseil scientifique<\/a>. Le mus\u00e9e, qui a pour ambition d&rsquo;expliquer la Premi\u00e8re Guerre mondiale de fa\u00e7on p\u00e9dagogique, s&rsquo;adresse \u00e0 tous les publics, y compris les plus jeunes. Les deux batailles de la Marne occupent une grande place dans l&rsquo;exposition, sans que les autres aspects nationaux et internationaux de la guerre soient n\u00e9glig\u00e9s.<\/p>\n<p>&nbsp;<\/p>\n<div id=\"attachment_1834\" style=\"width: 253px\" class=\"wp-caption alignleft\"><a href=\"http:\/\/sourcesdelagrandeguerre.fr\/WordPress3\/?attachment_id=1834\" rel=\"attachment wp-att-1834\"><img aria-describedby=\"caption-attachment-1834\" data-attachment-id=\"1834\" data-permalink=\"https:\/\/sourcesdelagrandeguerre.fr\/?attachment_id=1834\" data-orig-file=\"https:\/\/sourcesdelagrandeguerre.fr\/WordPress3\/wp-content\/uploads\/2013\/01\/P1000258.jpg\" data-orig-size=\"4000,3000\" data-comments-opened=\"1\" data-image-meta=\"{&quot;aperture&quot;:&quot;2.8&quot;,&quot;credit&quot;:&quot;&quot;,&quot;camera&quot;:&quot;DMC-FZ200&quot;,&quot;caption&quot;:&quot;&quot;,&quot;created_timestamp&quot;:&quot;1356607829&quot;,&quot;copyright&quot;:&quot;&quot;,&quot;focal_length&quot;:&quot;4.5&quot;,&quot;iso&quot;:&quot;400&quot;,&quot;shutter_speed&quot;:&quot;0.033333333333333&quot;,&quot;title&quot;:&quot;&quot;}\" data-image-title=\"Les soldats de 1918\" data-image-description=\"\" data-image-caption=\"\" data-medium-file=\"https:\/\/sourcesdelagrandeguerre.fr\/WordPress3\/wp-content\/uploads\/2013\/01\/P1000258-300x225.jpg\" data-large-file=\"https:\/\/sourcesdelagrandeguerre.fr\/WordPress3\/wp-content\/uploads\/2013\/01\/P1000258-1024x768.jpg\" decoding=\"async\" loading=\"lazy\" class=\"size-medium wp-image-1834 \" alt=\"Le d\u00e9fil\u00e9 des soldats de 1918\" src=\"http:\/\/sourcesdelagrandeguerre.fr\/WordPress3\/wp-content\/uploads\/2013\/01\/P1000258-300x225.jpg\" width=\"243\" height=\"179\" \/><\/a><p id=\"caption-attachment-1834\" class=\"wp-caption-text\">Le d\u00e9fil\u00e9 des soldats de 1918<\/p><\/div>\n<p style=\"text-align: justify;\">Nous avons \u00e9t\u00e9 s\u00e9duits par l&rsquo;utilisation de l&rsquo;espace dans toutes les dimensions. Apr\u00e8s avoir travers\u00e9 des salles introductives consacr\u00e9es aux origines du conflit, on p\u00e9n\u00e8tre dans une galerie en marchant aux c\u00f4t\u00e9s des soldats de 14 de diverses nationalit\u00e9s. Puis on d\u00e9ambule dans la grande nef o\u00f9 sont expos\u00e9s les gros \u00ab\u00a0objets\u00a0\u00bb : des avions, des canons, un char, un taxi, un camion pigeonnier. Cette grande salle se termine par une vitrine dans laquelle ce sont les soldats de 1918 qui d\u00e9filent. Les salles lat\u00e9rales sont consacr\u00e9es \u00e0 des approches th\u00e9matiques de la Grande Guerre : les Am\u00e9ricains, la guerre sur mer, les femmes, l&rsquo;artisanat de tranch\u00e9es, etc.<\/p>\n<p style=\"text-align: justify;\">La mus\u00e9ographie est soign\u00e9e, moderne et ludique. Des techniques de projection des images en 3D, des bornes audiovisuelles et interactives favorisent l&rsquo;immersion des visiteurs, \u00e0 des fins p\u00e9dagogiques. Les plus jeunes peuvent manipuler des objets et d\u00e9couvrir le mus\u00e9e par le prisme des animaux dans la guerre.<\/p>\n<div id=\"attachment_1835\" style=\"width: 255px\" class=\"wp-caption alignright\"><a href=\"http:\/\/sourcesdelagrandeguerre.fr\/WordPress3\/?attachment_id=1835\" rel=\"attachment wp-att-1835\"><img aria-describedby=\"caption-attachment-1835\" data-attachment-id=\"1835\" data-permalink=\"https:\/\/sourcesdelagrandeguerre.fr\/?attachment_id=1835\" data-orig-file=\"https:\/\/sourcesdelagrandeguerre.fr\/WordPress3\/wp-content\/uploads\/2013\/01\/P1000255.jpg\" data-orig-size=\"4000,3000\" data-comments-opened=\"1\" data-image-meta=\"{&quot;aperture&quot;:&quot;2.8&quot;,&quot;credit&quot;:&quot;&quot;,&quot;camera&quot;:&quot;DMC-FZ200&quot;,&quot;caption&quot;:&quot;&quot;,&quot;created_timestamp&quot;:&quot;1356607261&quot;,&quot;copyright&quot;:&quot;&quot;,&quot;focal_length&quot;:&quot;4.5&quot;,&quot;iso&quot;:&quot;400&quot;,&quot;shutter_speed&quot;:&quot;0.076923076923077&quot;,&quot;title&quot;:&quot;&quot;}\" data-image-title=\"Quelques affiches\" data-image-description=\"\" data-image-caption=\"\" data-medium-file=\"https:\/\/sourcesdelagrandeguerre.fr\/WordPress3\/wp-content\/uploads\/2013\/01\/P1000255-300x225.jpg\" data-large-file=\"https:\/\/sourcesdelagrandeguerre.fr\/WordPress3\/wp-content\/uploads\/2013\/01\/P1000255-1024x768.jpg\" decoding=\"async\" loading=\"lazy\" class=\"size-medium wp-image-1835 \" alt=\"Affiches illustrant la vie \u00e0 l'arri\u00e8re\" src=\"http:\/\/sourcesdelagrandeguerre.fr\/WordPress3\/wp-content\/uploads\/2013\/01\/P1000255-300x225.jpg\" width=\"245\" height=\"182\" \/><\/a><p id=\"caption-attachment-1835\" class=\"wp-caption-text\">Affiches illustrant la vie \u00e0 l&rsquo;arri\u00e8re<\/p><\/div>\n<p style=\"text-align: justify;\">Quant aux objets, il y en a pour tous les go\u00fbts : v\u00e9hicules, uniformes, armement, objets de la vie quotidienne au front et \u00e0 l&rsquo;arri\u00e8re, etc. Les documents \u00e9crits et figur\u00e9s ne sont pas en reste : journaux, photographies, affiches, cartes postales, gravures, dessins et peintures. Ainsi nous avons d\u00e9couvert, entre autres, l&rsquo;affiche de l&rsquo;ordre de mobilisation allemand. Le Mus\u00e9e propose aussi un <a href=\"http:\/\/www.museedelagrandeguerre.eu\/centre-de-documentation\" target=\"_blank\">centre de documentation<\/a>. Enfin, des circuits touristiques des champs de bataille de la Marne sont propos\u00e9s, par exemple \u00e0 Chambry, th\u00e9\u00e2tre de violents combats livr\u00e9s par les soldats natifs de la r\u00e9gion, ou encore \u00e0 Villeroy, o\u00f9 tomba le lieutenant Charles P\u00e9guy.<\/p>\n<p style=\"text-align: justify;\">Nous conseillons vivement la visite de ce mus\u00e9e de la Grande Guerre. Comptez plusieurs heures&#8230;<\/p>\n<div class=\"sharedaddy sd-sharing-enabled\"><div class=\"robots-nocontent sd-block sd-social sd-social-icon sd-sharing\"><h3 class=\"sd-title\">Partager\u00a0:<\/h3><div class=\"sd-content\"><ul><li class=\"share-email\"><a rel=\"nofollow noopener noreferrer\" data-shared=\"\" class=\"share-email sd-button share-icon no-text\" href=\"https:\/\/sourcesdelagrandeguerre.fr\/?p=1780&amp;share=email\" target=\"_blank\" title=\"Cliquez pour envoyer par e-mail \u00e0 un ami\"><span><\/span><span class=\"sharing-screen-reader-text\">Cliquez pour envoyer par e-mail \u00e0 un ami(ouvre dans une nouvelle fen\u00eatre)<\/span><\/a><\/li><li class=\"share-facebook\"><a rel=\"nofollow noopener noreferrer\" data-shared=\"sharing-facebook-1780\" class=\"share-facebook sd-button share-icon no-text\" href=\"https:\/\/sourcesdelagrandeguerre.fr\/?p=1780&amp;share=facebook\" target=\"_blank\" title=\"Cliquez pour partager sur Facebook\"><span><\/span><span class=\"sharing-screen-reader-text\">Cliquez pour partager sur Facebook(ouvre dans une nouvelle fen\u00eatre)<\/span><\/a><\/li><li class=\"share-twitter\"><a rel=\"nofollow noopener noreferrer\" data-shared=\"sharing-twitter-1780\" class=\"share-twitter sd-button share-icon no-text\" href=\"https:\/\/sourcesdelagrandeguerre.fr\/?p=1780&amp;share=twitter\" target=\"_blank\" title=\"Cliquez pour partager sur Twitter\"><span><\/span><span class=\"sharing-screen-reader-text\">Cliquez pour partager sur Twitter(ouvre dans une nouvelle fen\u00eatre)<\/span><\/a><\/li><li class=\"share-linkedin\"><a rel=\"nofollow noopener noreferrer\" data-shared=\"sharing-linkedin-1780\" class=\"share-linkedin sd-button share-icon no-text\" href=\"https:\/\/sourcesdelagrandeguerre.fr\/?p=1780&amp;share=linkedin\" target=\"_blank\" title=\"Cliquez pour partager sur LinkedIn\"><span><\/span><span class=\"sharing-screen-reader-text\">Cliquez pour partager sur LinkedIn(ouvre dans une nouvelle fen\u00eatre)<\/span><\/a><\/li><li class=\"share-print\"><a rel=\"nofollow noopener noreferrer\" data-shared=\"\" class=\"share-print sd-button share-icon no-text\" href=\"https:\/\/sourcesdelagrandeguerre.fr\/?p=1780\" target=\"_blank\" title=\"Cliquer pour imprimer\"><span><\/span><span class=\"sharing-screen-reader-text\">Cliquer pour imprimer(ouvre dans une nouvelle fen\u00eatre)<\/span><\/a><\/li><li class=\"share-end\"><\/li><\/ul><\/div><\/div><\/div>","protected":false},"excerpt":{"rendered":"<p>Pendant les vacances de No\u00ebl, nous avons visit\u00e9 le mus\u00e9e de la Grande Guerre de Meaux. Il n&rsquo;est pas difficile de trouver l&rsquo;imposant b\u00e2timent de l&rsquo;architecte Christophe Lab, au pied de la Libert\u00e9 \u00e9plor\u00e9e, monument offert \u00e0 la France par les \u00c9tats-Unis en septembre 1932. Cet ensemble monumental rend hommage aux soldats fran\u00e7ais qui ont r\u00e9sist\u00e9 \u00e0 l&rsquo;avance allemande devant Meaux pendant la premi\u00e8re bataille de la Marne en septembre 1914. Officiellement inaugur\u00e9 le 11 novembre 2011, le mus\u00e9e s&rsquo;appuie sur l&rsquo;importante collection de Jean-Pierre Verney (20 000 objets et 30 000 documents !) et d\u00e9pend de la communaut\u00e9 d&rsquo;agglom\u00e9ration du Pays de Meaux. L&rsquo;historien Marc Ferro est pr\u00e9sident d&rsquo;honneur du Conseil scientifique. Le mus\u00e9e, qui a pour ambition d&rsquo;expliquer la Premi\u00e8re Guerre mondiale de fa\u00e7on p\u00e9dagogique, s&rsquo;adresse \u00e0 tous les publics, y compris les plus jeunes. Les deux batailles de la Marne occupent une grande place dans l&rsquo;exposition, sans que les autres aspects nationaux et internationaux de la guerre soient n\u00e9glig\u00e9s. &nbsp; Nous avons \u00e9t\u00e9 s\u00e9duits par l&rsquo;utilisation de l&rsquo;espace dans toutes les dimensions. Apr\u00e8s avoir travers\u00e9 des salles introductives consacr\u00e9es aux origines du conflit, on p\u00e9n\u00e8tre dans une galerie en marchant aux c\u00f4t\u00e9s des soldats de 14 de&#8230;<\/p>\n<div class=\"sharedaddy sd-sharing-enabled\"><div class=\"robots-nocontent sd-block sd-social sd-social-icon sd-sharing\"><h3 class=\"sd-title\">Partager\u00a0:<\/h3><div class=\"sd-content\"><ul><li class=\"share-email\"><a rel=\"nofollow noopener noreferrer\" data-shared=\"\" class=\"share-email sd-button share-icon no-text\" href=\"https:\/\/sourcesdelagrandeguerre.fr\/?p=1780&amp;share=email\" target=\"_blank\" title=\"Cliquez pour envoyer par e-mail \u00e0 un ami\"><span><\/span><span class=\"sharing-screen-reader-text\">Cliquez pour envoyer par e-mail \u00e0 un ami(ouvre dans une nouvelle fen\u00eatre)<\/span><\/a><\/li><li class=\"share-facebook\"><a rel=\"nofollow noopener noreferrer\" data-shared=\"sharing-facebook-1780\" class=\"share-facebook sd-button share-icon no-text\" href=\"https:\/\/sourcesdelagrandeguerre.fr\/?p=1780&amp;share=facebook\" target=\"_blank\" title=\"Cliquez pour partager sur Facebook\"><span><\/span><span class=\"sharing-screen-reader-text\">Cliquez pour partager sur Facebook(ouvre dans une nouvelle fen\u00eatre)<\/span><\/a><\/li><li class=\"share-twitter\"><a rel=\"nofollow noopener noreferrer\" data-shared=\"sharing-twitter-1780\" class=\"share-twitter sd-button share-icon no-text\" href=\"https:\/\/sourcesdelagrandeguerre.fr\/?p=1780&amp;share=twitter\" target=\"_blank\" title=\"Cliquez pour partager sur Twitter\"><span><\/span><span class=\"sharing-screen-reader-text\">Cliquez pour partager sur Twitter(ouvre dans une nouvelle fen\u00eatre)<\/span><\/a><\/li><li class=\"share-linkedin\"><a rel=\"nofollow noopener noreferrer\" data-shared=\"sharing-linkedin-1780\" class=\"share-linkedin sd-button share-icon no-text\" href=\"https:\/\/sourcesdelagrandeguerre.fr\/?p=1780&amp;share=linkedin\" target=\"_blank\" title=\"Cliquez pour partager sur LinkedIn\"><span><\/span><span class=\"sharing-screen-reader-text\">Cliquez pour partager sur LinkedIn(ouvre dans une nouvelle fen\u00eatre)<\/span><\/a><\/li><li class=\"share-print\"><a rel=\"nofollow noopener noreferrer\" data-shared=\"\" class=\"share-print sd-button share-icon no-text\" href=\"https:\/\/sourcesdelagrandeguerre.fr\/?p=1780\" target=\"_blank\" title=\"Cliquer pour imprimer\"><span><\/span><span class=\"sharing-screen-reader-text\">Cliquer pour imprimer(ouvre dans une nouvelle fen\u00eatre)<\/span><\/a><\/li><li class=\"share-end\"><\/li><\/ul><\/div><\/div><\/div>","protected":false},"author":1,"featured_media":0,"comment_status":"open","ping_status":"open","sticky":false,"template":"","format":"standard","meta":{"spay_email":"","jetpack_publicize_message":"","jetpack_is_tweetstorm":false,"jetpack_publicize_feature_enabled":true},"categories":[54,62,35],"tags":[144,143,287,37],"jetpack_featured_media_url":"","jetpack_publicize_connections":[],"jetpack_shortlink":"https:\/\/wp.me\/p2bYSy-sI","jetpack_sharing_enabled":true,"_links":{"self":[{"href":"https:\/\/sourcesdelagrandeguerre.fr\/index.php?rest_route=\/wp\/v2\/posts\/1780"}],"collection":[{"href":"https:\/\/sourcesdelagrandeguerre.fr\/index.php?rest_route=\/wp\/v2\/posts"}],"about":[{"href":"https:\/\/sourcesdelagrandeguerre.fr\/index.php?rest_route=\/wp\/v2\/types\/post"}],"author":[{"embeddable":true,"href":"https:\/\/sourcesdelagrandeguerre.fr\/index.php?rest_route=\/wp\/v2\/users\/1"}],"replies":[{"embeddable":true,"href":"https:\/\/sourcesdelagrandeguerre.fr\/index.php?rest_route=%2Fwp%2Fv2%2Fcomments&post=1780"}],"version-history":[{"count":60,"href":"https:\/\/sourcesdelagrandeguerre.fr\/index.php?rest_route=\/wp\/v2\/posts\/1780\/revisions"}],"predecessor-version":[{"id":1876,"href":"https:\/\/sourcesdelagrandeguerre.fr\/index.php?rest_route=\/wp\/v2\/posts\/1780\/revisions\/1876"}],"wp:attachment":[{"href":"https:\/\/sourcesdelagrandeguerre.fr\/index.php?rest_route=%2Fwp%2Fv2%2Fmedia&parent=1780"}],"wp:term":[{"taxonomy":"category","embeddable":true,"href":"https:\/\/sourcesdelagrandeguerre.fr\/index.php?rest_route=%2Fwp%2Fv2%2Fcategories&post=1780"},{"taxonomy":"post_tag","embeddable":true,"href":"https:\/\/sourcesdelagrandeguerre.fr\/index.php?rest_route=%2Fwp%2Fv2%2Ftags&post=1780"}],"curies":[{"name":"wp","href":"https:\/\/api.w.org\/{rel}","templated":true}]}}