{"id":3343,"date":"2014-08-23T08:44:36","date_gmt":"2014-08-23T06:44:36","guid":{"rendered":"http:\/\/sourcesdelagrandeguerre.fr\/WordPress3\/?p=3343"},"modified":"2020-12-12T21:52:37","modified_gmt":"2020-12-12T20:52:37","slug":"drieu-la-rochelle-la-comedie-de-charleroi-pragen-est-jeramec","status":"publish","type":"post","link":"https:\/\/sourcesdelagrandeguerre.fr\/?p=3343","title":{"rendered":"Drieu La Rochelle, La Com\u00e9die de Charleroi : Pragen est J\u00e9ramec"},"content":{"rendered":"<p style=\"text-align: justify;\"><a href=\"http:\/\/sourcesdelagrandeguerre.fr\/WordPress3\/wp-content\/uploads\/2014\/07\/la-comedie-de-charleroi-407790-250-400-e1404663208812.jpg\"><img data-attachment-id=\"3356\" data-permalink=\"https:\/\/sourcesdelagrandeguerre.fr\/?attachment_id=3356\" data-orig-file=\"https:\/\/sourcesdelagrandeguerre.fr\/WordPress3\/wp-content\/uploads\/2014\/07\/la-comedie-de-charleroi-407790-250-400-e1404663208812.jpg\" data-orig-size=\"246,373\" data-comments-opened=\"1\" data-image-meta=\"{&quot;aperture&quot;:&quot;0&quot;,&quot;credit&quot;:&quot;&quot;,&quot;camera&quot;:&quot;&quot;,&quot;caption&quot;:&quot;&quot;,&quot;created_timestamp&quot;:&quot;0&quot;,&quot;copyright&quot;:&quot;&quot;,&quot;focal_length&quot;:&quot;0&quot;,&quot;iso&quot;:&quot;0&quot;,&quot;shutter_speed&quot;:&quot;0&quot;,&quot;title&quot;:&quot;&quot;}\" data-image-title=\"la-comedie-de-charleroi-407790-250-400\" data-image-description=\"\" data-image-caption=\"\" data-medium-file=\"https:\/\/sourcesdelagrandeguerre.fr\/WordPress3\/wp-content\/uploads\/2014\/07\/la-comedie-de-charleroi-407790-250-400-e1404663208812-197x300.jpg\" data-large-file=\"https:\/\/sourcesdelagrandeguerre.fr\/WordPress3\/wp-content\/uploads\/2014\/07\/la-comedie-de-charleroi-407790-250-400-e1404663208812.jpg\" decoding=\"async\" loading=\"lazy\" class=\"alignleft size-full wp-image-3356\" src=\"http:\/\/sourcesdelagrandeguerre.fr\/WordPress3\/wp-content\/uploads\/2014\/07\/la-comedie-de-charleroi-407790-250-400-e1404663208812.jpg\" alt=\"la-comedie-de-charleroi-407790-250-400\" width=\"246\" height=\"373\" srcset=\"https:\/\/sourcesdelagrandeguerre.fr\/WordPress3\/wp-content\/uploads\/2014\/07\/la-comedie-de-charleroi-407790-250-400-e1404663208812.jpg 246w, https:\/\/sourcesdelagrandeguerre.fr\/WordPress3\/wp-content\/uploads\/2014\/07\/la-comedie-de-charleroi-407790-250-400-e1404663208812-197x300.jpg 197w\" sizes=\"(max-width: 246px) 100vw, 246px\" \/><\/a>Publi\u00e9e en 1934,<strong><em> La Com\u00e9die de Charleroi<\/em><\/strong> de <strong>Pierre Drieu La Rochelle<\/strong> rassemble six nouvelles sur la Grande Guerre\u00a0(<a href=\"http:\/\/www.crid1418.org\/temoins\/2012\/05\/20\/drieu-la-rochelle-pierre-1893-1945\/\" target=\"_blank\" rel=\"noopener\">voir sur le site internet du CRID la fiche consacr\u00e9e \u00e0 cet auteur<\/a>). La premi\u00e8re, intitul\u00e9e\u00a0<em>La Com\u00e9die de Charleroi<\/em>, porte sur la c\u00e9l\u00e8bre bataille d&rsquo;ao\u00fbt 1914. En 1919, la m\u00e8re d&rsquo;un jeune soldat du nom de Claude Pragen, tu\u00e9 pendant la <strong>bataille de Charleroi<\/strong> en <strong>Belgique<\/strong> (21-23 ao\u00fbt 1914), d\u00e9cide de voir l&rsquo;endroit o\u00f9 son fils est tomb\u00e9. Un camarade de r\u00e9giment de Claude l&rsquo;accompagne et raconte ce voyage rendu burlesque par la vanit\u00e9 de cette femme. \u00c0 travers ce p\u00e8lerinage, le narrateur revit sous forme de com\u00e9die ce qu&rsquo;il a v\u00e9cu comme une trag\u00e9die. Cette nouvelle, \u00e0 mi-chemin entre la confession et l&rsquo;invention, d\u00e9crit le foss\u00e9 qui s\u00e9pare ceux qui ont v\u00e9cu les combats et les gens de l&rsquo;arri\u00e8re. Le lecteur est transport\u00e9 sur le champ de bataille ; il suit le h\u00e9ros au moment de son bapt\u00eame du feu ; il est t\u00e9moin de son d\u00e9couragement, de son exaltation et de sa peur ; enfin, il est\u00a0sur le champ de bataille apr\u00e8s la guerre. Dans ce r\u00e9cit transpara\u00eet l&rsquo;exp\u00e9rience douloureuse, et jamais oubli\u00e9e, de la guerre des combattants.<\/p>\n<p style=\"text-align: justify;\">En avril 2014, \u00e0 l&rsquo;occasion du colloque consacr\u00e9 \u00e0 <a href=\"http:\/\/enenvor.fr\/eeo_revue\/numero_2\/la_bataille_de_sambre_et_meuse.html\" target=\"_blank\" rel=\"noopener\">La Bataille de Sambre-et-Meuse d&rsquo;ao\u00fbt 1914<\/a> qui s&rsquo;est tenu \u00e0 Auvelais et Namur en Belgique, j&rsquo;ai rencontr\u00e9 un passionn\u00e9 d&rsquo;histoire de la Grande Guerre. Bernard Lejeune vit \u00e0\u00a0<a href=\"https:\/\/www.google.fr\/maps\/@50.324115,4.4465124,12z\" target=\"_blank\" rel=\"noopener\">Nalinnes<\/a>, un bourg situ\u00e9 \u00e0 quelques kilom\u00e8tres au sud de Charleroi, o\u00f9 Fran\u00e7ais et Allemands se sont affront\u00e9s le dimanche 23 ao\u00fbt 1914. Passionn\u00e9 par cette bataille et familier des lieux, il m&rsquo;a guid\u00e9\u00a0sur le champ de bataille de <strong>Nalinnes<\/strong> et dans le\u00a0<a href=\"http:\/\/1914-18.be\/2013\/10\/30\/necropole-de-tarcienne-hommage-au-caporal-jeramec-et-ses-freres-darmes\/\" target=\"_blank\" rel=\"noopener\">cimeti\u00e8re militaire franco-allemand de Tarcienne<\/a>. Gr\u00e2ce aux\u00a0nombreux t\u00e9moignages allemands, belges et fran\u00e7ais qu&rsquo;il a compil\u00e9s et \u00e9tudi\u00e9s, il\u00a0a acquis la certitude que\u00a0<em>La Com\u00e9die de Charleroi<\/em> s&rsquo;est jou\u00e9e \u00e0 Nalinnes. <a href=\"http:\/\/www.lavenir.net\/article\/detail.aspx?articleid=DMF20140617_00491797\" target=\"_blank\" rel=\"noopener\">Dans un recueil de documents consacr\u00e9 \u00e0 ces combats<\/a>, il montre que <em>La Com\u00e9die de Charleroi<\/em> est en partie une oeuvre autobiographique, \u00e9crite \u00e0 partir de souvenirs de Drieu La Rochelle \u00e0 Nalinnes.<\/p>\n<p style=\"text-align: justify;\"><strong>La Com\u00e9die de Nalinnes<\/strong><\/p>\n<p style=\"text-align: justify;\">N\u00e9 \u00e0 Paris en 1893, Pierre Drieu La Rochelle est mobilis\u00e9 au 5e r\u00e9giment d&rsquo;infanterie au d\u00e9but du mois d&rsquo;ao\u00fbt 1914. Le 23 ao\u00fbt, Drieu conna\u00eet le bapt\u00eame du feu \u00e0 Nalinnes, la plus forte exp\u00e9rience de son existence. Le r\u00e9giment est disloqu\u00e9 par l&rsquo;offensive allemande et les pertes sont \u00e9lev\u00e9es. Drieu d\u00e9couvre la guerre dans toute son horreur. Il est bless\u00e9 \u00e0 la t\u00eate alors que son ami Andr\u00e9 J\u00e9ramec, avec lequel il \u00e9tait li\u00e9 depuis1911, est port\u00e9 disparu. En croisant\u00a0les sources fran\u00e7aises et belges avec le\u00a0r\u00e9cit de Drieu, Bernard Lejeune d\u00e9montre que le bourg d&rsquo;Esquemont est Nalinnes et que Claude Pragen n&rsquo;est autre qu&rsquo;Andr\u00e9 J\u00e9ramec.<\/p>\n<p style=\"text-align: justify;\">Sa d\u00e9monstration est illustr\u00e9e par de nombreux exemples, tous convaincants, comme celui du soldat Matigot : \u00ab\u00a0<em>C&rsquo;est alors que, soudain, je vis Matigot. Tu\u00e9, bien tu\u00e9, net, p\u00e2le, pur. C&rsquo;\u00e9tait comme \u00e7a que j&rsquo;imaginais que j&rsquo;allais \u00eatre tu\u00e9, une balle en plein coeur.<\/em> <em>Matigot \u00e9tait gar\u00e7on boucher, mauvais coucheur, joli coeur. Naturellement la mort lui donnait de la noblesse, Matigot, le premier tu\u00e9 que j&rsquo;aie vu. Si le coeur ne restait pas contraint par les convenances m\u00eame au milieu d&rsquo;une bataille, je me serais arr\u00eat\u00e9 au milieu des balles &#8211; mais Rabutin se serait moqu\u00e9 de moi &#8211; et je me serais couch\u00e9 sur Matigot, et je l&rsquo;aurais embrass\u00e9. Matigot m&rsquo;a \u00e9mu autant que ma m\u00e8re morte<\/em>\u00ab\u00a0. Bernard Lejeune, tout en rappelant que Drieu a invent\u00e9 la plupart des noms de personnes et de lieux cit\u00e9 dans son r\u00e9cit, associe Matigot \u00e0 <a href=\"http:\/\/www.memoiredeshommes.sga.defense.gouv.fr\/fr\/arkotheque\/visionneuse\/visionneuse.php?arko=YToxMDp7czoxMDoidHlwZV9mb25kcyI7czoxMzoic3BlY2lmX2NsaWVudCI7czoxMDoic3BlY2lmX2ZjdCI7czoyMzoiQXJrTURIVmlzaW9ubmV1c2VJbWFnZXMiO3M6MTg6InNwZWNpZl9uYXZfcGFyX2xvdCI7czoyMjoiQXJrTURITmF2aWdhdGlvblBhckxvdCI7czoxMzoibWRoX2ZvbmRzX2NsZSI7aToxO3M6NDoicmVmMiI7czo2OiI4Nzc1NjAiO3M6MTI6ImlkX2Fya19maWNoZSI7czo2OiI4Nzc1NjAiO3M6OToicHlyYW1pZGFsIjtiOjA7czoxMjoiaW1hZ2VfZGVwYXJ0IjtpOjA7czoxNjoidmlzaW9ubmV1c2VfaHRtbCI7YjoxO3M6MjE6InZpc2lvbm5ldXNlX2h0bWxfbW9kZSI7czo0OiJwcm9kIjt9#uielem_move=0%2C0&amp;uielem_islocked=0&amp;uielem_zoom=100&amp;uielem_brightness=0&amp;uielem_contrast=0&amp;uielem_isinverted=0&amp;uielem_rotate=F\" target=\"_blank\" rel=\"noopener\">Lucien Henri Mathigot (classe 1913 au recrutement de Paris), soldat de 2e classe au 5e r\u00e9giment d&rsquo;infanterie, tu\u00e9 \u00e0 l&rsquo;ennemi \u00e0 la Pra\u00eele de Nalinnes<\/a>. Autre exemple, le \u00ab\u00a0mur de briques\u00a0\u00bb, souvent \u00e9voqu\u00e9 dans le r\u00e9cit, correspond vraisemblablement aux briques rassembl\u00e9es dans un d\u00e9p\u00f4t de Nalinnes, produites par la briqueterie Michaux, une petite entreprise familiale locale, et en attente de\u00a0livraison le 23 ao\u00fbt 1914.<\/p>\n<p style=\"text-align: justify;\"><strong>Andr\u00e9 J\u00e9ramec<\/strong> est n\u00e9 \u00e0 Paris en 1893. Dipl\u00f4m\u00e9 de l&rsquo;\u00e9cole libre des Sciences politiques, il est attach\u00e9 au cabinet du ministre de la Guerre avant 1914. Mobilis\u00e9 lui aussi au 5e r\u00e9giment d&rsquo;infanterie, il est tu\u00e9 au combat et port\u00e9 disparu dans les environs de Nalinnes le 23 ao\u00fbt 1914. En 1917, Drieu La Rochelle \u00e9pouse Colette, la soeur de son meilleur ami. <a href=\"http:\/\/sourcesdelagrandeguerre.fr\/WordPress3\/wp-content\/uploads\/2014\/07\/20140425_115821.jpg\"><img data-attachment-id=\"3357\" data-permalink=\"https:\/\/sourcesdelagrandeguerre.fr\/?attachment_id=3357\" data-orig-file=\"https:\/\/sourcesdelagrandeguerre.fr\/WordPress3\/wp-content\/uploads\/2014\/07\/20140425_115821.jpg\" data-orig-size=\"2322,4128\" data-comments-opened=\"1\" data-image-meta=\"{&quot;aperture&quot;:&quot;2.2&quot;,&quot;credit&quot;:&quot;&quot;,&quot;camera&quot;:&quot;GT-I9505&quot;,&quot;caption&quot;:&quot;&quot;,&quot;created_timestamp&quot;:&quot;1398427100&quot;,&quot;copyright&quot;:&quot;&quot;,&quot;focal_length&quot;:&quot;4.2&quot;,&quot;iso&quot;:&quot;50&quot;,&quot;shutter_speed&quot;:&quot;0.0068965517241379&quot;,&quot;title&quot;:&quot;&quot;}\" data-image-title=\"La tombe de Andr\u00e9 J\u00e9ramec et le monument comm\u00e9moratif dans le cimeti\u00e8re de Tarcienne\" data-image-description=\"\" data-image-caption=\"\" data-medium-file=\"https:\/\/sourcesdelagrandeguerre.fr\/WordPress3\/wp-content\/uploads\/2014\/07\/20140425_115821-168x300.jpg\" data-large-file=\"https:\/\/sourcesdelagrandeguerre.fr\/WordPress3\/wp-content\/uploads\/2014\/07\/20140425_115821-576x1024.jpg\" decoding=\"async\" loading=\"lazy\" class=\"alignleft wp-image-3357\" src=\"http:\/\/sourcesdelagrandeguerre.fr\/WordPress3\/wp-content\/uploads\/2014\/07\/20140425_115821-576x1024.jpg\" alt=\"La tombe de Andr\u00e9 J\u00e9ramec et le monument comm\u00e9moratif dans le cimeti\u00e8re de Tarcienne\" width=\"224\" height=\"399\" srcset=\"https:\/\/sourcesdelagrandeguerre.fr\/WordPress3\/wp-content\/uploads\/2014\/07\/20140425_115821-576x1024.jpg 576w, https:\/\/sourcesdelagrandeguerre.fr\/WordPress3\/wp-content\/uploads\/2014\/07\/20140425_115821-168x300.jpg 168w\" sizes=\"(max-width: 224px) 100vw, 224px\" \/><\/a>En ao\u00fbt 1920, il retourne\u00a0\u00e0 Nalinnes, en compagnie de sa belle-m\u00e8re. Durant son s\u00e9jour, il se rend au cimeti\u00e8re militaire franco-allemand de Tarcienne, un cimeti\u00e8re inaugur\u00e9 par les Allemands en 1917, dans lequel sont inhum\u00e9s les soldats tu\u00e9s \u00e0 la Pra\u00eele. Ce cimeti\u00e8re a \u00e9t\u00e9 maintenu dans son aspect d&rsquo;origine. J&rsquo;ai moi-m\u00eame \u00e9t\u00e9 frapp\u00e9 lors de ma visite par ce lieu am\u00e9nag\u00e9 dans les bois, tr\u00e8s diff\u00e9rent des autres cimeti\u00e8res militaires. Sans le nommer, Drieu La Rochelle offre une description pr\u00e9cise de ce cimeti\u00e8re aux pages 59\u00a0\u00e0\u00a062 de l&rsquo;\u00e9dition de 1970, \u00e9voquant un \u00ab\u00a0<em>cimeti\u00e8re am\u00e9nag\u00e9 par les Allemands dans le bois<\/em> (&#8230;) <em>Charmant cimeti\u00e8re o\u00f9 se r\u00e9v\u00e9lait le g\u00e9nie nordique<\/em>\u00ab\u00a0, \u00ab\u00a0<em>un grand carr\u00e9<\/em>\u00ab\u00a0, \u00ab\u00a0<em>la plupart des tombes \u00e9taient anonymes<\/em>\u00ab\u00a0. En 1917, le n\u00e9crologue allemand de Tarcienne ne mentionne aucune tombe au nom d&rsquo;Andr\u00e9 J\u00e9ramec dans ce cimeti\u00e8re. Pourtant, aujourd&rsquo;hui, il y en a bien une, au pied d&rsquo;une st\u00e8le comm\u00e9morative \u00e9lev\u00e9e en l&rsquo;honneur du d\u00e9funt par la famille dans les ann\u00e9es 1920. Dans une lettre adress\u00e9e \u00e0 Colette J\u00e9ramec le 25 ao\u00fbt 1920, Drieu \u00e9crit : \u00ab\u00a0<em>Je regrette am\u00e8rement d&rsquo;avoir fait ce voyage en Belgique. C&rsquo;\u00e9tait insulter la m\u00e9moire d&rsquo;Andr\u00e9 que de se pr\u00eater une fois de plus \u00e0 la com\u00e9die ignoble<\/em>\u00ab\u00a0.<\/p>\n<p style=\"text-align: justify;\">La fiction se confond avec\u00a0la r\u00e9alit\u00e9. Dans son r\u00e9cit, Drieu \u00e9crit aux pages 95 et suivantes :\u00a0 \u00ab\u00a0<em>Le soir, nous rev\u00eenmes avec des lampes \u00e9lectriques et des torches<\/em> (&#8230;) <em>dans ce cimeti\u00e8re. Nous \u00e9tions \u00e0 la recherche d&rsquo;une petite chose chim\u00e9rique &#8211; une identit\u00e9, une personnalit\u00e9, un num\u00e9ro matricule<\/em>. (&#8230;) <em>Madame Pragen recherchait le nom de Pragen<\/em> (&#8230;) <em>comme son bien. Elle voulait exercer le droit d&rsquo;\u00e9crire le nom de Pragen ici, de marquer ce lieu du nom de Pragen. Avec nos torches, nous avions des pioches et des tenailles. Nous avions de l&rsquo;argent pour faire tout \u00e7a, et de l&rsquo;autorit\u00e9<\/em>. (&#8230;) <em>On faisait l&rsquo;honneur \u00e0 deux ou trois de ces cadavres d&rsquo;\u00eatre Claude Pragen. \u00ab\u00a0Ca peut aussi bien \u00eatre un Fran\u00e7ais qu&rsquo;un Allemand\u00a0\u00bb, dit obscur\u00e9ment quelqu&rsquo;un au moment o\u00f9 l&rsquo;on ouvrait le premier cercueil. La premi\u00e8re planche sauta. Nous tomb\u00e2mes tous d&rsquo;accord pour refuser \u00e0 ce miel d&rsquo;horreur le nom de Claude Pragen. La forme \u00e9tait beaucoup trop longue. \u00ab\u00a0C&rsquo;est grand comme un Allemand\u00a0\u00bb s&rsquo;\u00e9cria encore l&rsquo;imb\u00e9cile qui assumait le r\u00f4le du choeur antique. Moi, cela me fit penser \u00e0 Matigot, le boucher, le premier que que j&rsquo;avais vu, tu\u00e9, allong\u00e9 sur le terrain, bien tu\u00e9, bien net. Comme il \u00e9tait grand, et comme il avait l&rsquo;air \u00e9tonn\u00e9<\/em>. (&#8230;) <em>On faisait sauter le couvercle d&rsquo;un autre cercueil. \u00ab\u00a0C&rsquo;est lui\u00a0\u00bb dit Mme Pragen. Au milieu du miel, il y avait un sourire, une dent incisive un peu plus courte que l&rsquo;autre comme Claude en avait une<\/em>. (&#8230;) <em>Bon, comme Mme Pragen voudra\u00a0\u00bb dit le maire, enchant\u00e9 d&rsquo;en avoir si vite fini<\/em>\u00ab\u00a0. Malheureusement, les sources connues ne permettent pas de savoir si Drieu a r\u00e9ellement particip\u00e9 \u00e0 cette exp\u00e9dition au cours d&rsquo;une nuit d&rsquo;ao\u00fbt 1920.<\/p>\n<div class=\"sharedaddy sd-sharing-enabled\"><div class=\"robots-nocontent sd-block sd-social sd-social-icon sd-sharing\"><h3 class=\"sd-title\">Partager\u00a0:<\/h3><div class=\"sd-content\"><ul><li class=\"share-email\"><a rel=\"nofollow noopener noreferrer\" data-shared=\"\" class=\"share-email sd-button share-icon no-text\" href=\"https:\/\/sourcesdelagrandeguerre.fr\/?p=3343&amp;share=email\" target=\"_blank\" title=\"Cliquez pour envoyer par e-mail \u00e0 un ami\"><span><\/span><span class=\"sharing-screen-reader-text\">Cliquez pour envoyer par e-mail \u00e0 un ami(ouvre dans une nouvelle fen\u00eatre)<\/span><\/a><\/li><li class=\"share-facebook\"><a rel=\"nofollow noopener noreferrer\" data-shared=\"sharing-facebook-3343\" class=\"share-facebook sd-button share-icon no-text\" href=\"https:\/\/sourcesdelagrandeguerre.fr\/?p=3343&amp;share=facebook\" target=\"_blank\" title=\"Cliquez pour partager sur Facebook\"><span><\/span><span class=\"sharing-screen-reader-text\">Cliquez pour partager sur Facebook(ouvre dans une nouvelle fen\u00eatre)<\/span><\/a><\/li><li class=\"share-twitter\"><a rel=\"nofollow noopener noreferrer\" data-shared=\"sharing-twitter-3343\" class=\"share-twitter sd-button share-icon no-text\" href=\"https:\/\/sourcesdelagrandeguerre.fr\/?p=3343&amp;share=twitter\" target=\"_blank\" title=\"Cliquez pour partager sur Twitter\"><span><\/span><span class=\"sharing-screen-reader-text\">Cliquez pour partager sur Twitter(ouvre dans une nouvelle fen\u00eatre)<\/span><\/a><\/li><li class=\"share-linkedin\"><a rel=\"nofollow noopener noreferrer\" data-shared=\"sharing-linkedin-3343\" class=\"share-linkedin sd-button share-icon no-text\" href=\"https:\/\/sourcesdelagrandeguerre.fr\/?p=3343&amp;share=linkedin\" target=\"_blank\" title=\"Cliquez pour partager sur LinkedIn\"><span><\/span><span class=\"sharing-screen-reader-text\">Cliquez pour partager sur LinkedIn(ouvre dans une nouvelle fen\u00eatre)<\/span><\/a><\/li><li class=\"share-print\"><a rel=\"nofollow noopener noreferrer\" data-shared=\"\" class=\"share-print sd-button share-icon no-text\" href=\"https:\/\/sourcesdelagrandeguerre.fr\/?p=3343\" target=\"_blank\" title=\"Cliquer pour imprimer\"><span><\/span><span class=\"sharing-screen-reader-text\">Cliquer pour imprimer(ouvre dans une nouvelle fen\u00eatre)<\/span><\/a><\/li><li class=\"share-end\"><\/li><\/ul><\/div><\/div><\/div>","protected":false},"excerpt":{"rendered":"<p>Publi\u00e9e en 1934, La Com\u00e9die de Charleroi de Pierre Drieu La Rochelle rassemble six nouvelles sur la Grande Guerre\u00a0(voir sur le site internet du CRID la fiche consacr\u00e9e \u00e0 cet auteur). La premi\u00e8re, intitul\u00e9e\u00a0La Com\u00e9die de Charleroi, porte sur la c\u00e9l\u00e8bre bataille d&rsquo;ao\u00fbt 1914. En 1919, la m\u00e8re d&rsquo;un jeune soldat du nom de Claude Pragen, tu\u00e9 pendant la bataille de Charleroi en Belgique (21-23 ao\u00fbt 1914), d\u00e9cide de voir l&rsquo;endroit o\u00f9 son fils est tomb\u00e9. Un camarade de r\u00e9giment de Claude l&rsquo;accompagne et raconte ce voyage rendu burlesque par la vanit\u00e9 de cette femme. \u00c0 travers ce p\u00e8lerinage, le narrateur revit sous forme de com\u00e9die ce qu&rsquo;il a v\u00e9cu comme une trag\u00e9die. Cette nouvelle, \u00e0 mi-chemin entre la confession et l&rsquo;invention, d\u00e9crit le foss\u00e9 qui s\u00e9pare ceux qui ont v\u00e9cu les combats et les gens de l&rsquo;arri\u00e8re. Le lecteur est transport\u00e9 sur le champ de bataille ; il suit le h\u00e9ros au moment de son bapt\u00eame du feu ; il est t\u00e9moin de son d\u00e9couragement, de son exaltation et de sa peur ; enfin, il est\u00a0sur le champ de bataille apr\u00e8s la guerre. Dans ce r\u00e9cit transpara\u00eet l&rsquo;exp\u00e9rience douloureuse, et jamais oubli\u00e9e, de la guerre des combattants. En avril&#8230;<\/p>\n<div class=\"sharedaddy sd-sharing-enabled\"><div class=\"robots-nocontent sd-block sd-social sd-social-icon sd-sharing\"><h3 class=\"sd-title\">Partager\u00a0:<\/h3><div class=\"sd-content\"><ul><li class=\"share-email\"><a rel=\"nofollow noopener noreferrer\" data-shared=\"\" class=\"share-email sd-button share-icon no-text\" href=\"https:\/\/sourcesdelagrandeguerre.fr\/?p=3343&amp;share=email\" target=\"_blank\" title=\"Cliquez pour envoyer par e-mail \u00e0 un ami\"><span><\/span><span class=\"sharing-screen-reader-text\">Cliquez pour envoyer par e-mail \u00e0 un ami(ouvre dans une nouvelle fen\u00eatre)<\/span><\/a><\/li><li class=\"share-facebook\"><a rel=\"nofollow noopener noreferrer\" data-shared=\"sharing-facebook-3343\" class=\"share-facebook sd-button share-icon no-text\" href=\"https:\/\/sourcesdelagrandeguerre.fr\/?p=3343&amp;share=facebook\" target=\"_blank\" title=\"Cliquez pour partager sur Facebook\"><span><\/span><span class=\"sharing-screen-reader-text\">Cliquez pour partager sur Facebook(ouvre dans une nouvelle fen\u00eatre)<\/span><\/a><\/li><li class=\"share-twitter\"><a rel=\"nofollow noopener noreferrer\" data-shared=\"sharing-twitter-3343\" class=\"share-twitter sd-button share-icon no-text\" href=\"https:\/\/sourcesdelagrandeguerre.fr\/?p=3343&amp;share=twitter\" target=\"_blank\" title=\"Cliquez pour partager sur Twitter\"><span><\/span><span class=\"sharing-screen-reader-text\">Cliquez pour partager sur Twitter(ouvre dans une nouvelle fen\u00eatre)<\/span><\/a><\/li><li class=\"share-linkedin\"><a rel=\"nofollow noopener noreferrer\" data-shared=\"sharing-linkedin-3343\" class=\"share-linkedin sd-button share-icon no-text\" href=\"https:\/\/sourcesdelagrandeguerre.fr\/?p=3343&amp;share=linkedin\" target=\"_blank\" title=\"Cliquez pour partager sur LinkedIn\"><span><\/span><span class=\"sharing-screen-reader-text\">Cliquez pour partager sur LinkedIn(ouvre dans une nouvelle fen\u00eatre)<\/span><\/a><\/li><li class=\"share-print\"><a rel=\"nofollow noopener noreferrer\" data-shared=\"\" class=\"share-print sd-button share-icon no-text\" href=\"https:\/\/sourcesdelagrandeguerre.fr\/?p=3343\" target=\"_blank\" title=\"Cliquer pour imprimer\"><span><\/span><span class=\"sharing-screen-reader-text\">Cliquer pour imprimer(ouvre dans une nouvelle fen\u00eatre)<\/span><\/a><\/li><li class=\"share-end\"><\/li><\/ul><\/div><\/div><\/div>","protected":false},"author":1,"featured_media":3356,"comment_status":"open","ping_status":"open","sticky":false,"template":"","format":"standard","meta":{"spay_email":"","jetpack_publicize_message":"","jetpack_is_tweetstorm":false,"jetpack_publicize_feature_enabled":true},"categories":[49,310],"tags":[90,230,228,229,231],"jetpack_featured_media_url":"https:\/\/sourcesdelagrandeguerre.fr\/WordPress3\/wp-content\/uploads\/2014\/07\/la-comedie-de-charleroi-407790-250-400-e1404663208812.jpg","jetpack_publicize_connections":[],"jetpack_shortlink":"https:\/\/wp.me\/p2bYSy-RV","jetpack_sharing_enabled":true,"_links":{"self":[{"href":"https:\/\/sourcesdelagrandeguerre.fr\/index.php?rest_route=\/wp\/v2\/posts\/3343"}],"collection":[{"href":"https:\/\/sourcesdelagrandeguerre.fr\/index.php?rest_route=\/wp\/v2\/posts"}],"about":[{"href":"https:\/\/sourcesdelagrandeguerre.fr\/index.php?rest_route=\/wp\/v2\/types\/post"}],"author":[{"embeddable":true,"href":"https:\/\/sourcesdelagrandeguerre.fr\/index.php?rest_route=\/wp\/v2\/users\/1"}],"replies":[{"embeddable":true,"href":"https:\/\/sourcesdelagrandeguerre.fr\/index.php?rest_route=%2Fwp%2Fv2%2Fcomments&post=3343"}],"version-history":[{"count":19,"href":"https:\/\/sourcesdelagrandeguerre.fr\/index.php?rest_route=\/wp\/v2\/posts\/3343\/revisions"}],"predecessor-version":[{"id":5624,"href":"https:\/\/sourcesdelagrandeguerre.fr\/index.php?rest_route=\/wp\/v2\/posts\/3343\/revisions\/5624"}],"wp:featuredmedia":[{"embeddable":true,"href":"https:\/\/sourcesdelagrandeguerre.fr\/index.php?rest_route=\/wp\/v2\/media\/3356"}],"wp:attachment":[{"href":"https:\/\/sourcesdelagrandeguerre.fr\/index.php?rest_route=%2Fwp%2Fv2%2Fmedia&parent=3343"}],"wp:term":[{"taxonomy":"category","embeddable":true,"href":"https:\/\/sourcesdelagrandeguerre.fr\/index.php?rest_route=%2Fwp%2Fv2%2Fcategories&post=3343"},{"taxonomy":"post_tag","embeddable":true,"href":"https:\/\/sourcesdelagrandeguerre.fr\/index.php?rest_route=%2Fwp%2Fv2%2Ftags&post=3343"}],"curies":[{"name":"wp","href":"https:\/\/api.w.org\/{rel}","templated":true}]}}