{"id":3638,"date":"2014-11-16T22:14:23","date_gmt":"2014-11-16T21:14:23","guid":{"rendered":"http:\/\/sourcesdelagrandeguerre.fr\/WordPress3\/?p=3638"},"modified":"2017-01-22T17:05:11","modified_gmt":"2017-01-22T16:05:11","slug":"mettre-en-ligne-des-dossiers-de-fusilles","status":"publish","type":"post","link":"https:\/\/sourcesdelagrandeguerre.fr\/?p=3638","title":{"rendered":"Mettre en ligne des dossiers de fusill\u00e9s"},"content":{"rendered":"<div id=\"attachment_3655\" style=\"width: 287px\" class=\"wp-caption alignleft\"><a href=\"http:\/\/www.memoiredeshommes.sga.defense.gouv.fr\/fr\/arkotheque\/client\/mdh\/fusilles_premiere_guerre\/detail_fiche.php?ref=2523988&amp;debut=0\" target=\"_blank\"><img aria-describedby=\"caption-attachment-3655\" data-attachment-id=\"3655\" data-permalink=\"https:\/\/sourcesdelagrandeguerre.fr\/?attachment_id=3655\" data-orig-file=\"https:\/\/sourcesdelagrandeguerre.fr\/WordPress3\/wp-content\/uploads\/2014\/11\/archives_SHDGR__GR_11_J_667__001__0001.jpg\" data-orig-size=\"2783,4133\" data-comments-opened=\"1\" data-image-meta=\"{&quot;aperture&quot;:&quot;0&quot;,&quot;credit&quot;:&quot;&quot;,&quot;camera&quot;:&quot;&quot;,&quot;caption&quot;:&quot;&quot;,&quot;created_timestamp&quot;:&quot;0&quot;,&quot;copyright&quot;:&quot;&quot;,&quot;focal_length&quot;:&quot;0&quot;,&quot;iso&quot;:&quot;0&quot;,&quot;shutter_speed&quot;:&quot;0&quot;,&quot;title&quot;:&quot;&quot;,&quot;orientation&quot;:&quot;0&quot;}\" data-image-title=\"archives_SHDGR__GR_11_J_667__001__0001\" data-image-description=\"\" data-image-caption=\"&lt;p&gt;Cliquer pour acc\u00e9der au dossier&lt;\/p&gt;\n\" data-medium-file=\"https:\/\/sourcesdelagrandeguerre.fr\/WordPress3\/wp-content\/uploads\/2014\/11\/archives_SHDGR__GR_11_J_667__001__0001-202x300.jpg\" data-large-file=\"https:\/\/sourcesdelagrandeguerre.fr\/WordPress3\/wp-content\/uploads\/2014\/11\/archives_SHDGR__GR_11_J_667__001__0001-689x1024.jpg\" decoding=\"async\" loading=\"lazy\" class=\" wp-image-3655\" src=\"http:\/\/sourcesdelagrandeguerre.fr\/WordPress3\/wp-content\/uploads\/2014\/11\/archives_SHDGR__GR_11_J_667__001__0001-689x1024.jpg\" alt=\" Cliquer pour acc\u00e9der au dossier\" width=\"277\" height=\"412\" srcset=\"https:\/\/sourcesdelagrandeguerre.fr\/WordPress3\/wp-content\/uploads\/2014\/11\/archives_SHDGR__GR_11_J_667__001__0001-689x1024.jpg 689w, https:\/\/sourcesdelagrandeguerre.fr\/WordPress3\/wp-content\/uploads\/2014\/11\/archives_SHDGR__GR_11_J_667__001__0001-202x300.jpg 202w\" sizes=\"(max-width: 277px) 100vw, 277px\" \/><\/a><p id=\"caption-attachment-3655\" class=\"wp-caption-text\"><br \/>Cliquer pour acc\u00e9der au dossier<\/p><\/div>\n<p style=\"text-align: justify;\">Pendant la Premi\u00e8re Guerre mondiale, 1008 individus (militaires et civils, fran\u00e7ais et \u00e9trangers) ont \u00e9t\u00e9 condamn\u00e9s \u00e0 la peine capitale par la justice militaire, au front ou \u00e0 l&rsquo;arri\u00e8re, pour d\u00e9sob\u00e9issance militaire, affaires d&rsquo;espionnage ou de droit commun.<\/p>\n<p style=\"text-align: justify;\">Les archives des conseils de guerre conserv\u00e9es au Service historique de la D\u00e9fense \u00e0 Vincennes ont \u00e9t\u00e9 num\u00e9ris\u00e9es et r\u00e9cemment mises en ligne sur le site internet <a href=\"http:\/\/www.memoiredeshommes.sga.defense.gouv.fr\/article.php?laref=1\" target=\"_blank\">M\u00e9moire des hommes<\/a>, en r\u00e9ponse \u00e0 la demande formul\u00e9e par le Pr\u00e9sident de la R\u00e9publique lors du lancement des comm\u00e9morations du centenaire de la Premi\u00e8re Guerre mondiale en novembre 2013. Dans cet ensemble s\u00e9riel, ce sont des situations tr\u00e8s diverses et souvent \u00e9mouvantes que le curieux et le chercheur peuvent d\u00e9sormais facilement d\u00e9couvrir page apr\u00e8s page.<\/p>\n<p style=\"text-align: justify;\">Pour en savoir plus sur cette op\u00e9ration, nous avons interrog\u00e9 Agn\u00e8s Chablat-Beylot, conservateur en chef du patrimoine, responsable du d\u00e9partement des archives d\u00e9finitives du Centre historique des archives du SHD.<\/p>\n<p>&nbsp;<\/p>\n<p><strong><span style=\"text-decoration: underline;\">D&rsquo;o\u00f9 viennent ces dossiers de fusill\u00e9s\u00a0?<\/span><\/strong><\/p>\n<p style=\"text-align: justify;\"><a href=\"http:\/\/www.memoiredeshommes.sga.defense.gouv.fr\/fr\/article.php?larub=211&amp;titre=fusilles-de-la-premiere-guerre-mondiale\" target=\"_blank\">Les \u00ab\u00a0dossiers de fusill\u00e9s\u00a0\u00bb, mis en ligne \u00e0 partir du 6 novembre 2014 sur le site M\u00e9moire des hommes<\/a> sont les minutes de jugement et les dossiers de proc\u00e9dure des conseils de guerre qui les ont condamn\u00e9s \u00e0 mort. Ces archives sont conserv\u00e9es au Service historique de la D\u00e9fense, au ch\u00e2teau de Vincennes, parmi les fonds de la justice militaire.<\/p>\n<p><strong><span style=\"text-decoration: underline;\">Quelles<strong> sont les pi\u00e8ces constitutives de ces dossiers\u00a0?<\/strong><\/span><\/strong><\/p>\n<p style=\"text-align: justify;\">Les minutes de jugement, de 4 \u00e0 6 pages, ne pr\u00e9sentent des affaires jug\u00e9es qu\u2019un aper\u00e7u sommaire\u00a0: elles contiennent l\u2019\u00e9tat civil du pr\u00e9venu, l\u2019acte d\u2019accusation, les attendus du jugement et la sentence du tribunal.<\/p>\n<p style=\"text-align: justify;\">Le dossier de proc\u00e9dure est la source la plus compl\u00e8te, dans la mesure o\u00f9 il comprend l\u2019ensemble des documents ayant servi \u00e0 l\u2019instruction. On y trouve en th\u00e9orie les pi\u00e8ces suivantes\u00a0: plainte en conseil de guerre\u00a0; \u00e9tat signal\u00e9tique et des services du pr\u00e9venu\u00a0; relev\u00e9 de punitions\u00a0; proc\u00e8s-verbal d\u2019interrogatoire\u00a0; proc\u00e8s-verbaux d\u2019information (rapports, interrogatoires des t\u00e9moins)\u00a0; \u00e9ventuellement pi\u00e8ces \u00e0 conviction, de tous types et de tous supports\u00a0; rapport du commissaire-rapporteur, qui cl\u00f4t l\u2019instruction\u00a0; ordre d\u2019informer\u00a0; minute du jugement.<\/p>\n<p style=\"text-align: justify;\">Les dossiers des conseils de guerre sp\u00e9ciaux, qui ont fonctionn\u00e9 du 6 septembre 1914 au 27 avril 1916, sont bien moins fournis et ordonn\u00e9s, ce qui d\u00e9montre en soi l\u2019urgence de ces proc\u00e9dures et les circonstances d\u00e9rogatoires dans lesquelles ont travaill\u00e9 ces juridictions \u00e9ph\u00e9m\u00e8res.<\/p>\n<p style=\"text-align: justify;\">Ces documents de base, dans un certain nombre de cas particuliers, sont compl\u00e9t\u00e9s d\u2019autres pi\u00e8ces\u00a0: celles annex\u00e9es au dossier dans l\u2019apr\u00e8s-guerre, lorsque celui-ci avait \u00e9t\u00e9 rouvert \u00e0 des fins de r\u00e9vision. Suivant la ou les juridiction(s) qui ont r\u00e9examin\u00e9 l\u2019affaire, c\u2019est souvent tout un dossier, plus important que celui du premier jugement, qui est joint aux pi\u00e8ces d\u2019origine. Les dossiers de la Cour sp\u00e9ciale de justice militaire, qui a fonctionn\u00e9 de 1933 \u00e0 1935, ont \u00e9galement \u00e9t\u00e9 num\u00e9ris\u00e9s.<\/p>\n<h5 style=\"text-align: justify;\"><a href=\"http:\/\/www.memoiredeshommes.sga.defense.gouv.fr\/fr\/arkotheque\/client\/mdh\/fusilles_premiere_guerre\/detail_fiche.php?ref=2524380&amp;debut=0\" target=\"_blank\"><img data-attachment-id=\"3642\" data-permalink=\"https:\/\/sourcesdelagrandeguerre.fr\/?attachment_id=3642\" data-orig-file=\"https:\/\/sourcesdelagrandeguerre.fr\/WordPress3\/wp-content\/uploads\/2014\/11\/archives_SHDGR__GR_11_J_240__001__0003.jpg\" data-orig-size=\"2800,1943\" data-comments-opened=\"1\" data-image-meta=\"{&quot;aperture&quot;:&quot;0&quot;,&quot;credit&quot;:&quot;&quot;,&quot;camera&quot;:&quot;&quot;,&quot;caption&quot;:&quot;&quot;,&quot;created_timestamp&quot;:&quot;0&quot;,&quot;copyright&quot;:&quot;&quot;,&quot;focal_length&quot;:&quot;0&quot;,&quot;iso&quot;:&quot;0&quot;,&quot;shutter_speed&quot;:&quot;0&quot;,&quot;title&quot;:&quot;&quot;,&quot;orientation&quot;:&quot;0&quot;}\" data-image-title=\"archives_SHDGR__GR_11_J_240__001__0003\" data-image-description=\"\" data-image-caption=\"\" data-medium-file=\"https:\/\/sourcesdelagrandeguerre.fr\/WordPress3\/wp-content\/uploads\/2014\/11\/archives_SHDGR__GR_11_J_240__001__0003-300x208.jpg\" data-large-file=\"https:\/\/sourcesdelagrandeguerre.fr\/WordPress3\/wp-content\/uploads\/2014\/11\/archives_SHDGR__GR_11_J_240__001__0003-1024x710.jpg\" decoding=\"async\" loading=\"lazy\" class=\"wp-image-3642 alignleft\" src=\"http:\/\/sourcesdelagrandeguerre.fr\/WordPress3\/wp-content\/uploads\/2014\/11\/archives_SHDGR__GR_11_J_240__001__0003-1024x710.jpg\" alt=\"archives_SHDGR__GR_11_J_240__001__0003\" width=\"389\" height=\"269\" srcset=\"https:\/\/sourcesdelagrandeguerre.fr\/WordPress3\/wp-content\/uploads\/2014\/11\/archives_SHDGR__GR_11_J_240__001__0003-1024x710.jpg 1024w, https:\/\/sourcesdelagrandeguerre.fr\/WordPress3\/wp-content\/uploads\/2014\/11\/archives_SHDGR__GR_11_J_240__001__0003-300x208.jpg 300w\" sizes=\"(max-width: 389px) 100vw, 389px\" \/><\/a>Certificat de conduite de L\u00e9o Mac Ghastley, n\u00e9 \u00e0 Sacramento (Californie) le 2 septembre 1870. Condamn\u00e9 pour espionnage par le conseil de guerre de la Direction des \u00e9tapes et des services (DES) de la Ve arm\u00e9e, il est ex\u00e9cut\u00e9 \u00e0 Romigny (Marne) le 15 septembre 1914. <span class=\"post_label\">Pi\u00e8ce extraite du dossier de proc\u00e9dure <a href=\"http:\/\/www.memoiredeshommes.sga.defense.gouv.fr\/fr\/arkotheque\/visionneuse\/visionneuse.php?arko=YToxMzp7czoxMDoidHlwZV9mb25kcyI7czoxMzoic3BlY2lmX2NsaWVudCI7czoxMDoic3BlY2lmX2ZjdCI7czoyMzoiQXJrTURIVmlzaW9ubmV1c2VJbWFnZXMiO3M6MTg6InNwZWNpZl9uYXZfcGFyX2xvdCI7czoyMjoiQXJrTURITmF2aWdhdGlvblBhckxvdCI7czoxMzoibWRoX2ZvbmRzX2NsZSI7aToyMztzOjQ6InJlZjIiO3M6NzoiMjUyNDM4MCI7czo0OiJyZWYzIjtzOjQwOiIxR00vRlVTSUxMRVMxNDE4L1NIREdSX19HUl8xMV9KXzI0MF9fMDAxIjtzOjQ6Im1vZGUiO3M6NzoiZG9zc2llciI7czoxMjoiaWRfYXJrX2ZpY2hlIjtzOjc6IjI1MjQzODAiO3M6NToicmVmMTEiO3M6MjE6ImltZ19kb3NzaWVyX3Byb2NlZHVyZSI7czo5OiJweXJhbWlkYWwiO2I6MDtzOjEyOiJpbWFnZV9kZXBhcnQiO2k6MDtzOjE2OiJ2aXNpb25uZXVzZV9odG1sIjtiOjE7czoyMToidmlzaW9ubmV1c2VfaHRtbF9tb2RlIjtzOjQ6InByb2QiO30=#uielem_move=471.79998779296875%2C73&amp;uielem_islocked=0&amp;uielem_zoom=30&amp;uielem_brightness=0&amp;uielem_contrast=0&amp;uielem_isinverted=0&amp;uielem_rotate=F\" target=\"_blank\">SHD\/GR 11 J 240.<\/a><\/span><\/h5>\n<p>&nbsp;<\/p>\n<p>&nbsp;<\/p>\n<p>&nbsp;<\/p>\n<p>&nbsp;<\/p>\n<p style=\"text-align: justify;\"><span style=\"text-decoration: underline;\"><strong>Comment le SHD a-t-il \u00e9labor\u00e9 ce nouveau corpus mis en ligne\u00a0?<\/strong><\/span><\/p>\n<p style=\"text-align: justify;\">Les documents relatifs aux fusill\u00e9s ne constituent pas un ensemble distinct au sein du fonds de la justice militaire, et plus particuli\u00e8rement des quatre sous-s\u00e9ries qui couvrent la p\u00e9riode du conflit\u00a0:<\/p>\n<ul>\n<li style=\"text-align: justify;\">GR 9 J\u00a0: conseils de guerre de Paris, soit 1\u00a0225 cartons ou registres<\/li>\n<li style=\"text-align: justify;\">GR 10 J\u00a0: conseils de guerre des r\u00e9gions militaires, soit 2\u00a0436 cartons ou registres<\/li>\n<li style=\"text-align: justify;\">GR 11 J\u00a0: conseils de guerre aux arm\u00e9es, soit 3\u00a0814 cartons ou registres<\/li>\n<li style=\"text-align: justify;\">GR 12 J\u00a0: conseils de guerre outre-mer, soit 3\u00a0045 cartons ou registres.<\/li>\n<\/ul>\n<p style=\"text-align: justify;\">Ils sont class\u00e9s par instance judiciaire, puis chronologiquement, parmi tous les autres dossiers produits par ces conseils de guerre. Ce sont donc quelque 6\u00a0500 bo\u00eetes d\u2019archives qui ont \u00e9t\u00e9 syst\u00e9matiquement d\u00e9pouill\u00e9es par les archivistes du SHD pour y rep\u00e9rer les documents relatifs aux fusill\u00e9s parmi les dossiers de proc\u00e9dure et les registres de jugement.<\/p>\n<p style=\"text-align: justify;\">Mais sachant que 10 \u00e0 20 % des archives produites par les conseils de guerre n\u2019ont pas \u00e9t\u00e9 conserv\u00e9es, disparues pendant le conflit ou apr\u00e8s, la recherche a \u00e9t\u00e9 compl\u00e9t\u00e9e par des v\u00e9rifications dans les archives des unit\u00e9s et des \u00e9tats-majors \u2013 qui n\u2019ont toutefois pas \u00e9t\u00e9 syst\u00e9matiquement d\u00e9pouill\u00e9es, ainsi que par une \u00e9tude du fichier des morts de la Grande Guerre (dit \u00ab\u00a0des Morts pour la France\u00a0\u00bb). A propos de celui-ci, il faut souligner le compl\u00e9ment qui lui a \u00e9t\u00e9 apport\u00e9 ce 11 novembre, avec la mise en ligne de quelque 95\u00a0000 fiches de d\u00e9c\u00e9d\u00e9s qui ne se sont pas vus attribuer la mention \u00ab\u00a0mort pour la France\u00a0\u00bb.<\/p>\n<p style=\"text-align: justify;\"><em>Pour en savoir plus : <a href=\"http:\/\/www.memoiredeshommes.sga.defense.gouv.fr\/fr\/article.php?laref=601&amp;titre=le-corpus-des-fusilles-documentes\" target=\"_blank\">le corpus des fusill\u00e9s document\u00e9s<\/a><\/em><\/p>\n<p><strong><span style=\"text-decoration: underline;\">Pouvez-vous expliquer le nombre de 953 soldats fran\u00e7ais fusill\u00e9s\u00a0?<\/span><\/strong><\/p>\n<p style=\"text-align: justify;\">La base de donn\u00e9es mise en ligne sur M\u00e9moire des hommes donne acc\u00e8s \u00e0 un corpus large qui prend en compte l\u2019ensemble des personnes fusill\u00e9es \u00e0 la suite d\u2019une condamnation par un conseil de guerre de l\u2019arm\u00e9e fran\u00e7aise au cours du conflit, sans exclure ni civils, ni ressortissants \u00e9trangers, ni fusill\u00e9s condamn\u00e9s pour des crimes ou d\u00e9lits \u00ab\u00a0de droit commun\u00a0\u00bb ou pour espionnage. Les conseils de guerre de l\u2019int\u00e9rieur, d\u2019outre-mer et de l\u2019arm\u00e9e d\u2019Orient sont repr\u00e9sent\u00e9s au m\u00eame titre que les conseils de guerre aux arm\u00e9es du front occidental.<\/p>\n<p style=\"text-align: justify;\">Les fusill\u00e9s sans jugement sur ordre de l\u2019autorit\u00e9 militaire sont aussi pris en compte. Les ex\u00e9cutions sommaires qui ont laiss\u00e9 des traces dans les archives militaires sont \u00e9galement recens\u00e9es, qu\u2019il s\u2019agisse d\u2019ex\u00e9cutions dans le feu de l\u2019action par un sup\u00e9rieur, mais aussi de tirs de sentinelles sur des d\u00e9serteurs ou sur des prisonniers tentant de s\u2019\u00e9vader, d\u2019homicides par l\u00e9gitime d\u00e9fense par des camarades ou des gendarmes au moment d\u2019une arrestation, etc.<\/p>\n<p style=\"text-align: justify;\">Ce sont ainsi 1\u00a0008 cas qui sont document\u00e9s, dont 55 ex\u00e9cut\u00e9s et tu\u00e9s sommairement. Le nombre de 953 recouvre donc\u00a0:<\/p>\n<ul>\n<li style=\"text-align: justify;\">825 fusill\u00e9s dont la condamnation est document\u00e9e par les archives des conseils de guerre\u00a0;<\/li>\n<li style=\"text-align: justify;\">101 fusill\u00e9s document\u00e9s par d\u2019autres sources (fichier des morts pour la France et archives des unit\u00e9s et \u00e9tats-majors)<\/li>\n<li style=\"text-align: justify;\">27 fusill\u00e9s sans jugement pour d\u00e9sob\u00e9issance militaire document\u00e9s par les archives militaires.<\/li>\n<\/ul>\n<p style=\"text-align: justify;\">Parmi ces fusill\u00e9s, au moins 639 l\u2019ont \u00e9t\u00e9 pour d\u00e9sob\u00e9issance militaire.<\/p>\n<p><strong><span style=\"text-decoration: underline;\">Les archives des conseils de guerre relatives aux fusill\u00e9s ont \u00e9t\u00e9 num\u00e9ris\u00e9es et sont consultables dans une base nominative sur M\u00e9moires des hommes. Quelles pr\u00e9cautions ont-elles \u00e9t\u00e9 prises en termes de protection des donn\u00e9es personnelles ?<\/span><\/strong><\/p>\n<p style=\"text-align: justify;\">En application de l\u2019article L213-2, alin\u00e9a 4, du Code du patrimoine, ces archives sont, comme tous les \u00ab\u00a0documents relatifs aux affaires port\u00e9es devant les juridictions (\u2026) et \u00e0 l\u2019ex\u00e9cution des d\u00e9cisions de justice\u00a0\u00bb, librement communicables \u00e0 l\u2019expiration d\u2019un d\u00e9lai de 75 ans \u00e0 compter de la date du document ou d\u2019un d\u00e9lai de 25 ans \u00e0 compter de la date de d\u00e9c\u00e8s de l\u2019int\u00e9ress\u00e9. Ils \u00e9taient donc d\u00e9j\u00e0 librement communicables aux lecteurs fr\u00e9quentant la salle de lecture du SHD, \u00e0 Vincennes.<\/p>\n<p style=\"text-align: justify;\">Toutefois, les donn\u00e9es contenues dans ces dossiers (infractions, enqu\u00eates, condamnations, notamment) \u00e9tant consid\u00e9r\u00e9es comme sensibles au regard de la loi du 6 janvier 1978, leur mise en ligne exc\u00e8de le cadre d\u00e9fini par la d\u00e9lib\u00e9ration de la CNIL du 12 avril 2012 portant autorisation unique de traitements de donn\u00e9es \u00e0 caract\u00e8re personnel contenues dans des archives publiques aux fins de communication et de diffusion par des services d\u2019archives publiques.<\/p>\n<p style=\"text-align: justify;\">La mise en ligne de la base de donn\u00e9es des fusill\u00e9s a donc \u00e9t\u00e9 r\u00e9alis\u00e9e apr\u00e8s autorisation de la CNIL, dans une <a href=\"http:\/\/www.legifrance.gouv.fr\/affichCnil.do?oldAction=rechExpCnl&amp;id=CNILTEXT000029312428&amp;fastReqId=1735204600&amp;fastPos=1\" target=\"_blank\">d\u00e9lib\u00e9ration en date du 10 juillet 2014<\/a>. Il faut souligner que conform\u00e9ment \u00e0 celle-ci, toute r\u00e9utilisation commerciale de la base et des dossiers de fusill\u00e9s est proscrite, de m\u00eame que l\u2019indexation collaborative. Par ailleurs, la d\u00e9lib\u00e9ration pr\u00e9cise les la liste des donn\u00e9es pouvant \u00eatre index\u00e9es, mais en exclut toutes donn\u00e9es sensibles, notamment les motifs de condamnation \u00e0 mort. C\u2019est pourquoi il est possible d\u2019effectuer des recherches selon les crit\u00e8res suivants\u00a0: nom, pr\u00e9noms, date et lieu (commune, d\u00e9partement, pays) de naissance, date et lieu de d\u00e9c\u00e8s, grade et unit\u00e9 d\u2019appartenance, classe, bureau et matricule de recrutement, mention \u00ab\u00a0mort pour la France\u00a0\u00bb.<\/p>\n<p style=\"text-align: justify;\">Au terme de cette recherche, c\u2019est l\u2019int\u00e9gralit\u00e9 des documents relatifs \u00e0 chaque fusill\u00e9 qui est offerte \u00e0 la lecture de l\u2019internaute\u00a0: minute de jugement, dossier(s) de proc\u00e9dure ou fiche de d\u00e9c\u00e8s.<\/p>\n<div class=\"sharedaddy sd-sharing-enabled\"><div class=\"robots-nocontent sd-block sd-social sd-social-icon sd-sharing\"><h3 class=\"sd-title\">Partager\u00a0:<\/h3><div class=\"sd-content\"><ul><li class=\"share-email\"><a rel=\"nofollow noopener noreferrer\" data-shared=\"\" class=\"share-email sd-button share-icon no-text\" href=\"https:\/\/sourcesdelagrandeguerre.fr\/?p=3638&amp;share=email\" target=\"_blank\" title=\"Cliquez pour envoyer par e-mail \u00e0 un ami\"><span><\/span><span class=\"sharing-screen-reader-text\">Cliquez pour envoyer par e-mail \u00e0 un ami(ouvre dans une nouvelle fen\u00eatre)<\/span><\/a><\/li><li class=\"share-facebook\"><a rel=\"nofollow noopener noreferrer\" data-shared=\"sharing-facebook-3638\" class=\"share-facebook sd-button share-icon no-text\" href=\"https:\/\/sourcesdelagrandeguerre.fr\/?p=3638&amp;share=facebook\" target=\"_blank\" title=\"Cliquez pour partager sur Facebook\"><span><\/span><span class=\"sharing-screen-reader-text\">Cliquez pour partager sur Facebook(ouvre dans une nouvelle fen\u00eatre)<\/span><\/a><\/li><li class=\"share-twitter\"><a rel=\"nofollow noopener noreferrer\" data-shared=\"sharing-twitter-3638\" class=\"share-twitter sd-button share-icon no-text\" href=\"https:\/\/sourcesdelagrandeguerre.fr\/?p=3638&amp;share=twitter\" target=\"_blank\" title=\"Cliquez pour partager sur Twitter\"><span><\/span><span class=\"sharing-screen-reader-text\">Cliquez pour partager sur Twitter(ouvre dans une nouvelle fen\u00eatre)<\/span><\/a><\/li><li class=\"share-linkedin\"><a rel=\"nofollow noopener noreferrer\" data-shared=\"sharing-linkedin-3638\" class=\"share-linkedin sd-button share-icon no-text\" href=\"https:\/\/sourcesdelagrandeguerre.fr\/?p=3638&amp;share=linkedin\" target=\"_blank\" title=\"Cliquez pour partager sur LinkedIn\"><span><\/span><span class=\"sharing-screen-reader-text\">Cliquez pour partager sur LinkedIn(ouvre dans une nouvelle fen\u00eatre)<\/span><\/a><\/li><li class=\"share-print\"><a rel=\"nofollow noopener noreferrer\" data-shared=\"\" class=\"share-print sd-button share-icon no-text\" href=\"https:\/\/sourcesdelagrandeguerre.fr\/?p=3638\" target=\"_blank\" title=\"Cliquer pour imprimer\"><span><\/span><span class=\"sharing-screen-reader-text\">Cliquer pour imprimer(ouvre dans une nouvelle fen\u00eatre)<\/span><\/a><\/li><li class=\"share-end\"><\/li><\/ul><\/div><\/div><\/div>","protected":false},"excerpt":{"rendered":"<p>Pendant la Premi\u00e8re Guerre mondiale, 1008 individus (militaires et civils, fran\u00e7ais et \u00e9trangers) ont \u00e9t\u00e9 condamn\u00e9s \u00e0 la peine capitale par la justice militaire, au front ou \u00e0 l&rsquo;arri\u00e8re, pour d\u00e9sob\u00e9issance militaire, affaires d&rsquo;espionnage ou de droit commun. Les archives des conseils de guerre conserv\u00e9es au Service historique de la D\u00e9fense \u00e0 Vincennes ont \u00e9t\u00e9 num\u00e9ris\u00e9es et r\u00e9cemment mises en ligne sur le site internet M\u00e9moire des hommes, en r\u00e9ponse \u00e0 la demande formul\u00e9e par le Pr\u00e9sident de la R\u00e9publique lors du lancement des comm\u00e9morations du centenaire de la Premi\u00e8re Guerre mondiale en novembre 2013. Dans cet ensemble s\u00e9riel, ce sont des situations tr\u00e8s diverses et souvent \u00e9mouvantes que le curieux et le chercheur peuvent d\u00e9sormais facilement d\u00e9couvrir page apr\u00e8s page. Pour en savoir plus sur cette op\u00e9ration, nous avons interrog\u00e9 Agn\u00e8s Chablat-Beylot, conservateur en chef du patrimoine, responsable du d\u00e9partement des archives d\u00e9finitives du Centre historique des archives du SHD. &nbsp; D&rsquo;o\u00f9 viennent ces dossiers de fusill\u00e9s\u00a0? Les \u00ab\u00a0dossiers de fusill\u00e9s\u00a0\u00bb, mis en ligne \u00e0 partir du 6 novembre 2014 sur le site M\u00e9moire des hommes sont les minutes de jugement et les dossiers de proc\u00e9dure des conseils de guerre qui les ont condamn\u00e9s \u00e0 mort. Ces archives sont&#8230;<\/p>\n<div class=\"sharedaddy sd-sharing-enabled\"><div class=\"robots-nocontent sd-block sd-social sd-social-icon sd-sharing\"><h3 class=\"sd-title\">Partager\u00a0:<\/h3><div class=\"sd-content\"><ul><li class=\"share-email\"><a rel=\"nofollow noopener noreferrer\" data-shared=\"\" class=\"share-email sd-button share-icon no-text\" href=\"https:\/\/sourcesdelagrandeguerre.fr\/?p=3638&amp;share=email\" target=\"_blank\" title=\"Cliquez pour envoyer par e-mail \u00e0 un ami\"><span><\/span><span class=\"sharing-screen-reader-text\">Cliquez pour envoyer par e-mail \u00e0 un ami(ouvre dans une nouvelle fen\u00eatre)<\/span><\/a><\/li><li class=\"share-facebook\"><a rel=\"nofollow noopener noreferrer\" data-shared=\"sharing-facebook-3638\" class=\"share-facebook sd-button share-icon no-text\" href=\"https:\/\/sourcesdelagrandeguerre.fr\/?p=3638&amp;share=facebook\" target=\"_blank\" title=\"Cliquez pour partager sur Facebook\"><span><\/span><span class=\"sharing-screen-reader-text\">Cliquez pour partager sur Facebook(ouvre dans une nouvelle fen\u00eatre)<\/span><\/a><\/li><li class=\"share-twitter\"><a rel=\"nofollow noopener noreferrer\" data-shared=\"sharing-twitter-3638\" class=\"share-twitter sd-button share-icon no-text\" href=\"https:\/\/sourcesdelagrandeguerre.fr\/?p=3638&amp;share=twitter\" target=\"_blank\" title=\"Cliquez pour partager sur Twitter\"><span><\/span><span class=\"sharing-screen-reader-text\">Cliquez pour partager sur Twitter(ouvre dans une nouvelle fen\u00eatre)<\/span><\/a><\/li><li class=\"share-linkedin\"><a rel=\"nofollow noopener noreferrer\" data-shared=\"sharing-linkedin-3638\" class=\"share-linkedin sd-button share-icon no-text\" href=\"https:\/\/sourcesdelagrandeguerre.fr\/?p=3638&amp;share=linkedin\" target=\"_blank\" title=\"Cliquez pour partager sur LinkedIn\"><span><\/span><span class=\"sharing-screen-reader-text\">Cliquez pour partager sur LinkedIn(ouvre dans une nouvelle fen\u00eatre)<\/span><\/a><\/li><li class=\"share-print\"><a rel=\"nofollow noopener noreferrer\" data-shared=\"\" class=\"share-print sd-button share-icon no-text\" href=\"https:\/\/sourcesdelagrandeguerre.fr\/?p=3638\" target=\"_blank\" title=\"Cliquer pour imprimer\"><span><\/span><span class=\"sharing-screen-reader-text\">Cliquer pour imprimer(ouvre dans une nouvelle fen\u00eatre)<\/span><\/a><\/li><li class=\"share-end\"><\/li><\/ul><\/div><\/div><\/div>","protected":false},"author":1,"featured_media":3655,"comment_status":"open","ping_status":"open","sticky":false,"template":"","format":"standard","meta":{"spay_email":"","jetpack_publicize_message":"","jetpack_is_tweetstorm":false,"jetpack_publicize_feature_enabled":true},"categories":[4,311],"tags":[255,254,253,68,10],"jetpack_featured_media_url":"https:\/\/sourcesdelagrandeguerre.fr\/WordPress3\/wp-content\/uploads\/2014\/11\/archives_SHDGR__GR_11_J_667__001__0001.jpg","jetpack_publicize_connections":[],"jetpack_shortlink":"https:\/\/wp.me\/p2bYSy-WG","jetpack_sharing_enabled":true,"_links":{"self":[{"href":"https:\/\/sourcesdelagrandeguerre.fr\/index.php?rest_route=\/wp\/v2\/posts\/3638"}],"collection":[{"href":"https:\/\/sourcesdelagrandeguerre.fr\/index.php?rest_route=\/wp\/v2\/posts"}],"about":[{"href":"https:\/\/sourcesdelagrandeguerre.fr\/index.php?rest_route=\/wp\/v2\/types\/post"}],"author":[{"embeddable":true,"href":"https:\/\/sourcesdelagrandeguerre.fr\/index.php?rest_route=\/wp\/v2\/users\/1"}],"replies":[{"embeddable":true,"href":"https:\/\/sourcesdelagrandeguerre.fr\/index.php?rest_route=%2Fwp%2Fv2%2Fcomments&post=3638"}],"version-history":[{"count":32,"href":"https:\/\/sourcesdelagrandeguerre.fr\/index.php?rest_route=\/wp\/v2\/posts\/3638\/revisions"}],"predecessor-version":[{"id":3674,"href":"https:\/\/sourcesdelagrandeguerre.fr\/index.php?rest_route=\/wp\/v2\/posts\/3638\/revisions\/3674"}],"wp:featuredmedia":[{"embeddable":true,"href":"https:\/\/sourcesdelagrandeguerre.fr\/index.php?rest_route=\/wp\/v2\/media\/3655"}],"wp:attachment":[{"href":"https:\/\/sourcesdelagrandeguerre.fr\/index.php?rest_route=%2Fwp%2Fv2%2Fmedia&parent=3638"}],"wp:term":[{"taxonomy":"category","embeddable":true,"href":"https:\/\/sourcesdelagrandeguerre.fr\/index.php?rest_route=%2Fwp%2Fv2%2Fcategories&post=3638"},{"taxonomy":"post_tag","embeddable":true,"href":"https:\/\/sourcesdelagrandeguerre.fr\/index.php?rest_route=%2Fwp%2Fv2%2Ftags&post=3638"}],"curies":[{"name":"wp","href":"https:\/\/api.w.org\/{rel}","templated":true}]}}