{"id":4441,"date":"2016-03-04T21:20:37","date_gmt":"2016-03-04T20:20:37","guid":{"rendered":"http:\/\/sourcesdelagrandeguerre.fr\/?p=4441"},"modified":"2020-12-01T13:26:13","modified_gmt":"2020-12-01T12:26:13","slug":"de-linteret-pedagogique-dune-correspondance-familiale-plateforme-14-18","status":"publish","type":"post","link":"https:\/\/sourcesdelagrandeguerre.fr\/?p=4441","title":{"rendered":"De l&rsquo;int\u00e9r\u00eat p\u00e9dagogique d&rsquo;une correspondance familiale : Plateforme 14-18"},"content":{"rendered":"<p style=\"text-align: justify;\"><a href=\"http:\/\/sourcesdelagrandeguerre.fr\/WordPress3\/wp-content\/uploads\/2016\/03\/LETTRE-0299_01-1.jpg\" rel=\"attachment wp-att-4472\"><img data-attachment-id=\"4472\" data-permalink=\"https:\/\/sourcesdelagrandeguerre.fr\/?attachment_id=4472\" data-orig-file=\"https:\/\/sourcesdelagrandeguerre.fr\/WordPress3\/wp-content\/uploads\/2016\/03\/LETTRE-0299_01-1.jpg\" data-orig-size=\"1697,1053\" data-comments-opened=\"1\" data-image-meta=\"{&quot;aperture&quot;:&quot;0&quot;,&quot;credit&quot;:&quot;&quot;,&quot;camera&quot;:&quot;&quot;,&quot;caption&quot;:&quot;&quot;,&quot;created_timestamp&quot;:&quot;0&quot;,&quot;copyright&quot;:&quot;&quot;,&quot;focal_length&quot;:&quot;0&quot;,&quot;iso&quot;:&quot;0&quot;,&quot;shutter_speed&quot;:&quot;0&quot;,&quot;title&quot;:&quot;&quot;,&quot;orientation&quot;:&quot;0&quot;}\" data-image-title=\"LETTRE 0299_01\" data-image-description=\"\" data-image-caption=\"\" data-medium-file=\"https:\/\/sourcesdelagrandeguerre.fr\/WordPress3\/wp-content\/uploads\/2016\/03\/LETTRE-0299_01-1-300x186.jpg\" data-large-file=\"https:\/\/sourcesdelagrandeguerre.fr\/WordPress3\/wp-content\/uploads\/2016\/03\/LETTRE-0299_01-1-1024x635.jpg\" decoding=\"async\" loading=\"lazy\" class=\"alignleft wp-image-4472\" src=\"http:\/\/sourcesdelagrandeguerre.fr\/WordPress3\/wp-content\/uploads\/2016\/03\/LETTRE-0299_01-1-1024x635.jpg\" alt=\"LETTRE 0299_01\" width=\"438\" height=\"271\" srcset=\"https:\/\/sourcesdelagrandeguerre.fr\/WordPress3\/wp-content\/uploads\/2016\/03\/LETTRE-0299_01-1-1024x635.jpg 1024w, https:\/\/sourcesdelagrandeguerre.fr\/WordPress3\/wp-content\/uploads\/2016\/03\/LETTRE-0299_01-1-300x186.jpg 300w, https:\/\/sourcesdelagrandeguerre.fr\/WordPress3\/wp-content\/uploads\/2016\/03\/LETTRE-0299_01-1-768x477.jpg 768w, https:\/\/sourcesdelagrandeguerre.fr\/WordPress3\/wp-content\/uploads\/2016\/03\/LETTRE-0299_01-1.jpg 1697w\" sizes=\"(max-width: 438px) 100vw, 438px\" \/><\/a>3500 lettres et une centaine de photographies, \u00e9chang\u00e9es entre 1914 et 1918 par les huit membres d\u2019une m\u00eame famille et leurs amis, constituent le point de d\u00e9part du travail men\u00e9 par Pierrick Herv\u00e9, professeur au lyc\u00e9e Guist\u2019Hau de Nantes et Marie-Christine Bonneau-Darmagnac, professeure au coll\u00e8ge Jules Verne de Buxerolles. Cette derni\u00e8re nous le pr\u00e9sente.<\/p>\n<p style=\"text-align: center;\">**<\/p>\n<p style=\"text-align: justify;\"><strong>Le fonds d&rsquo;archives de la famille R\u00e9sal<\/strong><\/p>\n<p style=\"text-align: justify;\">C\u2019est gr\u00e2ce \u00e0 un tr\u00e9sor de famille que <a href=\"http:\/\/www.plateforme1418.com\/introduction\" target=\"_blank\" rel=\"noopener noreferrer\">Plateforme 14\/18<\/a> existe. Jacques R\u00e9sal, l\u2019un des descendants, est d\u00e9positaire du fonds constitu\u00e9 de 3500 lettres et environ une centaine de photographies et nous a permis de l\u2019utiliser pour le mettre \u00e0 la disposition de la communaut\u00e9 \u00e9ducative. C\u2019est un vaste projet transmedia qui est n\u00e9 de cet ensemble documentaire avec tout d\u2019abord la r\u00e9alisation d\u2019un film <a href=\"http:\/\/www.ecpad.fr\/titre-la-cicatrice-une-famille-dans-la-grande-guerre\/\" target=\"_blank\" rel=\"noopener noreferrer\"><em>La cicatrice. Une famille dans la Grande Guerre<\/em> par Laurent V\u00e9ray<\/a>, pour France 3, en 2013. Puis, l\u2019\u00e9dition de trois ouvrages co-sign\u00e9s Jacques R\u00e9sal et Pierre Allorant\u00a0:<\/p>\n<ul style=\"text-align: justify;\">\n<li><em>Lignes du front de l\u2019Arri\u00e8re. Correspondance du directeur du tramway de Bordeaux avec son fils artilleur<\/em>, PU Bordeaux, 2015.<\/li>\n<li><em>La Grande Guerre \u00e0 tire d\u2019ailes. Correspondance de deux fr\u00e8res dans l\u2019aviation. 1915-1918<\/em>, Encrage, 2015.<\/li>\n<li><em>Femmes sur le pied de guerre. Chronique d\u2019une famille bourgeoise. 1914-1918<\/em>, Septentrion, 2014.<\/li>\n<\/ul>\n<p style=\"text-align: justify;\">Et enfin, une plateforme p\u00e9dagogique destin\u00e9e aux enseignants d\u2019histoire g\u00e9ographie, lettres, arts et leurs \u00e9l\u00e8ves. Plateforme 14\/18 souhaite \u00eatre un laboratoire pour d\u00e9velopper les usages du num\u00e9rique en classe. Le projet est soutenu depuis le d\u00e9part par un ensemble de partenaires avec, au premier plan, la Direction du num\u00e9rique mais \u00e9galement la Fondation La Poste et la Direction de la m\u00e9moire, du patrimoine et des archives (DMPA) Le projet est labellis\u00e9 par la Mission du centenaire de la Premi\u00e8re Guerre mondiale et b\u00e9n\u00e9ficie d\u2019un partenariat avec Sorbonne Nouvelle Paris 3 pour la gestion administrative et l\u2019h\u00e9bergement. L\u2019ensemble des contenus fait l&rsquo;objet d&rsquo;une analyse aux plans acad\u00e9mique, didactique et p\u00e9dagogique et est valid\u00e9 par Tristan Lecoq, inspecteur g\u00e9n\u00e9ral, au nom du groupe d&rsquo;histoire-g\u00e9ographie de l\u2019Inspection G\u00e9n\u00e9rale.<\/p>\n<p style=\"text-align: justify;\">Le corpus de 3500 et 100 photographies est compl\u00e9t\u00e9 par des ressources issues des fonds de l\u2019ECPAD, de la BDIC, du SHD, de la BnF. Aujourd\u2019hui sont en ligne 23 films de l\u2019ECPAD et plus de 200 images issues des fonds de la BnF et de la BDIC. Ainsi, Plateforme 14-18 constitue un espace num\u00e9rique de valorisation d\u2019archives priv\u00e9es et publiques.<\/p>\n<p style=\"text-align: justify;\">La navigation s&rsquo;effectue par l\u2019une des quatre entr\u00e9es suivantes :<\/p>\n<ul style=\"text-align: justify;\">\n<li>un agenda, qui constitue l\u2019entr\u00e9e chronologique, o\u00f9 sont publi\u00e9es les lettres cent ans plus tard\u00a0;<\/li>\n<li>une entr\u00e9e par les personnages (8 membres de la famille R\u00e9sal)\u00a0;<\/li>\n<li>une entr\u00e9e th\u00e9matique ;<\/li>\n<li>une carte.<\/li>\n<\/ul>\n<p><a href=\"http:\/\/sourcesdelagrandeguerre.fr\/WordPress3\/wp-content\/uploads\/2016\/02\/Plateforme-14-18_01.jpg\" rel=\"attachment wp-att-4442\"><img data-attachment-id=\"4442\" data-permalink=\"https:\/\/sourcesdelagrandeguerre.fr\/?attachment_id=4442\" data-orig-file=\"https:\/\/sourcesdelagrandeguerre.fr\/WordPress3\/wp-content\/uploads\/2016\/02\/Plateforme-14-18_01.jpg\" data-orig-size=\"1705,785\" data-comments-opened=\"1\" data-image-meta=\"{&quot;aperture&quot;:&quot;0&quot;,&quot;credit&quot;:&quot;&quot;,&quot;camera&quot;:&quot;&quot;,&quot;caption&quot;:&quot;&quot;,&quot;created_timestamp&quot;:&quot;0&quot;,&quot;copyright&quot;:&quot;&quot;,&quot;focal_length&quot;:&quot;0&quot;,&quot;iso&quot;:&quot;0&quot;,&quot;shutter_speed&quot;:&quot;0&quot;,&quot;title&quot;:&quot;&quot;,&quot;orientation&quot;:&quot;0&quot;}\" data-image-title=\"Plateforme 14-18_01\" data-image-description=\"\" data-image-caption=\"\" data-medium-file=\"https:\/\/sourcesdelagrandeguerre.fr\/WordPress3\/wp-content\/uploads\/2016\/02\/Plateforme-14-18_01-300x138.jpg\" data-large-file=\"https:\/\/sourcesdelagrandeguerre.fr\/WordPress3\/wp-content\/uploads\/2016\/02\/Plateforme-14-18_01-1024x471.jpg\" decoding=\"async\" loading=\"lazy\" class=\"aligncenter wp-image-4442 size-large\" src=\"http:\/\/sourcesdelagrandeguerre.fr\/WordPress3\/wp-content\/uploads\/2016\/02\/Plateforme-14-18_01-1024x471.jpg\" alt=\"Plateforme 14-18_01\" width=\"640\" height=\"294\" srcset=\"https:\/\/sourcesdelagrandeguerre.fr\/WordPress3\/wp-content\/uploads\/2016\/02\/Plateforme-14-18_01-1024x471.jpg 1024w, https:\/\/sourcesdelagrandeguerre.fr\/WordPress3\/wp-content\/uploads\/2016\/02\/Plateforme-14-18_01-300x138.jpg 300w, https:\/\/sourcesdelagrandeguerre.fr\/WordPress3\/wp-content\/uploads\/2016\/02\/Plateforme-14-18_01-768x354.jpg 768w, https:\/\/sourcesdelagrandeguerre.fr\/WordPress3\/wp-content\/uploads\/2016\/02\/Plateforme-14-18_01.jpg 1705w\" sizes=\"(max-width: 640px) 100vw, 640px\" \/><\/a><\/p>\n<p style=\"text-align: justify;\"><strong>De l\u2019histoire intime \u00e0 l\u2019histoire de la Grande Guerre<\/strong><\/p>\n<p style=\"text-align: justify;\">La famille R\u00e9sal appartient \u00e0 la bourgeoisie des talents, comme on disait au XIX\u00b0 si\u00e8cle, produit des grandes \u00e9coles fran\u00e7aises. Les Ponts et Chauss\u00e9es ont permis au p\u00e8re, <a href=\"https:\/\/bibli-aleph.polytechnique.fr\/F\/TMJ7LSJYEUJIBDYDQSRIXKFMVS97IAJAGEI8LI3GQPYSYFXN1T-11215?func=full-set-set&amp;set_number=002183&amp;set_entry=000004&amp;format=999\" target=\"_blank\" rel=\"noopener noreferrer\">Eug\u00e8ne<\/a>, d\u2019exercer des fonctions dans des postes de responsabilit\u00e9 en France et en Tunisie alors protectorat. Pendant la guerre, il est responsable des Tramways de Bordeaux. Julie, la m\u00e8re, appartient elle aussi \u00e0 une bourgeoisie de province fond\u00e9e sur le dipl\u00f4me, son fr\u00e8re, pr\u00e9sent dans les courriers, est m\u00e9decin et part en 1915 sur le front d\u2019Orient, dont il livre une histoire au jour le jour passionnante. Les quatre fils font des \u00e9tudes sup\u00e9rieures de haut niveau\u00a0: Salem est ing\u00e9nieur agronome, <a href=\"https:\/\/bibli-aleph.polytechnique.fr\/F\/TMJ7LSJYEUJIBDYDQSRIXKFMVS97IAJAGEI8LI3GQPYSYFXN1T-10668?func=full-set-set&amp;set_number=002179&amp;set_entry=000003&amp;format=037\" target=\"_blank\" rel=\"noopener noreferrer\">Youn\u00e8s est polytechnicien<\/a>, Paul est licenci\u00e9 en lettres, Louis en droit. Les deux filles ont re\u00e7u une culture solide et classique, M\u00e9riem enseigne le piano pendant la guerre et Ch\u00e9rifa plus jeune passe le dipl\u00f4me d\u2019infirmi\u00e8re \u00e0 l\u2019occasion du conflit.<\/p>\n<p style=\"text-align: justify;\"><a href=\"http:\/\/sourcesdelagrandeguerre.fr\/WordPress3\/wp-content\/uploads\/2016\/03\/famille-r\u00e9sal.jpg\" rel=\"attachment wp-att-4445\"><img data-attachment-id=\"4445\" data-permalink=\"https:\/\/sourcesdelagrandeguerre.fr\/?attachment_id=4445\" data-orig-file=\"https:\/\/sourcesdelagrandeguerre.fr\/WordPress3\/wp-content\/uploads\/2016\/03\/famille-r\u00e9sal.jpg\" data-orig-size=\"1277,589\" data-comments-opened=\"1\" data-image-meta=\"{&quot;aperture&quot;:&quot;0&quot;,&quot;credit&quot;:&quot;&quot;,&quot;camera&quot;:&quot;&quot;,&quot;caption&quot;:&quot;&quot;,&quot;created_timestamp&quot;:&quot;0&quot;,&quot;copyright&quot;:&quot;&quot;,&quot;focal_length&quot;:&quot;0&quot;,&quot;iso&quot;:&quot;0&quot;,&quot;shutter_speed&quot;:&quot;0&quot;,&quot;title&quot;:&quot;&quot;,&quot;orientation&quot;:&quot;0&quot;}\" data-image-title=\"famille r\u00e9sal\" data-image-description=\"\" data-image-caption=\"\" data-medium-file=\"https:\/\/sourcesdelagrandeguerre.fr\/WordPress3\/wp-content\/uploads\/2016\/03\/famille-r\u00e9sal-300x138.jpg\" data-large-file=\"https:\/\/sourcesdelagrandeguerre.fr\/WordPress3\/wp-content\/uploads\/2016\/03\/famille-r\u00e9sal-1024x472.jpg\" decoding=\"async\" loading=\"lazy\" class=\"size-large wp-image-4445 aligncenter\" src=\"http:\/\/sourcesdelagrandeguerre.fr\/WordPress3\/wp-content\/uploads\/2016\/03\/famille-r\u00e9sal-1024x472.jpg\" alt=\"famille r\u00e9sal\" width=\"640\" height=\"295\" srcset=\"https:\/\/sourcesdelagrandeguerre.fr\/WordPress3\/wp-content\/uploads\/2016\/03\/famille-r\u00e9sal-1024x472.jpg 1024w, https:\/\/sourcesdelagrandeguerre.fr\/WordPress3\/wp-content\/uploads\/2016\/03\/famille-r\u00e9sal-300x138.jpg 300w, https:\/\/sourcesdelagrandeguerre.fr\/WordPress3\/wp-content\/uploads\/2016\/03\/famille-r\u00e9sal-768x354.jpg 768w, https:\/\/sourcesdelagrandeguerre.fr\/WordPress3\/wp-content\/uploads\/2016\/03\/famille-r\u00e9sal.jpg 1277w\" sizes=\"(max-width: 640px) 100vw, 640px\" \/><\/a><\/p>\n<p style=\"text-align: justify;\">Les quatre fils sont soldats pendant la guerre, Youn\u00e8s d\u00e9c\u00e8de d\u00e8s le d\u00e9but du conflit, Salem occupe un poste de sous-officier dans l\u2019artillerie. Les deux plus jeunes fr\u00e8res vont vivre une passion nouvelle pour l\u2019aviation. Mais l\u2019ensemble de la famille est mobilis\u00e9e par son travail ou son engagement. Les femmes remplissent leurs fonctions sociales reconnues, l\u2019\u00e9ducation, le soin et l\u2019encadrement d\u2019ouvroir, des fonctions caritatives.<\/p>\n<p style=\"text-align: justify;\">Si l\u2019on fait allusion \u00e0 un d\u00e9bat quelque peu d\u00e9pass\u00e9, cette plateforme utilise des sources \u00e9manant d\u2019une cat\u00e9gorie sociale privil\u00e9gi\u00e9e, qui poss\u00e8de les signes identitaires de\u00a0la bourgeoisie moyenne\u00a0: maison de ville, maison de plaisance d\u2019origine familiale, \u00e9tudes, domesticit\u00e9\u2026 Elle manifeste un patriotisme r\u00e9solu, consent \u00e0 ce que ses enfants remplissent au p\u00e9ril de leur vie leurs devoirs de soldats-citoyens. Mais les courriers montrent aussi le positionnement d\u2019autres cat\u00e9gories sociales par les cercles de sociabilit\u00e9 de la famille.<\/p>\n<p style=\"text-align: justify;\">Les ressources publi\u00e9es sur la Plateforme permettent \u00e9galement une \u00e9tude d\u2019une famille en guerre et dans la guerre, dans une grande diversit\u00e9 de lieux\u00a0: front ouest, front d\u2019Orient, l\u2019arri\u00e8re \u00e0 travers trois lieux, Paris, Bordeaux, la Bourgogne. Les th\u00e9matiques qui se d\u00e9gagent des courriers sont \u00e9galement int\u00e9ressantes car pour certaines assez peu trait\u00e9es par les \u00e9tudes scientifiques\u00a0: les \u00e9changes entre les trois fr\u00e8res sur le front occidental mais \u00e9galement ceux entre les neveux et l\u2019oncle qui se bat du c\u00f4t\u00e9 de Salonique (du front ouest au front ouest, du front d\u2019Orient au front occidental, \u2026), la place des grands-parents, \u2026.<\/p>\n<p style=\"text-align: justify;\"><strong>Une plateforme \u00e9volutive et collaborative<\/strong><\/p>\n<p style=\"text-align: justify;\">De nombreux sp\u00e9cialistes contribuent \u00e0 Plateforme 14\/18. Parmi eux Fran\u00e7oise Th\u00e9baut, Sophie Delaporte, S\u00e9bastien Richez, Evelyne Gayme, Micha\u00ebl Bourlet, Laurent Bihl, Pierrick Herv\u00e9. Ils sont rejoints par une \u00e9quipe d\u2019enseignants du secondaire qui proposent des activit\u00e9s p\u00e9dagogiques r\u00e9alis\u00e9es avec leurs \u00e9l\u00e8ves (Maryse Pisano-Bolaers, Christine Galopeau de Almeida, Emilie Kochert, Fred\u00e9ric Durdon, Marie-Christine Bonneau-Darmagnac). Une bonne part des travaux sont d\u2019ores et d\u00e9j\u00e0 en ligne, \u00e0 la disposition de tout un chacun.<\/p>\n<p style=\"text-align: justify;\">Plateforme 14-18 va progressivement s&rsquo;enrichir d&rsquo;autres portraits, de contributions de sp\u00e9cialistes de diff\u00e9rents domaines, d&rsquo;enseignants ou d&rsquo;\u00e9tudiants, de projets p\u00e9dagogiques en cours ou d\u00e9j\u00e0 r\u00e9alis\u00e9s. Plateforme 14-18 est un espace interactif \u00e9volutif et collaboratif tr\u00e8s largement ouvert aux contributions des enseignants et chercheurs du secondaire et du sup\u00e9rieur, de leurs \u00e9tudiants et de leurs \u00e9l\u00e8ves.<\/p>\n<p style=\"text-align: right;\">Marie-Christine Bonneau-Darmagnac (<a href=\"https:\/\/twitter.com\/mcbd\" target=\"_blank\" rel=\"noopener noreferrer\">@mcbd<\/a>)<\/p>\n<div class=\"sharedaddy sd-sharing-enabled\"><div class=\"robots-nocontent sd-block sd-social sd-social-icon sd-sharing\"><h3 class=\"sd-title\">Partager\u00a0:<\/h3><div class=\"sd-content\"><ul><li class=\"share-email\"><a rel=\"nofollow noopener noreferrer\" data-shared=\"\" class=\"share-email sd-button share-icon no-text\" href=\"https:\/\/sourcesdelagrandeguerre.fr\/?p=4441&amp;share=email\" target=\"_blank\" title=\"Cliquez pour envoyer par e-mail \u00e0 un ami\"><span><\/span><span class=\"sharing-screen-reader-text\">Cliquez pour envoyer par e-mail \u00e0 un ami(ouvre dans une nouvelle fen\u00eatre)<\/span><\/a><\/li><li class=\"share-facebook\"><a rel=\"nofollow noopener noreferrer\" data-shared=\"sharing-facebook-4441\" class=\"share-facebook sd-button share-icon no-text\" href=\"https:\/\/sourcesdelagrandeguerre.fr\/?p=4441&amp;share=facebook\" target=\"_blank\" title=\"Cliquez pour partager sur Facebook\"><span><\/span><span class=\"sharing-screen-reader-text\">Cliquez pour partager sur Facebook(ouvre dans une nouvelle fen\u00eatre)<\/span><\/a><\/li><li class=\"share-twitter\"><a rel=\"nofollow noopener noreferrer\" data-shared=\"sharing-twitter-4441\" class=\"share-twitter sd-button share-icon no-text\" href=\"https:\/\/sourcesdelagrandeguerre.fr\/?p=4441&amp;share=twitter\" target=\"_blank\" title=\"Cliquez pour partager sur Twitter\"><span><\/span><span class=\"sharing-screen-reader-text\">Cliquez pour partager sur Twitter(ouvre dans une nouvelle fen\u00eatre)<\/span><\/a><\/li><li class=\"share-linkedin\"><a rel=\"nofollow noopener noreferrer\" data-shared=\"sharing-linkedin-4441\" class=\"share-linkedin sd-button share-icon no-text\" href=\"https:\/\/sourcesdelagrandeguerre.fr\/?p=4441&amp;share=linkedin\" target=\"_blank\" title=\"Cliquez pour partager sur LinkedIn\"><span><\/span><span class=\"sharing-screen-reader-text\">Cliquez pour partager sur LinkedIn(ouvre dans une nouvelle fen\u00eatre)<\/span><\/a><\/li><li class=\"share-print\"><a rel=\"nofollow noopener noreferrer\" data-shared=\"\" class=\"share-print sd-button share-icon no-text\" href=\"https:\/\/sourcesdelagrandeguerre.fr\/?p=4441\" target=\"_blank\" title=\"Cliquer pour imprimer\"><span><\/span><span class=\"sharing-screen-reader-text\">Cliquer pour imprimer(ouvre dans une nouvelle fen\u00eatre)<\/span><\/a><\/li><li class=\"share-end\"><\/li><\/ul><\/div><\/div><\/div>","protected":false},"excerpt":{"rendered":"<p>3500 lettres et une centaine de photographies, \u00e9chang\u00e9es entre 1914 et 1918 par les huit membres d\u2019une m\u00eame famille et leurs amis, constituent le point de d\u00e9part du travail men\u00e9 par Pierrick Herv\u00e9, professeur au lyc\u00e9e Guist\u2019Hau de Nantes et Marie-Christine Bonneau-Darmagnac, professeure au coll\u00e8ge Jules Verne de Buxerolles. Cette derni\u00e8re nous le pr\u00e9sente. ** Le fonds d&rsquo;archives de la famille R\u00e9sal C\u2019est gr\u00e2ce \u00e0 un tr\u00e9sor de famille que Plateforme 14\/18 existe. Jacques R\u00e9sal, l\u2019un des descendants, est d\u00e9positaire du fonds constitu\u00e9 de 3500 lettres et environ une centaine de photographies et nous a permis de l\u2019utiliser pour le mettre \u00e0 la disposition de la communaut\u00e9 \u00e9ducative. C\u2019est un vaste projet transmedia qui est n\u00e9 de cet ensemble documentaire avec tout d\u2019abord la r\u00e9alisation d\u2019un film La cicatrice. Une famille dans la Grande Guerre par Laurent V\u00e9ray, pour France 3, en 2013. Puis, l\u2019\u00e9dition de trois ouvrages co-sign\u00e9s Jacques R\u00e9sal et Pierre Allorant\u00a0: Lignes du front de l\u2019Arri\u00e8re. Correspondance du directeur du tramway de Bordeaux avec son fils artilleur, PU Bordeaux, 2015. La Grande Guerre \u00e0 tire d\u2019ailes. Correspondance de deux fr\u00e8res dans l\u2019aviation. 1915-1918, Encrage, 2015. Femmes sur le pied de guerre. Chronique d\u2019une famille bourgeoise. 1914-1918, Septentrion,&#8230;<\/p>\n<div class=\"sharedaddy sd-sharing-enabled\"><div class=\"robots-nocontent sd-block sd-social sd-social-icon sd-sharing\"><h3 class=\"sd-title\">Partager\u00a0:<\/h3><div class=\"sd-content\"><ul><li class=\"share-email\"><a rel=\"nofollow noopener noreferrer\" data-shared=\"\" class=\"share-email sd-button share-icon no-text\" href=\"https:\/\/sourcesdelagrandeguerre.fr\/?p=4441&amp;share=email\" target=\"_blank\" title=\"Cliquez pour envoyer par e-mail \u00e0 un ami\"><span><\/span><span class=\"sharing-screen-reader-text\">Cliquez pour envoyer par e-mail \u00e0 un ami(ouvre dans une nouvelle fen\u00eatre)<\/span><\/a><\/li><li class=\"share-facebook\"><a rel=\"nofollow noopener noreferrer\" data-shared=\"sharing-facebook-4441\" class=\"share-facebook sd-button share-icon no-text\" href=\"https:\/\/sourcesdelagrandeguerre.fr\/?p=4441&amp;share=facebook\" target=\"_blank\" title=\"Cliquez pour partager sur Facebook\"><span><\/span><span class=\"sharing-screen-reader-text\">Cliquez pour partager sur Facebook(ouvre dans une nouvelle fen\u00eatre)<\/span><\/a><\/li><li class=\"share-twitter\"><a rel=\"nofollow noopener noreferrer\" data-shared=\"sharing-twitter-4441\" class=\"share-twitter sd-button share-icon no-text\" href=\"https:\/\/sourcesdelagrandeguerre.fr\/?p=4441&amp;share=twitter\" target=\"_blank\" title=\"Cliquez pour partager sur Twitter\"><span><\/span><span class=\"sharing-screen-reader-text\">Cliquez pour partager sur Twitter(ouvre dans une nouvelle fen\u00eatre)<\/span><\/a><\/li><li class=\"share-linkedin\"><a rel=\"nofollow noopener noreferrer\" data-shared=\"sharing-linkedin-4441\" class=\"share-linkedin sd-button share-icon no-text\" href=\"https:\/\/sourcesdelagrandeguerre.fr\/?p=4441&amp;share=linkedin\" target=\"_blank\" title=\"Cliquez pour partager sur LinkedIn\"><span><\/span><span class=\"sharing-screen-reader-text\">Cliquez pour partager sur LinkedIn(ouvre dans une nouvelle fen\u00eatre)<\/span><\/a><\/li><li class=\"share-print\"><a rel=\"nofollow noopener noreferrer\" data-shared=\"\" class=\"share-print sd-button share-icon no-text\" href=\"https:\/\/sourcesdelagrandeguerre.fr\/?p=4441\" target=\"_blank\" title=\"Cliquer pour imprimer\"><span><\/span><span class=\"sharing-screen-reader-text\">Cliquer pour imprimer(ouvre dans une nouvelle fen\u00eatre)<\/span><\/a><\/li><li class=\"share-end\"><\/li><\/ul><\/div><\/div><\/div>","protected":false},"author":1,"featured_media":4472,"comment_status":"open","ping_status":"open","sticky":false,"template":"","format":"standard","meta":{"spay_email":"","jetpack_publicize_message":"","jetpack_is_tweetstorm":false,"jetpack_publicize_feature_enabled":true},"categories":[4,13,24,114,204],"tags":[201,315,314,316],"jetpack_featured_media_url":"https:\/\/sourcesdelagrandeguerre.fr\/WordPress3\/wp-content\/uploads\/2016\/03\/LETTRE-0299_01-1.jpg","jetpack_publicize_connections":[],"jetpack_shortlink":"https:\/\/wp.me\/p2bYSy-19D","jetpack_sharing_enabled":true,"_links":{"self":[{"href":"https:\/\/sourcesdelagrandeguerre.fr\/index.php?rest_route=\/wp\/v2\/posts\/4441"}],"collection":[{"href":"https:\/\/sourcesdelagrandeguerre.fr\/index.php?rest_route=\/wp\/v2\/posts"}],"about":[{"href":"https:\/\/sourcesdelagrandeguerre.fr\/index.php?rest_route=\/wp\/v2\/types\/post"}],"author":[{"embeddable":true,"href":"https:\/\/sourcesdelagrandeguerre.fr\/index.php?rest_route=\/wp\/v2\/users\/1"}],"replies":[{"embeddable":true,"href":"https:\/\/sourcesdelagrandeguerre.fr\/index.php?rest_route=%2Fwp%2Fv2%2Fcomments&post=4441"}],"version-history":[{"count":30,"href":"https:\/\/sourcesdelagrandeguerre.fr\/index.php?rest_route=\/wp\/v2\/posts\/4441\/revisions"}],"predecessor-version":[{"id":5612,"href":"https:\/\/sourcesdelagrandeguerre.fr\/index.php?rest_route=\/wp\/v2\/posts\/4441\/revisions\/5612"}],"wp:featuredmedia":[{"embeddable":true,"href":"https:\/\/sourcesdelagrandeguerre.fr\/index.php?rest_route=\/wp\/v2\/media\/4472"}],"wp:attachment":[{"href":"https:\/\/sourcesdelagrandeguerre.fr\/index.php?rest_route=%2Fwp%2Fv2%2Fmedia&parent=4441"}],"wp:term":[{"taxonomy":"category","embeddable":true,"href":"https:\/\/sourcesdelagrandeguerre.fr\/index.php?rest_route=%2Fwp%2Fv2%2Fcategories&post=4441"},{"taxonomy":"post_tag","embeddable":true,"href":"https:\/\/sourcesdelagrandeguerre.fr\/index.php?rest_route=%2Fwp%2Fv2%2Ftags&post=4441"}],"curies":[{"name":"wp","href":"https:\/\/api.w.org\/{rel}","templated":true}]}}