{"id":5080,"date":"2017-04-06T21:55:28","date_gmt":"2017-04-06T19:55:28","guid":{"rendered":"http:\/\/sourcesdelagrandeguerre.fr\/?p=5080"},"modified":"2017-05-17T10:28:37","modified_gmt":"2017-05-17T08:28:37","slug":"les-abris-en-beton-de-la-grande-guerre-en-flandre-francaise-un-type-de-fortification-de-campagne","status":"publish","type":"post","link":"https:\/\/sourcesdelagrandeguerre.fr\/?p=5080","title":{"rendered":"Les abris en b\u00e9ton de la Grande Guerre en Flandre fran\u00e7aise. Un type de fortification de campagne."},"content":{"rendered":"<p style=\"text-align: justify;\">Les zones touch\u00e9es par la Premi\u00e8re Guerre Mondiale conservent encore de nombreux t\u00e9moignages des combats. Les cimeti\u00e8res militaires et les m\u00e9moriaux, d\u00e9finitivement \u00e9labor\u00e9s dans l\u2019apr\u00e8s-guerre, sont les plus remarquables. D\u2019autres \u00e9l\u00e9ments, disposant d\u2019un fort potentiel d\u2019\u00e9vocation, sont \u00e9galement \u00e0 signaler. Il s\u2019agit des traces ou des vestiges de l\u2019activit\u00e9 guerri\u00e8re, dispers\u00e9s dans les paysages de l\u2019ancien champ de bataille. Les \u00ab\u00a0blockhaus\u00a0\u00bb occupent une place majeure dans cette cat\u00e9gorie, notamment en Flandre fran\u00e7aise. Ces ouvrages d&rsquo;architecture militaire, construits en b\u00e9ton arm\u00e9 pour fortifier les positions, constituent aujourd&rsquo;hui un patrimoine relativement important du point de vue quantitatif. \u00c9difi\u00e9s par milliers pour prot\u00e9ger les hommes et mat\u00e9riels durant la guerre de position, ils devaient tous dispara\u00eetre lors de la remise en \u00e9tat des terrains qui a suivi le conflit. Cependant, pour des raisons techniques ou pratiques, beaucoup ont \u00e9chapp\u00e9 au d\u00e9mant\u00e8lement, permettant aujourd&rsquo;hui, au promeneur averti, une exploration historique tr\u00e8s concr\u00e8te. Si certains sont pr\u00e9sents au milieu des champs, d&rsquo;autres sont dissimul\u00e9s dans l&rsquo;\u00e9paisseur des haies, dans des jardins priv\u00e9s, sous le couvert de taillis ou carr\u00e9ment incorpor\u00e9s dans la structure d&rsquo;habitations\u00a0!<\/p>\n<p style=\"text-align: justify;\">Les auteurs du livre et les b\u00e9n\u00e9voles de l&rsquo;<a href=\"http:\/\/latb1418.free.fr\/\">A.T.B.14-18 (une association valorisant l&rsquo;histoire et la m\u00e9moire de la Premi\u00e8re Guerre Mondiale en Flandre fran\u00e7aise<\/a>) ont arpent\u00e9 l&rsquo;ancien champ de bataille situ\u00e9 entre B\u00e9thune et Armenti\u00e8res afin de rep\u00e9rer et identifier ces constructions militaires. Leur travail d&rsquo;inventaire et d&rsquo;analyse, comparable \u00e0 une forme d&rsquo;arch\u00e9ologie extensive, a d\u00e9but\u00e9 en 2001. Depuis, l&rsquo;\u00e9quipe d\u00e9couvre r\u00e9guli\u00e8rement de nouveaux \u00e9difices jusque-l\u00e0 bien cach\u00e9s. Rapidement, l&rsquo;\u00e9tude du territoire a permis de constater le travail colossal et l&rsquo;expertise technique dont a fait preuve l&rsquo;arm\u00e9e allemande pour construire, \u00e0 partir de 1915, ces fortifications en b\u00e9ton. En raison de l&rsquo;humidit\u00e9 du sol, ces ouvrages ont pour la plupart \u00e9t\u00e9 r\u00e9alis\u00e9s en surface et \u00e9taient reli\u00e9s par des tranch\u00e9es sur\u00e9lev\u00e9es. Les relev\u00e9s de terrain ont permis d&rsquo;\u00e9tablir la grande diversit\u00e9 des formes et des fonctions donn\u00e9es \u00e0 ces constructions. La typologie dress\u00e9e permet de distinguer les abris passifs et actifs. Ces derniers correspondent aux postes de combat (infanterie, mitrailleuse, artillerie), \u00e9galement dot\u00e9s d&rsquo;une position d&rsquo;observation et d&rsquo;outils de liaison. La persistance de nombreux ouvrages de ce type permet d&rsquo;appr\u00e9hender l&rsquo;organisation du syst\u00e8me d\u00e9fensif \u00e9labor\u00e9 par les Allemands pour rendre imprenable ce secteur qui d\u00e9fendait l&rsquo;acc\u00e8s \u00e0 la ville de Lille. En effet, il est relativement facile pour le promeneur de rep\u00e9rer les diff\u00e9rents points d&rsquo;appui, dispos\u00e9s sur plusieurs lignes d\u00e9fensives, de comprendre leurs interactions (liaisons) et de d\u00e9terminer les zones battues par leurs feux crois\u00e9s ou de flanquement. L&rsquo;observation approfondie du terrain a \u00e9galement permis de r\u00e9v\u00e9ler l\u2019existence d&rsquo;une dizaine d&rsquo;abris en b\u00e9ton construits par les troupes britanniques, notamment en 1917 et 1918. La raret\u00e9 des ouvrages alli\u00e9s s&rsquo;explique notamment par le lancement tardif de ces chantiers de construction par rapport aux Allemands. L&rsquo;\u00e9tude des vestiges de ces fortifications de campagne permet donc d&rsquo;appr\u00e9hender les conditions de la longue guerre de position en Flandre fran\u00e7aise (octobre 1914-avril 1918).<\/p>\n<p class=\"jetpack-slideshow-noscript robots-nocontent\">Ce diaporama n\u00e9cessite JavaScript.<\/p><div id=\"gallery-5080-1-slideshow\" class=\"slideshow-window jetpack-slideshow slideshow-black\" data-trans=\"fade\" data-autostart=\"1\" data-gallery=\"[{&quot;src&quot;:&quot;https:\\\/\\\/sourcesdelagrandeguerre.fr\\\/WordPress3\\\/wp-content\\\/uploads\\\/2017\\\/04\\\/6-1024x685.jpg&quot;,&quot;id&quot;:&quot;5087&quot;,&quot;title&quot;:&quot;Abri construit par les Britanniques&quot;,&quot;alt&quot;:&quot;&quot;,&quot;caption&quot;:&quot;Abri construit par les Britanniques&quot;,&quot;itemprop&quot;:&quot;image&quot;},{&quot;src&quot;:&quot;https:\\\/\\\/sourcesdelagrandeguerre.fr\\\/WordPress3\\\/wp-content\\\/uploads\\\/2017\\\/04\\\/5-1024x768.jpg&quot;,&quot;id&quot;:&quot;5086&quot;,&quot;title&quot;:&quot;Abri allemand construit \\u00e0 l\\u2019int\\u00e9rieur d\\u2019un b\\u00e2timent agricole&quot;,&quot;alt&quot;:&quot;&quot;,&quot;caption&quot;:&quot;Abri allemand construit \\u00e0 l\\u2019int\\u00e9rieur d\\u2019un b\\u00e2timent agricole&quot;,&quot;itemprop&quot;:&quot;image&quot;},{&quot;src&quot;:&quot;https:\\\/\\\/sourcesdelagrandeguerre.fr\\\/WordPress3\\\/wp-content\\\/uploads\\\/2017\\\/04\\\/4-1024x566.jpg&quot;,&quot;id&quot;:&quot;5085&quot;,&quot;title&quot;:&quot;Abri allemand servant de cantonnement&quot;,&quot;alt&quot;:&quot;&quot;,&quot;caption&quot;:&quot;Abri allemand servant de cantonnement&quot;,&quot;itemprop&quot;:&quot;image&quot;},{&quot;src&quot;:&quot;https:\\\/\\\/sourcesdelagrandeguerre.fr\\\/WordPress3\\\/wp-content\\\/uploads\\\/2017\\\/04\\\/3-1024x567.jpg&quot;,&quot;id&quot;:&quot;5084&quot;,&quot;title&quot;:&quot;Abri allemand avec tour d\\u2019observation&quot;,&quot;alt&quot;:&quot;&quot;,&quot;caption&quot;:&quot;Abri allemand avec tour d\\u2019observation&quot;,&quot;itemprop&quot;:&quot;image&quot;},{&quot;src&quot;:&quot;https:\\\/\\\/sourcesdelagrandeguerre.fr\\\/WordPress3\\\/wp-content\\\/uploads\\\/2017\\\/04\\\/2-1024x685.jpg&quot;,&quot;id&quot;:&quot;5083&quot;,&quot;title&quot;:&quot;Abri allemand avec banquette de tir&quot;,&quot;alt&quot;:&quot;&quot;,&quot;caption&quot;:&quot;Abri allemand avec banquette de tir&quot;,&quot;itemprop&quot;:&quot;image&quot;},{&quot;src&quot;:&quot;https:\\\/\\\/sourcesdelagrandeguerre.fr\\\/WordPress3\\\/wp-content\\\/uploads\\\/2017\\\/04\\\/1-1024x768.jpg&quot;,&quot;id&quot;:&quot;5082&quot;,&quot;title&quot;:&quot;Abri allemand avec position de tir pour mitrailleuse&quot;,&quot;alt&quot;:&quot;&quot;,&quot;caption&quot;:&quot;Abri allemand avec position de tir pour mitrailleuse&quot;,&quot;itemprop&quot;:&quot;image&quot;}]\" itemscope itemtype=\"https:\/\/schema.org\/ImageGallery\"><\/div>\n<p style=\"text-align: justify;\">L&rsquo;\u00e9tude des rapports r\u00e9dig\u00e9s apr\u00e8s la guerre par des ing\u00e9nieurs militaires a permis de comprendre un peu mieux les techniques mises en \u0153uvre par les pionniers allemands, second\u00e9s dans la r\u00e9alisation des travaux peu techniques par l&rsquo;infanterie ou des prisonniers de guerre russes. C\u00f4t\u00e9 alli\u00e9, les archives t\u00e9moignent d&rsquo;une forme de pragmatisme dans les techniques de construction puis, dans un second temps, d&rsquo;une industrialisation du processus avec l&rsquo;\u00e9laboration de mod\u00e8les \u00e0 base d\u2019\u00e9l\u00e9ments pr\u00e9fabriqu\u00e9s (mod\u00e8le Moir par exemple). Les documents permettent \u00e9galement de d\u00e9crire la cha\u00eene d&rsquo;approvisionnement en mat\u00e9riaux n\u00e9cessaires \u00e0 cette politique de travaux. L&rsquo;importance quantitative des abris en b\u00e9ton subsistant et les questions relatives aux techniques de construction r\u00e9v\u00e8lent donc la dimension industrielle de la Premi\u00e8re Guerre Mondiale. Elles d\u00e9voilent \u00e9galement un aspect de la vie du soldat au front\u00a0: le travail quotidien. Elles confirment ainsi les conclusions publi\u00e9es dans <a href=\"http:\/\/gallica.bnf.fr\/ark:\/12148\/bpt6k6556416w\" target=\"_blank\" rel=\"noopener noreferrer\">l\u2019\u00e9dition de janvier 1918 du Manuel du Chef de Section d\u2019Infanterie<\/a> :\u00a0\u00ab <em>Le soldat est \u00e0 la fois un combattant et un travailleur. Il se sert de son fusil quelques fois, de son outil tous les jours<\/em> \u00bb.<\/p>\n<p style=\"text-align: justify;\">En questionnant l\u2019histoire des abris en b\u00e9ton, le livre et l\u2019exposition \u00ab\u00a0Fortifications 14-18\u00a0\u00bb proposent une approche concr\u00e8te des diff\u00e9rentes facettes de la guerre de position entre 1914 et 1918.<\/p>\n<p style=\"text-align: justify;\">L\u2019exposition \u00ab\u00a0Fortifications 14-18\u00a0\u00bb sera install\u00e9e en plein air \u00e0 Illies (Nord), du 1<sup>er<\/sup> juin au 1<sup>er<\/sup> octobre 2017, sur un site offrant une forte concentration de \u00ab\u00a0blockhaus\u00a0\u00bb allemands. Quant au livre, d\u00e9taillant les principes de la fortification de campagne, la typologie des abris en b\u00e9ton et les techniques de construction \u00e0 l\u2019\u00e9chelle de la Flandre fran\u00e7aise, <a href=\"http:\/\/latb1418.free.fr\/wa_files\/Bon_20commande_20Livre_20Fortifications_2014-18.pdf\" target=\"_blank\" rel=\"noopener noreferrer\">il peut \u00eatre command\u00e9 directement aupr\u00e8s de l\u2019A.T.B.14-18<\/a><\/p>\n<p style=\"text-align: right;\">Bertrand Lecomte, ATB 14-18<\/p>\n<div class=\"sharedaddy sd-sharing-enabled\"><div class=\"robots-nocontent sd-block sd-social sd-social-icon sd-sharing\"><h3 class=\"sd-title\">Partager\u00a0:<\/h3><div class=\"sd-content\"><ul><li class=\"share-email\"><a rel=\"nofollow noopener noreferrer\" data-shared=\"\" class=\"share-email sd-button share-icon no-text\" href=\"https:\/\/sourcesdelagrandeguerre.fr\/?p=5080&amp;share=email\" target=\"_blank\" title=\"Cliquez pour envoyer par e-mail \u00e0 un ami\"><span><\/span><span class=\"sharing-screen-reader-text\">Cliquez pour envoyer par e-mail \u00e0 un ami(ouvre dans une nouvelle fen\u00eatre)<\/span><\/a><\/li><li class=\"share-facebook\"><a rel=\"nofollow noopener noreferrer\" data-shared=\"sharing-facebook-5080\" class=\"share-facebook sd-button share-icon no-text\" href=\"https:\/\/sourcesdelagrandeguerre.fr\/?p=5080&amp;share=facebook\" target=\"_blank\" title=\"Cliquez pour partager sur Facebook\"><span><\/span><span class=\"sharing-screen-reader-text\">Cliquez pour partager sur Facebook(ouvre dans une nouvelle fen\u00eatre)<\/span><\/a><\/li><li class=\"share-twitter\"><a rel=\"nofollow noopener noreferrer\" data-shared=\"sharing-twitter-5080\" class=\"share-twitter sd-button share-icon no-text\" href=\"https:\/\/sourcesdelagrandeguerre.fr\/?p=5080&amp;share=twitter\" target=\"_blank\" title=\"Cliquez pour partager sur Twitter\"><span><\/span><span class=\"sharing-screen-reader-text\">Cliquez pour partager sur Twitter(ouvre dans une nouvelle fen\u00eatre)<\/span><\/a><\/li><li class=\"share-linkedin\"><a rel=\"nofollow noopener noreferrer\" data-shared=\"sharing-linkedin-5080\" class=\"share-linkedin sd-button share-icon no-text\" href=\"https:\/\/sourcesdelagrandeguerre.fr\/?p=5080&amp;share=linkedin\" target=\"_blank\" title=\"Cliquez pour partager sur LinkedIn\"><span><\/span><span class=\"sharing-screen-reader-text\">Cliquez pour partager sur LinkedIn(ouvre dans une nouvelle fen\u00eatre)<\/span><\/a><\/li><li class=\"share-print\"><a rel=\"nofollow noopener noreferrer\" data-shared=\"\" class=\"share-print sd-button share-icon no-text\" href=\"https:\/\/sourcesdelagrandeguerre.fr\/?p=5080\" target=\"_blank\" title=\"Cliquer pour imprimer\"><span><\/span><span class=\"sharing-screen-reader-text\">Cliquer pour imprimer(ouvre dans une nouvelle fen\u00eatre)<\/span><\/a><\/li><li class=\"share-end\"><\/li><\/ul><\/div><\/div><\/div>","protected":false},"excerpt":{"rendered":"<p>Les zones touch\u00e9es par la Premi\u00e8re Guerre Mondiale conservent encore de nombreux t\u00e9moignages des combats. Les cimeti\u00e8res militaires et les m\u00e9moriaux, d\u00e9finitivement \u00e9labor\u00e9s dans l\u2019apr\u00e8s-guerre, sont les plus remarquables. D\u2019autres \u00e9l\u00e9ments, disposant d\u2019un fort potentiel d\u2019\u00e9vocation, sont \u00e9galement \u00e0 signaler. Il s\u2019agit des traces ou des vestiges de l\u2019activit\u00e9 guerri\u00e8re, dispers\u00e9s dans les paysages de l\u2019ancien champ de bataille. Les \u00ab\u00a0blockhaus\u00a0\u00bb occupent une place majeure dans cette cat\u00e9gorie, notamment en Flandre fran\u00e7aise. Ces ouvrages d&rsquo;architecture militaire, construits en b\u00e9ton arm\u00e9 pour fortifier les positions, constituent aujourd&rsquo;hui un patrimoine relativement important du point de vue quantitatif. \u00c9difi\u00e9s par milliers pour prot\u00e9ger les hommes et mat\u00e9riels durant la guerre de position, ils devaient tous dispara\u00eetre lors de la remise en \u00e9tat des terrains qui a suivi le conflit. Cependant, pour des raisons techniques ou pratiques, beaucoup ont \u00e9chapp\u00e9 au d\u00e9mant\u00e8lement, permettant aujourd&rsquo;hui, au promeneur averti, une exploration historique tr\u00e8s concr\u00e8te. Si certains sont pr\u00e9sents au milieu des champs, d&rsquo;autres sont dissimul\u00e9s dans l&rsquo;\u00e9paisseur des haies, dans des jardins priv\u00e9s, sous le couvert de taillis ou carr\u00e9ment incorpor\u00e9s dans la structure d&rsquo;habitations\u00a0! Les auteurs du livre et les b\u00e9n\u00e9voles de l&rsquo;A.T.B.14-18 (une association valorisant l&rsquo;histoire et la m\u00e9moire de la Premi\u00e8re Guerre Mondiale&#8230;<\/p>\n<div class=\"sharedaddy sd-sharing-enabled\"><div class=\"robots-nocontent sd-block sd-social sd-social-icon sd-sharing\"><h3 class=\"sd-title\">Partager\u00a0:<\/h3><div class=\"sd-content\"><ul><li class=\"share-email\"><a rel=\"nofollow noopener noreferrer\" data-shared=\"\" class=\"share-email sd-button share-icon no-text\" href=\"https:\/\/sourcesdelagrandeguerre.fr\/?p=5080&amp;share=email\" target=\"_blank\" title=\"Cliquez pour envoyer par e-mail \u00e0 un ami\"><span><\/span><span class=\"sharing-screen-reader-text\">Cliquez pour envoyer par e-mail \u00e0 un ami(ouvre dans une nouvelle fen\u00eatre)<\/span><\/a><\/li><li class=\"share-facebook\"><a rel=\"nofollow noopener noreferrer\" data-shared=\"sharing-facebook-5080\" class=\"share-facebook sd-button share-icon no-text\" href=\"https:\/\/sourcesdelagrandeguerre.fr\/?p=5080&amp;share=facebook\" target=\"_blank\" title=\"Cliquez pour partager sur Facebook\"><span><\/span><span class=\"sharing-screen-reader-text\">Cliquez pour partager sur Facebook(ouvre dans une nouvelle fen\u00eatre)<\/span><\/a><\/li><li class=\"share-twitter\"><a rel=\"nofollow noopener noreferrer\" data-shared=\"sharing-twitter-5080\" class=\"share-twitter sd-button share-icon no-text\" href=\"https:\/\/sourcesdelagrandeguerre.fr\/?p=5080&amp;share=twitter\" target=\"_blank\" title=\"Cliquez pour partager sur Twitter\"><span><\/span><span class=\"sharing-screen-reader-text\">Cliquez pour partager sur Twitter(ouvre dans une nouvelle fen\u00eatre)<\/span><\/a><\/li><li class=\"share-linkedin\"><a rel=\"nofollow noopener noreferrer\" data-shared=\"sharing-linkedin-5080\" class=\"share-linkedin sd-button share-icon no-text\" href=\"https:\/\/sourcesdelagrandeguerre.fr\/?p=5080&amp;share=linkedin\" target=\"_blank\" title=\"Cliquez pour partager sur LinkedIn\"><span><\/span><span class=\"sharing-screen-reader-text\">Cliquez pour partager sur LinkedIn(ouvre dans une nouvelle fen\u00eatre)<\/span><\/a><\/li><li class=\"share-print\"><a rel=\"nofollow noopener noreferrer\" data-shared=\"\" class=\"share-print sd-button share-icon no-text\" href=\"https:\/\/sourcesdelagrandeguerre.fr\/?p=5080\" target=\"_blank\" title=\"Cliquer pour imprimer\"><span><\/span><span class=\"sharing-screen-reader-text\">Cliquer pour imprimer(ouvre dans une nouvelle fen\u00eatre)<\/span><\/a><\/li><li class=\"share-end\"><\/li><\/ul><\/div><\/div><\/div>","protected":false},"author":1,"featured_media":5081,"comment_status":"open","ping_status":"open","sticky":false,"template":"","format":"standard","meta":{"spay_email":"","jetpack_publicize_message":"","jetpack_is_tweetstorm":false,"jetpack_publicize_feature_enabled":true},"categories":[1],"tags":[],"jetpack_featured_media_url":"https:\/\/sourcesdelagrandeguerre.fr\/WordPress3\/wp-content\/uploads\/2017\/04\/Couverture.jpg","jetpack_publicize_connections":[],"jetpack_shortlink":"https:\/\/wp.me\/p2bYSy-1jW","jetpack_sharing_enabled":true,"_links":{"self":[{"href":"https:\/\/sourcesdelagrandeguerre.fr\/index.php?rest_route=\/wp\/v2\/posts\/5080"}],"collection":[{"href":"https:\/\/sourcesdelagrandeguerre.fr\/index.php?rest_route=\/wp\/v2\/posts"}],"about":[{"href":"https:\/\/sourcesdelagrandeguerre.fr\/index.php?rest_route=\/wp\/v2\/types\/post"}],"author":[{"embeddable":true,"href":"https:\/\/sourcesdelagrandeguerre.fr\/index.php?rest_route=\/wp\/v2\/users\/1"}],"replies":[{"embeddable":true,"href":"https:\/\/sourcesdelagrandeguerre.fr\/index.php?rest_route=%2Fwp%2Fv2%2Fcomments&post=5080"}],"version-history":[{"count":6,"href":"https:\/\/sourcesdelagrandeguerre.fr\/index.php?rest_route=\/wp\/v2\/posts\/5080\/revisions"}],"predecessor-version":[{"id":5191,"href":"https:\/\/sourcesdelagrandeguerre.fr\/index.php?rest_route=\/wp\/v2\/posts\/5080\/revisions\/5191"}],"wp:featuredmedia":[{"embeddable":true,"href":"https:\/\/sourcesdelagrandeguerre.fr\/index.php?rest_route=\/wp\/v2\/media\/5081"}],"wp:attachment":[{"href":"https:\/\/sourcesdelagrandeguerre.fr\/index.php?rest_route=%2Fwp%2Fv2%2Fmedia&parent=5080"}],"wp:term":[{"taxonomy":"category","embeddable":true,"href":"https:\/\/sourcesdelagrandeguerre.fr\/index.php?rest_route=%2Fwp%2Fv2%2Fcategories&post=5080"},{"taxonomy":"post_tag","embeddable":true,"href":"https:\/\/sourcesdelagrandeguerre.fr\/index.php?rest_route=%2Fwp%2Fv2%2Ftags&post=5080"}],"curies":[{"name":"wp","href":"https:\/\/api.w.org\/{rel}","templated":true}]}}