{"id":61,"date":"2012-02-02T08:47:57","date_gmt":"2012-02-02T07:47:57","guid":{"rendered":"http:\/\/sourcesdelagrandeguerre.fr\/WordPress3\/?p=61"},"modified":"2012-02-03T14:13:58","modified_gmt":"2012-02-03T13:13:58","slug":"le-rapport-de-prefiguration-du-centenaire","status":"publish","type":"post","link":"https:\/\/sourcesdelagrandeguerre.fr\/?p=61","title":{"rendered":"Le rapport de pr\u00e9figuration du centenaire"},"content":{"rendered":"<p style=\"text-align: justify;\"><a href=\"http:\/\/sourcesdelagrandeguerre.fr\/WordPress3\/wp-content\/uploads\/2012\/02\/Foch-Joffre-victoire1.jpg\"><img data-attachment-id=\"75\" data-permalink=\"https:\/\/sourcesdelagrandeguerre.fr\/?attachment_id=75\" data-orig-file=\"https:\/\/sourcesdelagrandeguerre.fr\/WordPress3\/wp-content\/uploads\/2012\/02\/Foch-Joffre-victoire1.jpg\" data-orig-size=\"1044,1659\" data-comments-opened=\"1\" data-image-meta=\"{&quot;aperture&quot;:&quot;0&quot;,&quot;credit&quot;:&quot;Michat&quot;,&quot;camera&quot;:&quot;&quot;,&quot;caption&quot;:&quot;Les mar\\u00e9chaux Joffre et Foch en t\\u00eate du d\\u00e9fil\\u00e9 de la victoire \\u00e0 Paris, le 14 juillet 1919&quot;,&quot;created_timestamp&quot;:&quot;0&quot;,&quot;copyright&quot;:&quot;&quot;,&quot;focal_length&quot;:&quot;0&quot;,&quot;iso&quot;:&quot;0&quot;,&quot;shutter_speed&quot;:&quot;0&quot;,&quot;title&quot;:&quot;Foch Joffre 14 juillet 1919&quot;}\" data-image-title=\"Les mar\u00e9chaux Joffre et Foch en t\u00eate du d\u00e9fil\u00e9 de la victoire \u00e0 Paris, le 14 juillet 1919\" data-image-description=\"&lt;p&gt;Les mar\u00e9chaux Joffre et Foch en t\u00eate du d\u00e9fil\u00e9 de la victoire \u00e0 Paris, le 14 juillet 1919&lt;\/p&gt;\n\" data-image-caption=\"\" data-medium-file=\"https:\/\/sourcesdelagrandeguerre.fr\/WordPress3\/wp-content\/uploads\/2012\/02\/Foch-Joffre-victoire1-188x300.jpg\" data-large-file=\"https:\/\/sourcesdelagrandeguerre.fr\/WordPress3\/wp-content\/uploads\/2012\/02\/Foch-Joffre-victoire1-644x1024.jpg\" decoding=\"async\" loading=\"lazy\" class=\"alignleft  wp-image-75\" title=\"Les mar\u00e9chaux Joffre et Foch en t\u00eate du d\u00e9fil\u00e9 de la victoire \u00e0 Paris, le 14 juillet 1919\" src=\"http:\/\/sourcesdelagrandeguerre.fr\/WordPress3\/wp-content\/uploads\/2012\/02\/Foch-Joffre-victoire1-188x300.jpg\" alt=\"\" width=\"208\" height=\"317\" \/><\/a><\/p>\n<p style=\"text-align: justify;\">Le 11 novembre 2011, un rapport de pr\u00e9figuration du <strong>centenaire<\/strong> de la Premi\u00e8re Guerre mondiale intitul\u00e9<em><strong> <a title=\"Le rapport sur le site du minist\u00e8re de la D\u00e9fense\" href=\"http:\/\/www.defense.gouv.fr\/actualites\/memoire-et-culture\/prefiguration-des-commemorations-du-centenaire-de-la-premiere-guerre-mondiale\" target=\"_blank\">Comm\u00e9morer la Grande Guerre (2014-2020) : propositions pour un centenaire international<\/a><\/strong><\/em>, sign\u00e9 par Joseph Zimet (Direction de m\u00e9moire, du patrimoine et des archives), a \u00e9t\u00e9 remis au pr\u00e9sident de la R\u00e9publique. Le centenaire doit \u00eatre \u00ab <em>une nouvelle pierre ajout\u00e9e au singulier \u00e9difice m\u00e9moriel b\u00e2ti par les Fran\u00e7ais<\/em> \u00bb (p. 10).<\/p>\n<p style=\"text-align: justify;\">Ce rapport d\u2019une centaine de pages donne les premi\u00e8res orientations en mati\u00e8re de financement, de gouvernance, de projets scientifiques et de calendrier. Pour la France, les enjeux sont internationaux, culturels, \u00e9ducatifs, \u00e9conomiques et sociaux, etc.<\/p>\n<p style=\"text-align: justify;\">Parmi les projets envisag\u00e9s, il y a l\u2019inscription au patrimoine mondial de l\u2019Humanit\u00e9 des principaux paysages et sites de m\u00e9moire de la Grande Guerre. Un premier programme a d\u00e9j\u00e0 \u00e9t\u00e9 \u00e9tabli pour l\u2019ann\u00e9e 2014, celle de \u00ab la lev\u00e9e de rideau du 100e anniversaire \u00bb. Elle sera marqu\u00e9e par six grands rendez-vous (voir p. 14), parmi lesquels l\u2019entr\u00e9e au Panth\u00e9on de Maurice Genevoix le 11 novembre 2014. Pour mettre en \u0153uvre le programme comm\u00e9moratif du centenaire de la Premi\u00e8re Guerre mondiale, une mission interminist\u00e9rielle doit \u00eatre cr\u00e9\u00e9e au d\u00e9but de cette ann\u00e9e 2012.<\/p>\n<p style=\"text-align: justify;\">La <strong>num\u00e9risation<\/strong> et la <strong>valorisation<\/strong> des sources sont au programme. On peut citer :<br \/>\n\u2022\u00a0\u00a0 \u00a0La publication d\u2019un guide des sources de la Premi\u00e8re Guerre mondiale.<br \/>\n\u2022\u00a0\u00a0 \u00a0La publication des documents diplomatiques fran\u00e7ais pour la p\u00e9riode 1915-1920.<br \/>\n\u2022\u00a0\u00a0 \u00a0La num\u00e9risation et la mise en ligne des archives individuelles de la Grande Guerre : les fiches matricules, conserv\u00e9es dans la sous-s\u00e9rie 1 R des archives d\u00e9partementales.<br \/>\n\u2022\u00a0\u00a0 \u00a0La valorisation des fonds d\u2019archives et des collections du minist\u00e8re de la D\u00e9fense : mise en ligne des 106 volumes des Arm\u00e9es fran\u00e7aises dans la Grande Guerre ; publication d\u2019une s\u00e9lection de document militaires fran\u00e7ais, projet d\u2019une exposition sur la cartographie du front.<br \/>\n\u2022\u00a0\u00a0\u00a0 A l\u2019ECPAD, ach\u00e8vement de la num\u00e9risation des photographies de la section photographique de l\u2019arm\u00e9e (90 000 plaques de verres) et num\u00e9risation des fonds priv\u00e9s de la Premi\u00e8re Guerre mondiale (15 200 photographies). En outre, l\u2019ECPAD doit accompagner d\u2019autres \u00e9tablissements dans la sauvegarde de leurs fonds d\u2019archives photographiques ayant trait \u00e0 la Premi\u00e8re Guerre mondiale.<br \/>\n\u2022\u00a0\u00a0 \u00a0L\u2019implication de la Biblioth\u00e8que nationale dans le grand projet de num\u00e9risation des documents de la Grande Guerre (Europeana 1914-1918).<\/p>\n<div class=\"sharedaddy sd-sharing-enabled\"><div class=\"robots-nocontent sd-block sd-social sd-social-icon sd-sharing\"><h3 class=\"sd-title\">Partager\u00a0:<\/h3><div class=\"sd-content\"><ul><li class=\"share-email\"><a rel=\"nofollow noopener noreferrer\" data-shared=\"\" class=\"share-email sd-button share-icon no-text\" href=\"https:\/\/sourcesdelagrandeguerre.fr\/?p=61&amp;share=email\" target=\"_blank\" title=\"Cliquez pour envoyer par e-mail \u00e0 un ami\"><span><\/span><span class=\"sharing-screen-reader-text\">Cliquez pour envoyer par e-mail \u00e0 un ami(ouvre dans une nouvelle fen\u00eatre)<\/span><\/a><\/li><li class=\"share-facebook\"><a rel=\"nofollow noopener noreferrer\" data-shared=\"sharing-facebook-61\" class=\"share-facebook sd-button share-icon no-text\" href=\"https:\/\/sourcesdelagrandeguerre.fr\/?p=61&amp;share=facebook\" target=\"_blank\" title=\"Cliquez pour partager sur Facebook\"><span><\/span><span class=\"sharing-screen-reader-text\">Cliquez pour partager sur Facebook(ouvre dans une nouvelle fen\u00eatre)<\/span><\/a><\/li><li class=\"share-twitter\"><a rel=\"nofollow noopener noreferrer\" data-shared=\"sharing-twitter-61\" class=\"share-twitter sd-button share-icon no-text\" href=\"https:\/\/sourcesdelagrandeguerre.fr\/?p=61&amp;share=twitter\" target=\"_blank\" title=\"Cliquez pour partager sur Twitter\"><span><\/span><span class=\"sharing-screen-reader-text\">Cliquez pour partager sur Twitter(ouvre dans une nouvelle fen\u00eatre)<\/span><\/a><\/li><li class=\"share-linkedin\"><a rel=\"nofollow noopener noreferrer\" data-shared=\"sharing-linkedin-61\" class=\"share-linkedin sd-button share-icon no-text\" href=\"https:\/\/sourcesdelagrandeguerre.fr\/?p=61&amp;share=linkedin\" target=\"_blank\" title=\"Cliquez pour partager sur LinkedIn\"><span><\/span><span class=\"sharing-screen-reader-text\">Cliquez pour partager sur LinkedIn(ouvre dans une nouvelle fen\u00eatre)<\/span><\/a><\/li><li class=\"share-print\"><a rel=\"nofollow noopener noreferrer\" data-shared=\"\" class=\"share-print sd-button share-icon no-text\" href=\"https:\/\/sourcesdelagrandeguerre.fr\/?p=61\" target=\"_blank\" title=\"Cliquer pour imprimer\"><span><\/span><span class=\"sharing-screen-reader-text\">Cliquer pour imprimer(ouvre dans une nouvelle fen\u00eatre)<\/span><\/a><\/li><li class=\"share-end\"><\/li><\/ul><\/div><\/div><\/div>","protected":false},"excerpt":{"rendered":"<p>Le 11 novembre 2011, un rapport de pr\u00e9figuration du centenaire de la Premi\u00e8re Guerre mondiale intitul\u00e9 Comm\u00e9morer la Grande Guerre (2014-2020) : propositions pour un centenaire international, sign\u00e9 par Joseph Zimet (Direction de m\u00e9moire, du patrimoine et des archives), a \u00e9t\u00e9 remis au pr\u00e9sident de la R\u00e9publique. Le centenaire doit \u00eatre \u00ab une nouvelle pierre ajout\u00e9e au singulier \u00e9difice m\u00e9moriel b\u00e2ti par les Fran\u00e7ais \u00bb (p. 10). Ce rapport d\u2019une centaine de pages donne les premi\u00e8res orientations en mati\u00e8re de financement, de gouvernance, de projets scientifiques et de calendrier. Pour la France, les enjeux sont internationaux, culturels, \u00e9ducatifs, \u00e9conomiques et sociaux, etc. Parmi les projets envisag\u00e9s, il y a l\u2019inscription au patrimoine mondial de l\u2019Humanit\u00e9 des principaux paysages et sites de m\u00e9moire de la Grande Guerre. Un premier programme a d\u00e9j\u00e0 \u00e9t\u00e9 \u00e9tabli pour l\u2019ann\u00e9e 2014, celle de \u00ab la lev\u00e9e de rideau du 100e anniversaire \u00bb. Elle sera marqu\u00e9e par six grands rendez-vous (voir p. 14), parmi lesquels l\u2019entr\u00e9e au Panth\u00e9on de Maurice Genevoix le 11 novembre 2014. Pour mettre en \u0153uvre le programme comm\u00e9moratif du centenaire de la Premi\u00e8re Guerre mondiale, une mission interminist\u00e9rielle doit \u00eatre cr\u00e9\u00e9e au d\u00e9but de cette ann\u00e9e 2012. La num\u00e9risation et la valorisation&#8230;<\/p>\n<div class=\"sharedaddy sd-sharing-enabled\"><div class=\"robots-nocontent sd-block sd-social sd-social-icon sd-sharing\"><h3 class=\"sd-title\">Partager\u00a0:<\/h3><div class=\"sd-content\"><ul><li class=\"share-email\"><a rel=\"nofollow noopener noreferrer\" data-shared=\"\" class=\"share-email sd-button share-icon no-text\" href=\"https:\/\/sourcesdelagrandeguerre.fr\/?p=61&amp;share=email\" target=\"_blank\" title=\"Cliquez pour envoyer par e-mail \u00e0 un ami\"><span><\/span><span class=\"sharing-screen-reader-text\">Cliquez pour envoyer par e-mail \u00e0 un ami(ouvre dans une nouvelle fen\u00eatre)<\/span><\/a><\/li><li class=\"share-facebook\"><a rel=\"nofollow noopener noreferrer\" data-shared=\"sharing-facebook-61\" class=\"share-facebook sd-button share-icon no-text\" href=\"https:\/\/sourcesdelagrandeguerre.fr\/?p=61&amp;share=facebook\" target=\"_blank\" title=\"Cliquez pour partager sur Facebook\"><span><\/span><span class=\"sharing-screen-reader-text\">Cliquez pour partager sur Facebook(ouvre dans une nouvelle fen\u00eatre)<\/span><\/a><\/li><li class=\"share-twitter\"><a rel=\"nofollow noopener noreferrer\" data-shared=\"sharing-twitter-61\" class=\"share-twitter sd-button share-icon no-text\" href=\"https:\/\/sourcesdelagrandeguerre.fr\/?p=61&amp;share=twitter\" target=\"_blank\" title=\"Cliquez pour partager sur Twitter\"><span><\/span><span class=\"sharing-screen-reader-text\">Cliquez pour partager sur Twitter(ouvre dans une nouvelle fen\u00eatre)<\/span><\/a><\/li><li class=\"share-linkedin\"><a rel=\"nofollow noopener noreferrer\" data-shared=\"sharing-linkedin-61\" class=\"share-linkedin sd-button share-icon no-text\" href=\"https:\/\/sourcesdelagrandeguerre.fr\/?p=61&amp;share=linkedin\" target=\"_blank\" title=\"Cliquez pour partager sur LinkedIn\"><span><\/span><span class=\"sharing-screen-reader-text\">Cliquez pour partager sur LinkedIn(ouvre dans une nouvelle fen\u00eatre)<\/span><\/a><\/li><li class=\"share-print\"><a rel=\"nofollow noopener noreferrer\" data-shared=\"\" class=\"share-print sd-button share-icon no-text\" href=\"https:\/\/sourcesdelagrandeguerre.fr\/?p=61\" target=\"_blank\" title=\"Cliquer pour imprimer\"><span><\/span><span class=\"sharing-screen-reader-text\">Cliquer pour imprimer(ouvre dans une nouvelle fen\u00eatre)<\/span><\/a><\/li><li class=\"share-end\"><\/li><\/ul><\/div><\/div><\/div>","protected":false},"author":1,"featured_media":0,"comment_status":"open","ping_status":"open","sticky":false,"template":"","format":"standard","meta":{"spay_email":"","jetpack_publicize_message":"","jetpack_is_tweetstorm":false,"jetpack_publicize_feature_enabled":true},"categories":[4,23,18,13,24],"tags":[29,10,28],"jetpack_featured_media_url":"","jetpack_publicize_connections":[],"jetpack_shortlink":"https:\/\/wp.me\/p2bYSy-Z","jetpack_sharing_enabled":true,"_links":{"self":[{"href":"https:\/\/sourcesdelagrandeguerre.fr\/index.php?rest_route=\/wp\/v2\/posts\/61"}],"collection":[{"href":"https:\/\/sourcesdelagrandeguerre.fr\/index.php?rest_route=\/wp\/v2\/posts"}],"about":[{"href":"https:\/\/sourcesdelagrandeguerre.fr\/index.php?rest_route=\/wp\/v2\/types\/post"}],"author":[{"embeddable":true,"href":"https:\/\/sourcesdelagrandeguerre.fr\/index.php?rest_route=\/wp\/v2\/users\/1"}],"replies":[{"embeddable":true,"href":"https:\/\/sourcesdelagrandeguerre.fr\/index.php?rest_route=%2Fwp%2Fv2%2Fcomments&post=61"}],"version-history":[{"count":26,"href":"https:\/\/sourcesdelagrandeguerre.fr\/index.php?rest_route=\/wp\/v2\/posts\/61\/revisions"}],"predecessor-version":[{"id":140,"href":"https:\/\/sourcesdelagrandeguerre.fr\/index.php?rest_route=\/wp\/v2\/posts\/61\/revisions\/140"}],"wp:attachment":[{"href":"https:\/\/sourcesdelagrandeguerre.fr\/index.php?rest_route=%2Fwp%2Fv2%2Fmedia&parent=61"}],"wp:term":[{"taxonomy":"category","embeddable":true,"href":"https:\/\/sourcesdelagrandeguerre.fr\/index.php?rest_route=%2Fwp%2Fv2%2Fcategories&post=61"},{"taxonomy":"post_tag","embeddable":true,"href":"https:\/\/sourcesdelagrandeguerre.fr\/index.php?rest_route=%2Fwp%2Fv2%2Ftags&post=61"}],"curies":[{"name":"wp","href":"https:\/\/api.w.org\/{rel}","templated":true}]}}